{"id":47402,"date":"2024-07-23T12:32:25","date_gmt":"2024-07-23T09:32:25","guid":{"rendered":"https:\/\/emlaktuel.com\/?p=47402"},"modified":"2024-07-23T12:32:25","modified_gmt":"2024-07-23T09:32:25","slug":"albayrak-beton-simdi-de-mesamin-yeni-binasinin-ihalesini-kazandi","status":"publish","type":"post","link":"https:\/\/emlaktuel.com\/?p=47402","title":{"rendered":"Albayrak Beton, \u015fimdi de MESAM\u2019\u0131n yeni binas\u0131n\u0131n ihalesini kazand\u0131"},"content":{"rendered":"<p>Albayrak Beton, \u015fimdi de<br \/>\nMESAM\u2019\u0131n yeni binas\u0131n\u0131n ihalesini kazand\u0131<\/p>\n<p>Nitelikli alt yap\u0131 ve \u00fcst yap\u0131 projelerinde imzas\u0131 bulunan Albayrak Beton, MESAM\u2019\u0131n \u015ei\u015fli\u2019deki yeni y\u00f6netim binas\u0131n\u0131n yap\u0131m\u0131 ihalesini kazand\u0131. Yat\u0131r\u0131m de\u011feri 170 milyon TL olarak a\u00e7\u0131klanan binan\u0131n, en ge\u00e7 bir y\u0131l i\u00e7erisinde teslim edilmesi planlan\u0131yor.<\/p>\n<p>Metrolardan kamu binalar\u0131na, alt yap\u0131dan e\u011fitim kurumlar\u0131na ve nitelikli gayrimenkul projelerine kadar geni\u015f bir yelpazede hizmet veren Albayrak Beton, \u015fimdi de m\u00fczik eserleri alan\u0131nda faaliyet g\u00f6steren ilk meslek kurulu\u015fu \u2018T\u00fcrkiye Musiki Eseri Sahipleri Meslek Birli\u011fi\u2019nin (MESAM) y\u00f6netim binas\u0131 ihalesini kazand\u0131.<\/p>\n<p>Albayrak Beton, ge\u00e7ti\u011fimiz may\u0131s ay\u0131nda MESAM\u2019\u0131n web sitesinde ilan edilen ve 25 Haziran\u2019da d\u00fczenlenen ihalenin sahibi oldu. Kapal\u0131 zarf us\u00fcl\u00fc ger\u00e7ekle\u015fen ihaleye sekiz firma kat\u0131l\u0131m g\u00f6sterdi.<br \/>\n\u0130hale s\u00fcreci ile ilgili k\u0131sa bir a\u00e7\u0131klama yapan Albayrak Beton Y\u00f6netim Kurulu Ba\u015fkan\u0131 Erdal Albayrak, 170 milyon liraya s\u00f6zle\u015fmeyi imzalad\u0131klar\u0131n\u0131 duyurdu. Albayrak \u201cT\u00fcrkiye\u2019nin g\u00f6z bebe\u011fi bir kurumun i\u015fini alm\u0131\u015f olmaktan mutluluk duyuyoruz. MESAM\u2019\u0131n \u015ei\u015fli\u2019deki bina ihalesine teklif verdik. \u0130haleye Kefelio\u011flu \u0130n\u015faat ile adi ortakl\u0131k s\u00f6zle\u015fmesi kapsam\u0131nda ve y\u00fczde 50 finansal ortakl\u0131kla girdik. \u0130\u015f takibi de bu \u015fekilde yap\u0131lacak. Bu ay i\u00e7erisinde mobilizasyon ile in\u015faata ba\u015flamay\u0131 planl\u0131yoruz ve 12 ay i\u00e7erisinde de teslim edece\u011fiz. Binay\u0131 zaman\u0131nda, belki de zaman\u0131ndan \u00f6nce s\u00f6zle\u015fme h\u00fck\u00fcmlerine uygun \u015fekilde teslim etmeyi hedefliyoruz\u201d diye konu\u015ftu.<br \/>\nDokuz katl\u0131 olarak in\u015fa edilecek<br \/>\n\u0130stanbul \u015ei\u015fli\u2019de Prof. Dr. B\u00fclent Tarcan Caddesi \u00fczerinde konumlanacak olan MESAM\u2019\u0131n yeni binas\u0131 yakla\u015f\u0131k 3 bin metrekarelik bir in\u015faat alan\u0131na sahip bulunuyor. Bina, d\u00f6rt bodrum kat ve be\u015f normal kattan olu\u015fan dokuz katl\u0131 tek bir bloktan meydana geliyor. Betonarme karkas yap\u0131dan olu\u015facak binan\u0131n cephesinde porselen seramik, yar\u0131 kapakl\u0131 cephe sistemi ve kenet kaplama beraber kullan\u0131lacak.<br \/>\nBina tamamland\u0131\u011f\u0131nda 126 ki\u015fi kapasiteli bir konferans salonu, ofis katlar\u0131 ve bir y\u00f6netim kat\u0131na sahip olacak. \u00d6zel detaylarla \u00e7\u00f6z\u00fcmlenen projede, akustik tavan ve duvar panelleri, cam panel ofis b\u00f6lmeleri ve 1\u2019nci s\u0131n\u0131f malzemeler kullan\u0131lacak.<\/p>\n<h2>\u0130svi\u00e7re merkezli CSC sertifikas\u0131yla belgelendirildi<\/h2>\n<p>Son olarak Albayrak Beton\u2019un Yenido\u011fan Haz\u0131r Beton Tesisi, T\u00fcrkiye Haz\u0131r Beton Birli\u011fi\u2019nin \u00fcr\u00fcn belgelendirme kurulu\u015fu Kalite G\u00fcvence Sistemi (KGS)\u2019nin yapt\u0131\u011f\u0131 denetimler sonucunda&nbsp;\u0130svi\u00e7re merkezli CSC sertifikas\u0131yla \u2018alt\u0131n\u2019 seviyesinde belgelendirildi.<\/p>\n<p>Kuruldu\u011fu g\u00fcnden bu yana in\u015faat sekt\u00f6r\u00fcne hizmet veren Albayrak Beton, 40 y\u0131l boyunca edindi\u011fi tecr\u00fcbe ve bilgi birikimini haz\u0131r beton \u00fcretimi ve gayrimenkul sekt\u00f6rlerinde daha da de\u011ferli hale getirdi. Albayrak Beton, \u0130stanbul metrolar\u0131ndan kamu binalar\u0131na, alt yap\u0131dan e\u011fitim kurumlar\u0131na ve kendi in\u015faat projeleri de dahil olmak \u00fczere nitelikli gayrimenkul projelerine kadar geni\u015f bir yelpazede hizmet veriyor. Yat\u0131r\u0131mlar\u0131na aral\u0131ks\u0131z devam eden Albayrak Beton, d\u00f6rt haz\u0131r beton santralinde y\u0131ll\u0131k 1,5 milyon metrek\u00fcp beton \u00fcretim kapasitesi ve 111 ara\u00e7l\u0131k makine park\u0131yla faaliyetlerini s\u00fcrd\u00fcr\u00fcyor.<\/p>\n<p>www.albayrakbeton.com.tr<\/p>\n","protected":false},"excerpt":{"rendered":"<p>Albayrak Beton, \u015fimdi de MESAM\u2019\u0131n yeni binas\u0131n\u0131n ihalesini kazand\u0131 Nitelikli alt yap\u0131 ve \u00fcst yap\u0131 projelerinde imzas\u0131 bulunan Albayrak Beton, MESAM\u2019\u0131n \u015ei\u015fli\u2019deki yeni y\u00f6netim binas\u0131n\u0131n yap\u0131m\u0131 ihalesini kazand\u0131. Yat\u0131r\u0131m de\u011feri 170 milyon TL olarak a\u00e7\u0131klanan binan\u0131n, en ge\u00e7 bir y\u0131l i\u00e7erisinde teslim edilmesi planlan\u0131yor. Metrolardan kamu binalar\u0131na, alt yap\u0131dan e\u011fitim kurumlar\u0131na ve nitelikli gayrimenkul projelerine [&hellip;]<\/p>\n","protected":false},"author":1,"featured_media":47404,"comment_status":"open","ping_status":"open","sticky":false,"template":"","format":"standard","meta":{"ngg_post_thumbnail":0},"categories":[5388],"tags":[],"_links":{"self":[{"href":"https:\/\/emlaktuel.com\/index.php?rest_route=\/wp\/v2\/posts\/47402"}],"collection":[{"href":"https:\/\/emlaktuel.com\/index.php?rest_route=\/wp\/v2\/posts"}],"about":[{"href":"https:\/\/emlaktuel.com\/index.php?rest_route=\/wp\/v2\/types\/post"}],"author":[{"embeddable":true,"href":"https:\/\/emlaktuel.com\/index.php?rest_route=\/wp\/v2\/users\/1"}],"replies":[{"embeddable":true,"href":"https:\/\/emlaktuel.com\/index.php?rest_route=%2Fwp%2Fv2%2Fcomments&post=47402"}],"version-history":[{"count":1,"href":"https:\/\/emlaktuel.com\/index.php?rest_route=\/wp\/v2\/posts\/47402\/revisions"}],"predecessor-version":[{"id":47405,"href":"https:\/\/emlaktuel.com\/index.php?rest_route=\/wp\/v2\/posts\/47402\/revisions\/47405"}],"wp:featuredmedia":[{"embeddable":true,"href":"https:\/\/emlaktuel.com\/index.php?rest_route=\/wp\/v2\/media\/47404"}],"wp:attachment":[{"href":"https:\/\/emlaktuel.com\/index.php?rest_route=%2Fwp%2Fv2%2Fmedia&parent=47402"}],"wp:term":[{"taxonomy":"category","embeddable":true,"href":"https:\/\/emlaktuel.com\/index.php?rest_route=%2Fwp%2Fv2%2Fcategories&post=47402"},{"taxonomy":"post_tag","embeddable":true,"href":"https:\/\/emlaktuel.com\/index.php?rest_route=%2Fwp%2Fv2%2Ftags&post=47402"}],"curies":[{"name":"wp","href":"https:\/\/api.w.org\/{rel}","templated":true}]}}