{"id":47092,"date":"2024-06-02T13:12:44","date_gmt":"2024-06-02T10:12:44","guid":{"rendered":"https:\/\/emlaktuel.com\/?p=47092"},"modified":"2024-06-02T13:12:44","modified_gmt":"2024-06-02T10:12:44","slug":"karsan-ihracat-sampiyonlari-odullerinde-altin-plaketin-sahibi-oldui","status":"publish","type":"post","link":"https:\/\/emlaktuel.com\/?p=47092","title":{"rendered":"Karsan \u0130hracat \u015eampiyonlar\u0131 \u00d6d\u00fcllerinde Alt\u0131n Plaket\u2019in Sahibi Oldu!i"},"content":{"rendered":"<p>Karsan \u0130hracat \u015eampiyonlar\u0131 \u00d6d\u00fcllerinde<br \/>\nAlt\u0131n Plaket\u2019in Sahibi Oldu!<\/p>\n<p>T\u00fcrkiye Otomotiv \u0130hracat\u0131n\u0131 Gelece\u011fin Teknolojisine Elektrikli Karsan Ara\u00e7lar\u0131 Ta\u015f\u0131yor!<\/p>\n<p>T\u00fcrkiye\u2019nin Avrupa Elektrikli Toplu Ula\u015f\u0131m \u0130hracat\u0131n\u0131n Y\u00fczde 84\u2019\u00fcn\u00fc Karsan Ger\u00e7ekle\u015ftiriyor!<\/p>\n<p>D\u00fcnyada, toplu ula\u015f\u0131m\u0131n elektrikli ve otonom d\u00f6n\u00fc\u015f\u00fcm\u00fcnde \u00f6nc\u00fc rol oynayan Karsan, yenilik\u00e7i modelleri ve \u00fcst\u00fcn hizmet anlay\u0131\u015f\u0131yla dikkatleri \u00fczerine \u00e7ekmeye devam ediyor. \u0130novatif modelleriyle ba\u015fta Avrupa olmak \u00fczere global pazarda varl\u0131\u011f\u0131n\u0131 h\u0131zla art\u0131ran Karsan, T\u00fcrkiye\u2019nin ihracat\u0131ndaki a\u011f\u0131rl\u0131\u011f\u0131n\u0131 da art\u0131r\u0131yor. Bu kapsamda Otomotiv End\u00fcstrisi \u0130hracat\u00e7ilari Birli\u011fi (O\u0130B)\u2019nin d\u00fczenledi\u011fi \u201c\u0130hracat\u0131n \u015eampiyonlar\u0131 \u00d6d\u00fcl T\u00f6reni\u201dnde bu y\u0131l 30\u2019uncu s\u0131raya y\u00fckselen Karsan, \u201cAlt\u0131n Plaket\u201din de sahibi oldu. Karsan\u2019\u0131n ABD\u2019den Japonya\u2019ya kadar \u00e7ok geni\u015f bir co\u011frafyada toplu ula\u015f\u0131m\u0131n altyap\u0131s\u0131n\u0131 elektrikli ve otonom ara\u00e7lar\u0131yla yeniledi\u011fini s\u00f6yleyen Karsan CEO\u2019su Okan Ba\u015f, \u201cAvrupa\u2019da son 4 y\u0131ld\u0131r aral\u0131ks\u0131z olarak lider olan modellerimizle d\u00fcnya \u00e7ap\u0131ndaki ara\u00e7 park\u0131m\u0131z h\u0131zla geni\u015flemeye devam ediyor. Yeni teknolojiler ve kusursuz hizmet anlay\u0131\u015f\u0131m\u0131zla hem \u00fcretim hem de ihracattaki g\u00fcc\u00fcm\u00fcz\u00fc art\u0131rmaya devam edece\u011fiz. Bug\u00fcn itibar\u0131yla 23 \u00fclkede 1100\u2019\u00fcn \u00fczerinde Karsan elektrikli arac\u0131m\u0131z hizmet veriyor. Son 5 y\u0131l\u0131n geneline bak\u0131ld\u0131\u011f\u0131nda T\u00fcrkiye\u2019den Avrupa\u2019ya yap\u0131lan elektrikli otob\u00fcs ve minib\u00fcs ihracat\u0131n\u0131n y\u00fczde 84\u2019\u00fcn\u00fc tek ba\u015f\u0131na Karsan ger\u00e7ekle\u015ftiriyor. Bu asl\u0131nda Karsan modellerine d\u00fcnya \u00e7ap\u0131nda olan yo\u011fun ilginin de bir g\u00f6stergesi. Sadece elektrikli ara\u00e7 \u00fcreten bir marka olarak kalmay\u0131p, otonom teknolojisini ve ard\u0131ndan da gelece\u011fin trendi olarak g\u00f6r\u00fclen hidrojen teknolojisini ara\u00e7lar\u0131m\u0131za entegre ederek mobilite d\u00fcnyas\u0131na \u00f6nc\u00fcl\u00fck ediyoruz. Ara\u00e7lar\u0131m\u0131z\u0131n Avrupa\u2019da yakalad\u0131\u011f\u0131 ba\u015far\u0131y\u0131 yeni pazarlarla s\u00fcrd\u00fcrmeye, \u2018Mobilitenin Gelece\u011finde Bir Ad\u0131m \u00d6nde\u2019 olmaya devam edece\u011fiz\u201d dedi.<\/p>\n<p>Ba\u015fta Avrupa olmak \u00fczere d\u00fcnyada toplu ula\u015f\u0131m\u0131n elektrikli ve otonom d\u00f6n\u00fc\u015f\u00fcm\u00fcnde \u00f6nc\u00fc rol oynayan Karsan, yenilik\u00e7i \u00fcr\u00fcn ve hizmet anlay\u0131\u015f\u0131yla k\u00fcresel bir marka olma yolunda b\u00fcy\u00fck ad\u0131mlar atmaya devam ediyor. Toplu ula\u015f\u0131ma son teknolojiyi entegre ederek \u00fcretti\u011fi modelleriyle \u00f6nemli bir hacme ula\u015fan Karsan, T\u00fcrkiye otomotiv ihracat\u0131ndaki konumunu da her ge\u00e7en g\u00fcn g\u00fc\u00e7lendiriyor. Avrupa\u2019da pazar lideri modelleriyle ihracat s\u0131ralamas\u0131nda basamaklar\u0131 h\u0131zla t\u0131rmanan Karsan, Otomotiv End\u00fcstrisi \u0130hracat\u00e7\u0131lar\u0131 Birli\u011fi\u2019nin (O\u0130B) d\u00fczenledi\u011fi \u201c\u0130hracat\u0131n \u015eampiyonlar\u0131 \u00d6d\u00fcl T\u00f6reni\u201dnde Alt\u0131n Plaket\u2019e lay\u0131k g\u00f6r\u00fcld\u00fc.<\/p>\n<h2>Karsan 15 s\u0131ra birden y\u00fckseldi!<\/h2>\n<p>Karsan Otomotiv Sanayi ve Ticaret A\u015e, O\u0130B\u2019nin her y\u0131l d\u00fczenledi\u011fi ve otomotiv end\u00fcstrisinde y\u0131l\u0131n en fazla ihracat ger\u00e7ekle\u015ftiren kurulu\u015flar\u0131n\u0131n \u00f6d\u00fcllendirildi\u011fi etkinlikte listedeki y\u00fckseli\u015fini s\u00fcrd\u00fcrerek bu y\u0131l 30. s\u0131raya yerle\u015fti. Bir \u00f6nceki y\u0131la g\u00f6re 15 s\u0131ra birden y\u00fckselen Karsan\u2019\u0131n ald\u0131\u011f\u0131 \u00f6d\u00fclle ilgili a\u00e7\u0131klamalarda bulunan Okan Ba\u015f, \u201cKarsan olarak ABD\u2019den Japonya\u2019ya kadar \u00e7ok geni\u015f bir co\u011frafyada toplu ula\u015f\u0131m\u0131n altyap\u0131s\u0131n\u0131 elektrikli ve otonom ara\u00e7lar\u0131m\u0131zla yenilemeye devam ediyoruz. Avrupa\u2019da son 4 y\u0131ld\u0131r aral\u0131ks\u0131z olarak lider olan modellerimizle d\u00fcnya \u00e7ap\u0131ndaki ara\u00e7 park\u0131m\u0131z h\u0131zla geni\u015flemeye devam ediyor. Bu da T\u00fcrkiye ihracat\u0131ndaki katk\u0131m\u0131z\u0131n artmas\u0131yla sonu\u00e7lan\u0131yor. Yeni teknolojiler ve m\u00fc\u015fteri odakl\u0131 hizmet anlay\u0131\u015f\u0131m\u0131zla hem \u00fcretim hem de ihracattaki g\u00fcc\u00fcm\u00fcz\u00fc art\u0131rmaya devam edece\u011fiz\u201d dedi.<\/p>\n<h2>Avrupa Elektrikli Otob\u00fcs ve Minib\u00fcs \u0130hracat\u0131n\u0131n Y\u00fczde 84\u2019\u00fc Karsan\u2019dan!<\/h2>\n<p>Bug\u00fcn itibar\u0131yla 23 \u00fclkede 1100\u2019\u00fcn \u00fczerinde elektrikli Karsan modelinin hizmet verdi\u011fini hat\u0131rlatan Okan Ba\u015f, \u201cSon 5 y\u0131l\u0131n geneline bak\u0131ld\u0131\u011f\u0131nda T\u00fcrkiye\u2019den Avrupa\u2019ya yap\u0131lan elektrikli otob\u00fcs ve minib\u00fcs ihracat\u0131n\u0131n y\u00fczde 84\u2019\u00fcn\u00fc tek ba\u015f\u0131na Karsan ger\u00e7ekle\u015ftiriyor. Bu asl\u0131nda Karsan modellerine d\u00fcnya \u00e7ap\u0131nda olan yo\u011fun ilginin de bir g\u00f6stergesi. Sadece elektrikli ara\u00e7 \u00fcreten bir marka olarak kalmay\u0131p, otonom teknolojisini ve ard\u0131ndan da gelece\u011fin trendi olarak g\u00f6r\u00fclen hidrojen teknolojisini ara\u00e7lar\u0131m\u0131za entegre ederek toplu ta\u015f\u0131mada gelece\u011fin teknolojilerini bir arada sunabilen tek marka olarak \u00f6nc\u00fc rol\u00fcm\u00fcz\u00fc s\u00fcrd\u00fcr\u00fcyoruz. Ara\u00e7lar\u0131m\u0131z\u0131n Avrupa\u2019da yakalad\u0131\u011f\u0131 ba\u015far\u0131y\u0131 yeni pazarlarla s\u00fcrd\u00fcrmeye, \u2018Mobilitenin Gelece\u011finde Bir Ad\u0131m \u00d6nde\u2019 olma vizyonumuz do\u011frultusunda \u00e7al\u0131\u015fmalar\u0131m\u0131za devam edece\u011fiz\u201d diye konu\u015ftu.<\/p>\n","protected":false},"excerpt":{"rendered":"<p>Karsan \u0130hracat \u015eampiyonlar\u0131 \u00d6d\u00fcllerinde Alt\u0131n Plaket\u2019in Sahibi Oldu! T\u00fcrkiye Otomotiv \u0130hracat\u0131n\u0131 Gelece\u011fin Teknolojisine Elektrikli Karsan Ara\u00e7lar\u0131 Ta\u015f\u0131yor! T\u00fcrkiye\u2019nin Avrupa Elektrikli Toplu Ula\u015f\u0131m \u0130hracat\u0131n\u0131n Y\u00fczde 84\u2019\u00fcn\u00fc Karsan Ger\u00e7ekle\u015ftiriyor! D\u00fcnyada, toplu ula\u015f\u0131m\u0131n elektrikli ve otonom d\u00f6n\u00fc\u015f\u00fcm\u00fcnde \u00f6nc\u00fc rol oynayan Karsan, yenilik\u00e7i modelleri ve \u00fcst\u00fcn hizmet anlay\u0131\u015f\u0131yla dikkatleri \u00fczerine \u00e7ekmeye devam ediyor. \u0130novatif modelleriyle ba\u015fta Avrupa olmak \u00fczere [&hellip;]<\/p>\n","protected":false},"author":1,"featured_media":47093,"comment_status":"open","ping_status":"open","sticky":false,"template":"","format":"standard","meta":{"ngg_post_thumbnail":0},"categories":[5215],"tags":[],"_links":{"self":[{"href":"https:\/\/emlaktuel.com\/index.php?rest_route=\/wp\/v2\/posts\/47092"}],"collection":[{"href":"https:\/\/emlaktuel.com\/index.php?rest_route=\/wp\/v2\/posts"}],"about":[{"href":"https:\/\/emlaktuel.com\/index.php?rest_route=\/wp\/v2\/types\/post"}],"author":[{"embeddable":true,"href":"https:\/\/emlaktuel.com\/index.php?rest_route=\/wp\/v2\/users\/1"}],"replies":[{"embeddable":true,"href":"https:\/\/emlaktuel.com\/index.php?rest_route=%2Fwp%2Fv2%2Fcomments&post=47092"}],"version-history":[{"count":1,"href":"https:\/\/emlaktuel.com\/index.php?rest_route=\/wp\/v2\/posts\/47092\/revisions"}],"predecessor-version":[{"id":47094,"href":"https:\/\/emlaktuel.com\/index.php?rest_route=\/wp\/v2\/posts\/47092\/revisions\/47094"}],"wp:featuredmedia":[{"embeddable":true,"href":"https:\/\/emlaktuel.com\/index.php?rest_route=\/wp\/v2\/media\/47093"}],"wp:attachment":[{"href":"https:\/\/emlaktuel.com\/index.php?rest_route=%2Fwp%2Fv2%2Fmedia&parent=47092"}],"wp:term":[{"taxonomy":"category","embeddable":true,"href":"https:\/\/emlaktuel.com\/index.php?rest_route=%2Fwp%2Fv2%2Fcategories&post=47092"},{"taxonomy":"post_tag","embeddable":true,"href":"https:\/\/emlaktuel.com\/index.php?rest_route=%2Fwp%2Fv2%2Ftags&post=47092"}],"curies":[{"name":"wp","href":"https:\/\/api.w.org\/{rel}","templated":true}]}}