{"id":46678,"date":"2024-05-03T18:30:43","date_gmt":"2024-05-03T15:30:43","guid":{"rendered":"https:\/\/emlaktuel.com\/?p=46678"},"modified":"2024-05-03T18:30:43","modified_gmt":"2024-05-03T15:30:43","slug":"luks-yasamda-yeni-bir-baslangic-elie-saab-bosphorus-dunyaya-tanitildi","status":"publish","type":"post","link":"https:\/\/emlaktuel.com\/?p=46678","title":{"rendered":"L\u00fcks Ya\u015famda Yeni Bir Ba\u015flang\u0131\u00e7: ELIE SAAB BOSPHORUS D\u00fcnyaya Tan\u0131t\u0131ld\u0131"},"content":{"rendered":"<p>L\u00fcks Ya\u015famda Yeni Bir Ba\u015flang\u0131\u00e7: ELIE SAAB BOSPHORUS D\u00fcnyaya Tan\u0131t\u0131ld\u0131<\/p>\n<p>\u0130stanbul, T\u00fcrkiye &#8211; \u0130stanbul&#8217;un yeni se\u00e7kin ya\u015fam projelerinden biri olan l\u00fcks gayrimenkul giri\u015fimi ELIE SAAB Bosphorus, b\u00fcy\u00fcleyici bir atmosferde The Peninsula Hotel&#8217;de muhte\u015fem bir tan\u0131t\u0131m etkinli\u011fi ger\u00e7ekle\u015ftirdi. 2 May\u0131s Per\u015fembe g\u00fcn\u00fc d\u00fczenlenen etkinlik, T\u00fcrkiye ve d\u00fcnya \u00e7ap\u0131ndan 500&#8217;den fazla davetliyi a\u011f\u0131rlad\u0131; i\u015f d\u00fcnyas\u0131ndan sayg\u0131n isimler, uluslararas\u0131 fon y\u00f6neticileri, bas\u0131n mensuplar\u0131, sanat camias\u0131ndan ki\u015filer, siyasi fig\u00fcrler ve se\u00e7kin yat\u0131r\u0131mc\u0131lar bu muhte\u015fem gecede bulu\u015ftu.<\/p>\n<p><img loading=\"lazy\" class=\"alignnone size-full wp-image-46680\" src=\"https:\/\/emlaktuel.com\/wp-content\/uploads\/2024\/05\/IMG_20240503_182726.jpg\" alt=\"\" width=\"1080\" height=\"640\"> <img loading=\"lazy\" class=\"alignnone size-full wp-image-46681\" src=\"https:\/\/emlaktuel.com\/wp-content\/uploads\/2024\/05\/IMG_20240503_182717.jpg\" alt=\"\" width=\"1080\" height=\"702\"><\/p>\n<p>Elie Saab Jr., Mustafa Torun ve Nuri G\u00f6nen\u00e7&#8217;in etkileyici konu\u015fmalar\u0131, etkinli\u011fin \u00f6nemli anlar\u0131ndan biriydi. Projeye ait ilk film g\u00f6sterimi ise izleyicilere unutulmaz anlar ya\u015fatt\u0131. Gecenin finalinde ise \u00fcnl\u00fc piyanist Faz\u0131l Say&#8217;\u0131n b\u00fcy\u00fcleyici performans\u0131 vard\u0131.<\/p>\n<p>Bo\u011faz k\u0131y\u0131s\u0131nda yer alan proje, l\u00fcks villa konseptine sahip 92 \u00f6zel konuttan olu\u015farak se\u00e7kin bir ya\u015fam tarz\u0131n\u0131 temsil ediyor. Bu daireler, modern mimariyi estetik konfor ile m\u00fckemmel bir \u015fekilde birle\u015ftirerek, ya\u015fayanlara panoramik Bo\u011faz manzaras\u0131 sunarak sadece bir konut de\u011fil bir ya\u015fam tarz\u0131 sunuyor.<\/p>\n<h2>Stratejik \u0130\u015fbirlikleri \u0130le L\u00fcks Ya\u015fam\u0131n Yeniden Tan\u0131mlan\u0131yor<\/h2>\n<p>ELIE SAAB Grubu CEO&#8217;su Elie Saab Jr., duygular\u0131n\u0131 \u015fu \u015fekilde ifade etti: &#8220;Bu ak\u015fam, ELIE SAAB, Tor Holding ve Senar \u0130n\u015faat aras\u0131ndaki ortakl\u0131\u011f\u0131n kutlamas\u0131n\u0131 yap\u0131yor ve ELIE SAAB Bosphorus&#8217;un lansman\u0131n\u0131 ger\u00e7ekle\u015ftiriyoruz. Bu i\u015fbirli\u011fi, iki y\u0131ldan uzun bir s\u00fcredir devam eden \u00f6zel projeler yaratma konusundaki ortak vizyonumuzu yans\u0131t\u0131yor. Bizim i\u00e7in her zaman ayr\u0131 bir yere sahip \u0130stanbul ve T\u00fcrkiye\u2019de olmaktan mutluluk duyuyor ve bu heyecan verici yolculu\u011fumuzda aram\u0131zda bulundu\u011funuz i\u00e7in hepinize te\u015fekk\u00fcr ediyoruz.\u201d<\/p>\n<p>Tor Holding Y\u00f6netim Kurulu Ba\u015fkan\u0131 Mustafa Torun, ELIE SAAB gibi k\u00fcresel olarak tan\u0131nan bir markayla yap\u0131lan i\u015fbirli\u011finin \u00f6nemini \u015fu s\u00f6zlerle vurgulad\u0131: &#8220;Bu gece, Tor Holding ve dinamik giri\u015fimlerimiz i\u00e7in bir d\u00f6n\u00fcm noktas\u0131d\u0131r. ELIE SAAB markas\u0131yla ve Senar \u0130n\u015faat ile yapt\u0131\u011f\u0131m\u0131z i\u015fbirli\u011fi, T\u00fcrkiye&#8217;de yeni bir l\u00fcks ya\u015fam anlay\u0131\u015f\u0131 ba\u015flatarak gelecekteki giri\u015fimlerin temelini olu\u015fturuyor. Bu benzersiz i\u015fbirli\u011fi, hem markam\u0131z hem de \u00fclkemiz i\u00e7in ileriye d\u00f6n\u00fck b\u00fcy\u00fck f\u0131rsatlar sunmaktad\u0131r.&#8221;<\/p>\n<p>Senar \u0130n\u015faat Y\u00f6netim Kurulu Ba\u015fkan\u0131 Nuri G\u00f6nen\u00e7 ise bu b\u00fcy\u00fck projeye g\u00f6sterilen titizli\u011fin alt\u0131n\u0131 \u00e7izerken projenin gayrimenkul sekt\u00f6r\u00fcndeki d\u00f6n\u00fc\u015ft\u00fcr\u00fcc\u00fc potansiyelini ve \u00f6nc\u00fc bak\u0131\u015f a\u00e7\u0131s\u0131n\u0131 vurgulayarak projeye ili\u015fkin duygular\u0131n\u0131 \u015fu s\u00f6zlerle belirtti: \u201cBo\u011faz hatt\u0131nda yap\u0131lan \u00f6nceki projelerimizdeki prestijli tecr\u00fcbelerimizi ELIE SAAB markas\u0131 ile birlikte daha ileri ta\u015f\u0131maktay\u0131z. ELIE SAAB ve Tor Holding ile yapt\u0131\u011f\u0131m\u0131z i\u015fbirli\u011fi sayesinde projemizin hem T\u00fcrkiye hem de k\u00fcresel \u00f6l\u00e7ekte ba\u015far\u0131l\u0131 olaca\u011f\u0131na inanc\u0131m\u0131z tamd\u0131r.\u201d&nbsp;&nbsp;<\/p>\n<h2>Ekonomik \u00d6nem ve K\u00fcresel Cazibe<\/h2>\n<p>\u0130stanbul&#8217;un Asya k\u0131y\u0131s\u0131nda yer alan projede, sakinler Bo\u011fazi\u00e7i&#8217;nin muhte\u015fem manzaras\u0131n\u0131n, tarihi \u015fehir siluetinin ve \u0130stanbul&#8217;un Avrupa k\u0131y\u0131s\u0131n\u0131n panoramik manzaras\u0131n\u0131n tad\u0131n\u0131 \u00e7\u0131karacak. Her bir dairede, geni\u015f i\u00e7 mekanlar\u0131 d\u0131\u015f mekanla m\u00fckemmel bir \u015fekilde birle\u015ftiren tavandan yere pencereler e\u015flik ediyor. Daireler, geni\u015f ya\u015fam alanlar\u0131 ve modern mimari incelikleri ile T\u00fcrkiye&#8217;de l\u00fcks ya\u015fam\u0131n yeni bir basama\u011f\u0131n\u0131 temsil ediyor.<\/p>\n<p>ELIE SAAB Bosphorus&#8217;un d\u0131\u015f tasar\u0131m\u0131, \u0130stanbul&#8217;un siluetini ve huzur verici Bo\u011faz&#8217;\u0131 kucaklayan geni\u015f pencereler ve \u015f\u0131k hatlarla modern bir zarafeti simgeliyor. Minimalist esteti\u011fi, do\u011fal g\u00fczelli\u011fi ile uyum i\u00e7inde l\u00fcks\u00fc yans\u0131t\u0131rken, ye\u015fil bah\u00e7e alanlar\u0131 ve muhte\u015fem Bo\u011faz&#8217;la m\u00fckemmel bir b\u00fct\u00fcnl\u00fck sa\u011fl\u0131yor.<\/p>\n<p>\u0130\u00e7 mekan tasar\u0131m\u0131nda ise, her bir dairenin konforlu ve incelikli detaylar\u0131, projenin her ayr\u0131nt\u0131s\u0131n\u0131n dikkatle d\u00fc\u015f\u00fcn\u00fcld\u00fc\u011f\u00fcn\u00fc vurguluyor. Fonksiyonel ve \u00e7ok y\u00f6nl\u00fc alanlar, uyumlu dokularla birle\u015ferek, her ayr\u0131nt\u0131n\u0131n, d\u00fczenlemeden malzeme se\u00e7imine kadar, l\u00fcks ve incelikle \u015fekillendirildi\u011fi e\u015fsiz bir ya\u015fam deneyimi sunuyor. Proje, k\u00fcresel l\u00fcks gayrimenkul alan\u0131nda ya\u015fam tarz\u0131na bak\u0131\u015f a\u00e7\u0131s\u0131n\u0131 yeniden tan\u0131mlamaya ve \u0130stanbul&#8217;un premium gayrimenkul pazar\u0131ndaki konumunu g\u00fc\u00e7lendirmeye haz\u0131rlan\u0131yor.<\/p>\n<p>Bu prestijli proje, sadece yerel de\u011fil, ayn\u0131 zamanda k\u00fcresel d\u00fczeyde de dikkat \u00e7ekecek ve \u0130stanbul&#8217;un l\u00fcks emlakta uluslararas\u0131 itibar\u0131n\u0131 art\u0131rmak i\u00e7in \u00f6nemli bir ad\u0131m olacak.<\/p>\n<p>&nbsp;<\/p>\n","protected":false},"excerpt":{"rendered":"<p>L\u00fcks Ya\u015famda Yeni Bir Ba\u015flang\u0131\u00e7: ELIE SAAB BOSPHORUS D\u00fcnyaya Tan\u0131t\u0131ld\u0131 \u0130stanbul, T\u00fcrkiye &#8211; \u0130stanbul&#8217;un yeni se\u00e7kin ya\u015fam projelerinden biri olan l\u00fcks gayrimenkul giri\u015fimi ELIE SAAB Bosphorus, b\u00fcy\u00fcleyici bir atmosferde The Peninsula Hotel&#8217;de muhte\u015fem bir tan\u0131t\u0131m etkinli\u011fi ger\u00e7ekle\u015ftirdi. 2 May\u0131s Per\u015fembe g\u00fcn\u00fc d\u00fczenlenen etkinlik, T\u00fcrkiye ve d\u00fcnya \u00e7ap\u0131ndan 500&#8217;den fazla davetliyi a\u011f\u0131rlad\u0131; i\u015f d\u00fcnyas\u0131ndan sayg\u0131n isimler, [&hellip;]<\/p>\n","protected":false},"author":1,"featured_media":46679,"comment_status":"open","ping_status":"open","sticky":false,"template":"","format":"standard","meta":{"ngg_post_thumbnail":0},"categories":[219,5388],"tags":[17556],"_links":{"self":[{"href":"https:\/\/emlaktuel.com\/index.php?rest_route=\/wp\/v2\/posts\/46678"}],"collection":[{"href":"https:\/\/emlaktuel.com\/index.php?rest_route=\/wp\/v2\/posts"}],"about":[{"href":"https:\/\/emlaktuel.com\/index.php?rest_route=\/wp\/v2\/types\/post"}],"author":[{"embeddable":true,"href":"https:\/\/emlaktuel.com\/index.php?rest_route=\/wp\/v2\/users\/1"}],"replies":[{"embeddable":true,"href":"https:\/\/emlaktuel.com\/index.php?rest_route=%2Fwp%2Fv2%2Fcomments&post=46678"}],"version-history":[{"count":1,"href":"https:\/\/emlaktuel.com\/index.php?rest_route=\/wp\/v2\/posts\/46678\/revisions"}],"predecessor-version":[{"id":46682,"href":"https:\/\/emlaktuel.com\/index.php?rest_route=\/wp\/v2\/posts\/46678\/revisions\/46682"}],"wp:featuredmedia":[{"embeddable":true,"href":"https:\/\/emlaktuel.com\/index.php?rest_route=\/wp\/v2\/media\/46679"}],"wp:attachment":[{"href":"https:\/\/emlaktuel.com\/index.php?rest_route=%2Fwp%2Fv2%2Fmedia&parent=46678"}],"wp:term":[{"taxonomy":"category","embeddable":true,"href":"https:\/\/emlaktuel.com\/index.php?rest_route=%2Fwp%2Fv2%2Fcategories&post=46678"},{"taxonomy":"post_tag","embeddable":true,"href":"https:\/\/emlaktuel.com\/index.php?rest_route=%2Fwp%2Fv2%2Ftags&post=46678"}],"curies":[{"name":"wp","href":"https:\/\/api.w.org\/{rel}","templated":true}]}}