{"id":46662,"date":"2024-04-29T14:58:05","date_gmt":"2024-04-29T11:58:05","guid":{"rendered":"https:\/\/emlaktuel.com\/?p=46662"},"modified":"2024-04-29T14:58:05","modified_gmt":"2024-04-29T11:58:05","slug":"omoda-pekin-uluslararasi-otomobil-fuarinda-e5-modelini-ve-cevre-dostu-girisimlerini-sergiledi","status":"publish","type":"post","link":"https:\/\/emlaktuel.com\/?p=46662","title":{"rendered":"OMODA, Pekin Uluslararas\u0131 Otomobil Fuar\u0131\u2019nda E5 Modelini ve \u00c7evre Dostu Giri\u015fimlerini Sergiledi!"},"content":{"rendered":"<p>OMODA, Pekin Uluslararas\u0131 Otomobil Fuar\u0131\u2019nda E5 Modelini ve \u00c7evre Dostu Giri\u015fimlerini Sergiledi!<\/p>\n<p>OMODA 10 \u00dclkeden Siyasilerin Deste\u011fiyle Green OJ Kamu Refah\u0131 Platformunu Ba\u015flatt\u0131!<\/p>\n<p>Chery Grubu \u00e7at\u0131s\u0131 alt\u0131nda yer alan OMODA, k\u00fcresel \u00e7apta kamu refah\u0131 konusundaki at\u0131l\u0131mlar\u0131na devam ediyor. \u00c7in\u2019de ger\u00e7ekle\u015ftirilen Pekin Uluslararas\u0131 Otomobil Fuar\u0131\u2019nda, OMODA stand\u0131nda bir araya gelen farkl\u0131 \u00fclkelerden \u00e7ok say\u0131da politikac\u0131, markan\u0131n ba\u015flatt\u0131\u011f\u0131 kamu refah\u0131na y\u00f6nelik bir\u00e7ok giri\u015fimine tan\u0131kl\u0131k etti. Bu da OMODA&#8217;n\u0131n \u00e7evre dostu ula\u015f\u0131m, LOHAS ya\u015fam bi\u00e7imi ve s\u00fcrd\u00fcr\u00fclebilir kalk\u0131nma konular\u0131nda farkl\u0131 \u00fclkelerle uyumunu g\u00f6zler \u00f6n\u00fcne serdi. B\u00f6ylece OMODA markas\u0131 d\u00fcnya genelindeki \u00fclkeler nezdindeki bilinirli\u011fini de bir kez daha vurgulad\u0131.<\/p>\n<p>D\u00fcnyan\u0131n en b\u00fcy\u00fck otomobil fuarlar\u0131ndan biri olan ve bu y\u0131l 18\u2019incisi d\u00fczenlenen Pekin Uluslararas\u0131 Otomobil Fuar\u0131 g\u00f6rkemli bir \u015fekilde kap\u0131lar\u0131n\u0131 a\u00e7t\u0131. \u00c7inli otomotiv devi Chery\u2019nin \u00e7evreyi korumay\u0131 odak noktas\u0131na alan markas\u0131 OMODA, fuarda ilk tamamen elektrikli modeli OMODA E5 ile gelece\u011fin modas\u0131 ve elektrik teknolojisinin benzersiz cazibesini ortaya koyan \u201cYeni Enerji, Yeni Eko, Yeni \u00c7a\u011f\u201d yakla\u015f\u0131m\u0131n\u0131 sergiledi. OMODA, 10\u2019un \u00fczerinde \u00fclkeden siyaset\u00e7inin tan\u0131kl\u0131\u011f\u0131 ile \u00e7evre dostu bir taahh\u00fctte bulunarak O-UNIVERSE \u201cGREEN OJ\u201d kamu refah\u0131 platformunu ba\u015flatt\u0131. Bu \u00f6nemli uluslararas\u0131 hamle, ayn\u0131 zamanda Pekin Uluslararas\u0131 Otomobil Fuar\u0131&#8217;n\u0131n da en prestijli an\u0131 olarak kat\u0131l\u0131mc\u0131lardan olumlu tepkiler ve destek ald\u0131.<\/p>\n<h2>\u00c7evre dostu bir gelece\u011fe ve k\u00fcresel kalk\u0131nmaya destek oluyor!<\/h2>\n<p>K\u00fcresel \u00f6l\u00e7ekte ekolojik \u00e7evrenin korunmas\u0131 ve s\u00fcrd\u00fcr\u00fclebilir kalk\u0131nman\u0131n uygulanmas\u0131 giderek daha fazla \u00f6nem kazan\u0131yor. Bu kapsamda, global bir marka olarak do\u011fan OMODA, kurumsal sosyal sorumluluklar\u0131n\u0131 yerine getirmekten asla taviz vermiyor. OMODA, bu y\u0131l\u0131n \u015fubat ay\u0131nda ger\u00e7ekle\u015ftirilen OMODA E5&#8217;in lansman\u0131nda, \u0130spanya&#8217;da deniz bitki \u00f6rt\u00fcs\u00fcn\u00fcn korunmas\u0131n\u0131 ba\u015flatmak i\u00e7in Uluslararas\u0131 Do\u011fay\u0131 Koruma Birli\u011fi (IUCN) ile ortakl\u0131k kurdu. Ayr\u0131ca yerel halka ekolojik fayda sa\u011flayan \u201cmavi karbon\u201d politikalar\u0131n\u0131n uygulanmas\u0131n\u0131 kolayla\u015ft\u0131rmak i\u00e7in \u0130spanyol h\u00fck\u00fcmetinin ilgili kurumlar\u0131yla aktif olarak i\u015f birli\u011fi yapt\u0131. Benzer \u015fekilde OMODA, ge\u00e7en y\u0131l\u0131n sonunda Meksika&#8217;da, y\u0131l boyunca nehir temizli\u011fi ve di\u011fer kamu refah\u0131 faaliyetlerini y\u00fcr\u00fctmek \u00fczere yerel \u00e7evre lideri Arturo Islas Allende ile g\u00fc\u00e7lerini birle\u015ftirdi.<br \/>\nEkolojik koruyuculu\u011fun d\u0131\u015f\u0131nda yard\u0131ma muhta\u00e7 gruplar\u0131n bak\u0131m\u0131 da OMODA markas\u0131n\u0131n kamu refah\u0131 projelerinin \u00f6nemli bir par\u00e7as\u0131n\u0131 olu\u015fturuyor. Bu kapsamda OMODA, Malezya&#8217;da bir \u201cg\u0131da yard\u0131m\u0131\u201d etkinli\u011fi d\u00fczenlemek i\u00e7in Kechara \u00c7orba Mutfa\u011f\u0131 Derne\u011fi ile birlikte \u00e7al\u0131\u015ft\u0131. B\u00fcy\u00fck s\u00fcpermarketlerdeki stok fazlas\u0131 taze \u00fcr\u00fcnleri ihtiyac\u0131 olan ailelere ve hay\u0131r kurumlar\u0131na ba\u011f\u0131\u015flayarak daha az \u015fansl\u0131 olanlara imk\u00e2n yaratt\u0131.<\/p>\n<h2>Ekolojik \u00e7evreyi ve kamu refah\u0131n\u0131 korumaya kararl\u0131<\/h2>\n<p>Pekin Uluslararas\u0131 Otomobil Fuar\u0131&#8217;nda ger\u00e7ekle\u015fen O-UNIVERSE \u201cGREEN OJ\u201d kamu refah\u0131 platformu lansman\u0131, OMODA&#8217;n\u0131n sosyal sorumluluk ve \u00e7evre felsefesini yeni bir seviyeye ta\u015f\u0131yarak, yeni enerjili otomotiv d\u00fcnyas\u0131nda markan\u0131n kararl\u0131l\u0131\u011f\u0131n\u0131 ortaya koydu.<br \/>\nO-UNIVERSE \u201cGREEN OJ\u201d kamu refah\u0131 platformu, di\u011fer alanlar\u0131n yan\u0131 s\u0131ra sulak alanlar\u0131n korunmas\u0131, bitki \u00f6rt\u00fcs\u00fcn\u00fcn korunmas\u0131, biyolojik \u00e7e\u015fitlilik ve okyanus y\u00f6netimini kapsayacak \u015fekilde k\u00fcresel s\u00fcrd\u00fcr\u00fclebilir kalk\u0131nmaya yard\u0131m etmeye odaklanacak. OMODA, ayn\u0131 zamanda d\u00fcnya \u00e7ap\u0131ndaki kamu refah\u0131 kurulu\u015flar\u0131yla sinerji olu\u015fturmaya ve k\u00fcresel \u00e7apta eylemler ba\u015flatmaya devam edecek. O-UNIVERSE \u201cGREEN OJ\u201d platformu ilk a\u015famada Malezya, \u0130ngiltere, G\u00fcney Afrika, Kazakistan\u2019\u0131n yan\u0131s\u0131ra di\u011fer \u00fclke ve b\u00f6lgelerde ba\u015flayacak. Bu \u00fclkelerde di\u011fer alanlardaki sorumluluklar\u0131n yan\u0131 s\u0131ra biyolojik \u00e7e\u015fitlilik, temiz enerji ve kar da\u011flar\u0131n\u0131n korunmas\u0131na odaklanacak.<br \/>\nPekin Uluslararas\u0131 Otomobil Fuar\u0131&#8217;nda, G\u00fcney Afrika \u00c7in B\u00fcy\u00fckel\u00e7isi, Filipinler \u00c7in B\u00fcy\u00fckel\u00e7isi ve Malezya B\u00fcy\u00fckel\u00e7ili\u011fi M\u00fcste\u015far\u0131 gibi 11 \u00fclkeden kat\u0131lan \u00fcst d\u00fczey h\u00fck\u00fcmet yetkilileri, OMODA O-UNIVERSE \u201cGREEN OJ\u201d kamu refah\u0131 platformuna destek verdi. Bu destekle birlikte s\u00fcrd\u00fcr\u00fclebilir kalk\u0131nmaya olan ba\u011fl\u0131l\u0131\u011f\u0131n\u0131n en \u00fcst d\u00fczeyde kabul\u00fcn\u00fc temsil ettiler. Ayr\u0131ca farkl\u0131 h\u00fck\u00fcmet liderlerinin kat\u0131l\u0131m\u0131 ve tan\u0131kl\u0131\u011f\u0131 O-UNIVERSE \u201cGREEN OJ\u201d kamu refah\u0131 platformuna \u00f6nemli bir uluslararas\u0131 etki katarak daha sonraki uluslararas\u0131 i\u015f birli\u011fi ve projeler i\u00e7in sa\u011flam bir temel olu\u015fturdu.<\/p>\n<h2>Ekolojik geli\u015fime ve k\u00fcresel kullan\u0131c\u0131 g\u00fcc\u00fcn\u00fc toplamaya odaklan\u0131yor<\/h2>\n<p>OMODA, her zaman kamu refah\u0131n\u0131n tek bir marka veya bireyin imkanlar\u0131yla de\u011fil, her kurum ve noktan\u0131n k\u00fc\u00e7\u00fck katk\u0131lar\u0131yla ilgili oldu\u011funa inan\u0131yor. Bu anlamda s\u00fcrd\u00fcr\u00fclebilir kalk\u0131nmaya ve k\u00fcresel koruyuculuk plan\u0131na derinden ba\u011fl\u0131 olan OMODA&#8217;n\u0131n vizyonu, kendi g\u00fcc\u00fcn\u00fcn \u00f6tesine ge\u00e7erek \u201cO-UNIVERSE\u201d ekolojisini olu\u015fturmaya uzan\u0131yor. Bununla birlikte daha fazla orta\u011f\u0131 ve kullan\u0131c\u0131y\u0131 ekolojik koruman\u0131n in\u015fas\u0131na kat\u0131lmaya te\u015fvik ediyor ve b\u00f6ylece LOHAS&#8217;\u0131n gelece\u011fine \u00f6nc\u00fcl\u00fck ediyor.<\/p>\n<p>OMODA, ge\u00e7en y\u0131l\u0131n ekim ay\u0131nda 30&#8217;un \u00fczerinde \u00fclke ve b\u00f6lgeden kat\u0131lan binlerce kullan\u0131c\u0131yla birlikte \u00e7evre dostu ya\u015fam tarz\u0131n\u0131 savunan ekolojik bir yolculuk ba\u015flatt\u0131. Bu yolculukta OMODA, bu y\u0131l\u0131n ocak ay\u0131nda Malezya&#8217;da, \u00e7evre dostu bir gelece\u011fe do\u011fru 3.000&#8217;den fazla kat\u0131l\u0131mc\u0131n\u0131n yer ald\u0131\u011f\u0131 ve OMODA E5&#8217;in lider ara\u00e7 oldu\u011fu bir ekolojik \u00e7evre ko\u015fusu ba\u015flatt\u0131. OMODA, marka odakl\u0131 kamu refah\u0131ndan, hay\u0131rsever faaliyetler yapan \u00f6nde gelen ara\u00e7 sahiplerine, sosyal sorumluluk \u00fcstlenmekten toplumsal de\u011fer yaratmaya kadar, d\u00fcnya genelinde benzersiz bir kamu refah\u0131 g\u00fcc\u00fc aktar\u0131yor.<\/p>\n<h2>Yeni ekolojik stratejisini a\u00e7\u0131klad\u0131<\/h2>\n<p>OMODA \u00e7evre dostu kalk\u0131nma yolunda ilerledik\u00e7e \u201cO-UNIVERSE\u201d ekolojisi de geli\u015fmeye devam ediyor. OMODA, Pekin Uluslararas\u0131 Otomobil Fuar\u0131&#8217;nda, \u201cModa, Teknoloji, Gelecek\u201d \u015feklindeki \u00fc\u00e7 unsura odaklanan, \u00e7evre dostu LOHAS temelinde ilerleyen, alanlar\u0131, \u00e7evreleri, kategorileri ve k\u00fclt\u00fcrleri a\u015farak bir \u201cO-UNIVERSE\u201d ekolojisi olu\u015fturmak \u00fczere t\u00fcm boyutlarda ilerleyen yeni bir ekolojik stratejiyi a\u00e7\u0131klad\u0131.<br \/>\nBir \u015firketin k\u00fcresel kamu refah\u0131na olan ba\u011fl\u0131l\u0131\u011f\u0131, marka ve geli\u015ftirme ihtiya\u00e7lar\u0131ndan kaynaklanabilir, ancak sonu\u00e7ta bu, kamu ve kullan\u0131c\u0131 ihtiya\u00e7lar\u0131yla ilgilidir. OMODA\u2019n\u0131n \u201cK\u00fcresel Koruma Plan\u0131\u201d, gelecekte de a\u00e7\u0131k ve kapsay\u0131c\u0131 bir tutumla eylemlere daha fazla halk\u0131n kat\u0131l\u0131m\u0131n\u0131 te\u015fvik etmek. OMODA bu yolculu\u011funda, insanl\u0131k ve do\u011fa aras\u0131nda uyumlu bir birliktelik yaratmak \u00fczere gelece\u011fin teknolojilerinden ve \u201cO-UNIVERSE\u201d enerjisinden yararlanmaya devam edecek.<\/p>\n","protected":false},"excerpt":{"rendered":"<p>OMODA, Pekin Uluslararas\u0131 Otomobil Fuar\u0131\u2019nda E5 Modelini ve \u00c7evre Dostu Giri\u015fimlerini Sergiledi! OMODA 10 \u00dclkeden Siyasilerin Deste\u011fiyle Green OJ Kamu Refah\u0131 Platformunu Ba\u015flatt\u0131! Chery Grubu \u00e7at\u0131s\u0131 alt\u0131nda yer alan OMODA, k\u00fcresel \u00e7apta kamu refah\u0131 konusundaki at\u0131l\u0131mlar\u0131na devam ediyor. \u00c7in\u2019de ger\u00e7ekle\u015ftirilen Pekin Uluslararas\u0131 Otomobil Fuar\u0131\u2019nda, OMODA stand\u0131nda bir araya gelen farkl\u0131 \u00fclkelerden \u00e7ok say\u0131da politikac\u0131, markan\u0131n [&hellip;]<\/p>\n","protected":false},"author":1,"featured_media":46663,"comment_status":"open","ping_status":"open","sticky":false,"template":"","format":"standard","meta":{"ngg_post_thumbnail":0},"categories":[5215],"tags":[],"_links":{"self":[{"href":"https:\/\/emlaktuel.com\/index.php?rest_route=\/wp\/v2\/posts\/46662"}],"collection":[{"href":"https:\/\/emlaktuel.com\/index.php?rest_route=\/wp\/v2\/posts"}],"about":[{"href":"https:\/\/emlaktuel.com\/index.php?rest_route=\/wp\/v2\/types\/post"}],"author":[{"embeddable":true,"href":"https:\/\/emlaktuel.com\/index.php?rest_route=\/wp\/v2\/users\/1"}],"replies":[{"embeddable":true,"href":"https:\/\/emlaktuel.com\/index.php?rest_route=%2Fwp%2Fv2%2Fcomments&post=46662"}],"version-history":[{"count":1,"href":"https:\/\/emlaktuel.com\/index.php?rest_route=\/wp\/v2\/posts\/46662\/revisions"}],"predecessor-version":[{"id":46664,"href":"https:\/\/emlaktuel.com\/index.php?rest_route=\/wp\/v2\/posts\/46662\/revisions\/46664"}],"wp:featuredmedia":[{"embeddable":true,"href":"https:\/\/emlaktuel.com\/index.php?rest_route=\/wp\/v2\/media\/46663"}],"wp:attachment":[{"href":"https:\/\/emlaktuel.com\/index.php?rest_route=%2Fwp%2Fv2%2Fmedia&parent=46662"}],"wp:term":[{"taxonomy":"category","embeddable":true,"href":"https:\/\/emlaktuel.com\/index.php?rest_route=%2Fwp%2Fv2%2Fcategories&post=46662"},{"taxonomy":"post_tag","embeddable":true,"href":"https:\/\/emlaktuel.com\/index.php?rest_route=%2Fwp%2Fv2%2Ftags&post=46662"}],"curies":[{"name":"wp","href":"https:\/\/api.w.org\/{rel}","templated":true}]}}