{"id":46035,"date":"2024-02-16T23:39:09","date_gmt":"2024-02-16T20:39:09","guid":{"rendered":"https:\/\/emlaktuel.com\/?p=46035"},"modified":"2024-02-16T23:39:09","modified_gmt":"2024-02-16T20:39:09","slug":"konut-kredi-faizlerindeki-artis-satislari-olumsuz-etkiliyor","status":"publish","type":"post","link":"https:\/\/emlaktuel.com\/?p=46035","title":{"rendered":"Konut kredi faizlerindeki art\u0131\u015f sat\u0131\u015flar\u0131 olumsuz etkiliyor"},"content":{"rendered":"<p style=\"font-weight: 400;\"><strong>KONUT KRED\u0130 FA\u0130ZLER\u0130NDEK\u0130 Y\u00dcKSEL\u0130\u015e SATI\u015eLARI OLUMSUZ ETK\u0130L\u0130YOR<\/strong><\/p>\n<p style=\"font-weight: 400;\"><strong>KONUT MAL\u0130YETLER\u0130N\u0130N ARTMASI SATI\u015eLARA OLUMSUZ YANSIYOR<\/strong><\/p>\n<p style=\"font-weight: 400;\"><strong>F\u0130GEN AKAR: KONUT SATI\u015eLARI NEREDEYSE DURMA NOKTASINA GELD\u0130<\/strong><\/p>\n<p style=\"font-weight: 400;\">T\u00fcrkiye \u0130statistik Kurumu\u2019nun (T\u00dc\u0130K) a\u00e7\u0131klad\u0131\u011f\u0131 verilere g\u00f6re, &nbsp;T\u00fcrkiye genelinde konut sat\u0131\u015flar\u0131 Ocak ay\u0131nda bir \u00f6nceki y\u0131l\u0131n ayn\u0131 ay\u0131na g\u00f6re y\u00fczde 17,8 azalarak 80 bin 308 oldu. Yabanc\u0131lara yap\u0131lan konut sat\u0131\u015flar\u0131 Ocak ay\u0131nda bir \u00f6nceki y\u0131l\u0131n ayn\u0131 ay\u0131na g\u00f6re y\u00fczde 50,5 azalarak 2 bin 61 oldu. Bu rakamlar, T\u00fcrkiye\u2019nin i\u00e7inde bulundu\u011fu ekonomik ve siyasi ko\u015fullar\u0131n konut sekt\u00f6r\u00fcne yans\u0131mas\u0131n\u0131 \u00e7ok net bir \u015fekilde ortaya koyuyor.<\/p>\n<p style=\"font-weight: 400;\">Konut sat\u0131\u015flar\u0131n\u0131n azalmas\u0131n\u0131n ba\u015fl\u0131ca nedenleri aras\u0131nda, y\u00fcksek faiz oranlar\u0131, enflasyon, d\u00f6viz kurlar\u0131, gelir da\u011f\u0131l\u0131m\u0131ndaki adaletsizlik say\u0131labilir. Bu fakt\u00f6rler, hem yerli hem de yabanc\u0131 al\u0131c\u0131lar\u0131n konut talebini ve al\u0131m g\u00fcc\u00fcn\u00fc olumsuz etkiliyor. T\u00fcrkiye \u0130statistik Kurumu taraf\u0131ndan a\u00e7\u0131klanan rakamlar T\u00fcrkiye\u2019de konut sat\u0131\u015f\u0131n\u0131n neredeyse durma noktas\u0131na geldi\u011fini i\u015faret ediyor.<\/p>\n<p style=\"font-weight: 400;\"><strong>F\u0130GEN AKAR: SEKT\u00d6R \u0130\u00c7\u0130N AC\u0130L \u00d6NLEMLER ALINMALI<\/strong><\/p>\n<p style=\"font-weight: 400;\">\u00d6zellikle ipotekli konut sat\u0131\u015flar\u0131nda y\u00fczde 63,5 gibi b\u00fcy\u00fck bir d\u00fc\u015f\u00fc\u015f ya\u015fanmas\u0131, konut kredisi faizlerinin y\u00fcksekli\u011fini ve al\u0131c\u0131lar\u0131n finansman sorununu ortaya koyuyor. Konut sekt\u00f6r\u00fc, T\u00fcrkiye ekonomisinin lokomotifi ve istihdam kayna\u011f\u0131 olan bir sekt\u00f6rd\u00fcr. Bu sekt\u00f6r\u00fcn canl\u0131l\u0131\u011f\u0131n\u0131 korumas\u0131, hem ekonomik b\u00fcy\u00fcme hem de sosyal refah a\u00e7\u0131s\u0131ndan \u00f6nemlidir. Bu nedenle, konut sekt\u00f6r\u00fcn\u00fcn kar\u015f\u0131 kar\u015f\u0131ya oldu\u011fu sorunlar\u0131n \u00e7\u00f6z\u00fcm\u00fc i\u00e7in acil ve etkin ad\u0131mlar at\u0131lmas\u0131 gerekmektedir.<\/p>\n<p style=\"font-weight: 400;\"><strong>F\u0130GEN AKAR: HER \u015eEYE RA\u011eMEN GAYRET ED\u0130YORUZ<\/strong><\/p>\n<p style=\"font-weight: 400;\">Biz Akaryap\u0131 olarak, konut sekt\u00f6r\u00fcn\u00fcn i\u00e7inde bulundu\u011fu zorlu s\u00fcrece ra\u011fmen, kaliteli, konforlu ve uygun fiyatl\u0131 konutlar \u00fcretmeye ve m\u00fc\u015fterilerimize en iyi hizmeti vermeye devam ediyoruz. Sekt\u00f6rdeki rekabet g\u00fcc\u00fcm\u00fcz\u00fc art\u0131rmak ve yeni projeler geli\u015ftirmek i\u00e7in \u00e7al\u0131\u015f\u0131yoruz. \u015eu anda sat\u0131\u015flarda ya\u015fanan d\u00fc\u015f\u00fc\u015f\u00fcn ge\u00e7ici oldu\u011funa inan\u0131yoruz. Konut sekt\u00f6r\u00fcn\u00fcn gelece\u011fine g\u00fcveniyor ve bu sekt\u00f6rde faaliyet g\u00f6steren t\u00fcm payda\u015flarla i\u015f birli\u011fi i\u00e7inde olmaya haz\u0131r oldu\u011fumuzu belirtmek istiyoruz. T\u00fcrkiye\u2019nin konut sekt\u00f6r\u00fcnde hak etti\u011fi yere gelmesi i\u00e7in, devlet, \u00f6zel sekt\u00f6r ve sivil toplum kurulu\u015flar\u0131n\u0131n ortak bir vizyon ve strateji belirlemesi ve el ele vermesi gerekti\u011fine inan\u0131yoruz.&nbsp; Bu sayede, konut sekt\u00f6r\u00fc hem \u00fclke ekonomisine hem de vatanda\u015flar\u0131m\u0131z\u0131n ya\u015fam kalitesine katk\u0131 sa\u011flayacakt\u0131r.<\/p>\n<p style=\"font-weight: 400;\"><strong>&nbsp;<\/strong><\/p>\n","protected":false},"excerpt":{"rendered":"<p>KONUT KRED\u0130 FA\u0130ZLER\u0130NDEK\u0130 Y\u00dcKSEL\u0130\u015e SATI\u015eLARI OLUMSUZ ETK\u0130L\u0130YOR KONUT MAL\u0130YETLER\u0130N\u0130N ARTMASI SATI\u015eLARA OLUMSUZ YANSIYOR F\u0130GEN AKAR: KONUT SATI\u015eLARI NEREDEYSE DURMA NOKTASINA GELD\u0130 T\u00fcrkiye \u0130statistik Kurumu\u2019nun (T\u00dc\u0130K) a\u00e7\u0131klad\u0131\u011f\u0131 verilere g\u00f6re, &nbsp;T\u00fcrkiye genelinde konut sat\u0131\u015flar\u0131 Ocak ay\u0131nda bir \u00f6nceki y\u0131l\u0131n ayn\u0131 ay\u0131na g\u00f6re y\u00fczde 17,8 azalarak 80 bin 308 oldu. Yabanc\u0131lara yap\u0131lan konut sat\u0131\u015flar\u0131 Ocak ay\u0131nda bir \u00f6nceki [&hellip;]<\/p>\n","protected":false},"author":1,"featured_media":46036,"comment_status":"open","ping_status":"open","sticky":false,"template":"","format":"standard","meta":{"ngg_post_thumbnail":0},"categories":[5388],"tags":[],"_links":{"self":[{"href":"https:\/\/emlaktuel.com\/index.php?rest_route=\/wp\/v2\/posts\/46035"}],"collection":[{"href":"https:\/\/emlaktuel.com\/index.php?rest_route=\/wp\/v2\/posts"}],"about":[{"href":"https:\/\/emlaktuel.com\/index.php?rest_route=\/wp\/v2\/types\/post"}],"author":[{"embeddable":true,"href":"https:\/\/emlaktuel.com\/index.php?rest_route=\/wp\/v2\/users\/1"}],"replies":[{"embeddable":true,"href":"https:\/\/emlaktuel.com\/index.php?rest_route=%2Fwp%2Fv2%2Fcomments&post=46035"}],"version-history":[{"count":1,"href":"https:\/\/emlaktuel.com\/index.php?rest_route=\/wp\/v2\/posts\/46035\/revisions"}],"predecessor-version":[{"id":46037,"href":"https:\/\/emlaktuel.com\/index.php?rest_route=\/wp\/v2\/posts\/46035\/revisions\/46037"}],"wp:featuredmedia":[{"embeddable":true,"href":"https:\/\/emlaktuel.com\/index.php?rest_route=\/wp\/v2\/media\/46036"}],"wp:attachment":[{"href":"https:\/\/emlaktuel.com\/index.php?rest_route=%2Fwp%2Fv2%2Fmedia&parent=46035"}],"wp:term":[{"taxonomy":"category","embeddable":true,"href":"https:\/\/emlaktuel.com\/index.php?rest_route=%2Fwp%2Fv2%2Fcategories&post=46035"},{"taxonomy":"post_tag","embeddable":true,"href":"https:\/\/emlaktuel.com\/index.php?rest_route=%2Fwp%2Fv2%2Ftags&post=46035"}],"curies":[{"name":"wp","href":"https:\/\/api.w.org\/{rel}","templated":true}]}}