{"id":4602,"date":"2016-08-19T12:38:58","date_gmt":"2016-08-19T09:38:58","guid":{"rendered":"http:\/\/emlaktuel.com\/?p=4602"},"modified":"2018-07-05T14:37:25","modified_gmt":"2018-07-05T11:37:25","slug":"fuzul-basaksehir-ve-gaziosmanpasada-2-bin-yeni-konut-yapacak","status":"publish","type":"post","link":"https:\/\/emlaktuel.com\/?p=4602","title":{"rendered":"Fuzul, Ba\u015fak\u015fehir ve Gaziosmanpa\u015fa&#8217;da 2 bin yeni konut yapacak!"},"content":{"rendered":"<h1 class=\"news-detail-title selectionShareable\">Fuzul Grup, \u0130stanbul Ba\u015fak\u015fehir ve Gaziosmanpa\u015fa&#8217;da toplamda 2 bin yeni konut hayata ge\u00e7iriyor. Fuzul yeni projelerini 23 A\u011fustos&#8217;ta bas\u0131na tan\u0131tacak.<\/h1>\n<div class=\"clear\"><\/div>\n<div>\n<p>2000 y\u0131l\u0131ndan itibaren in\u015faat sekt\u00f6r\u00fcnde faaliyetlerini s\u00fcrd\u00fcren Fuzul Grup ya\u015fanabilir alanlar olu\u015fturmak hedefiyle Ba\u015fak\u015fehir, Ka\u011f\u0131thane ve Kartal&#8217;da yeni konut projeleri ile ad\u0131ndan s\u00f6z ettiriyor.<\/p>\n<p>Fuzul Grup 23 A\u011fustos&#8217;ta ger\u00e7ekle\u015ftirece\u011fi bas\u0131n toplant\u0131s\u0131nda Ba\u015fak\u015fehir ve Gaziosmanpa\u015fa&#8217;da hayata ge\u00e7irece\u011fi toplam 2 bin konutluk projelerinde bahsedecek.<\/p>\n<p>&nbsp;<\/p>\n<p>23 y\u0131ll\u0131k sekt\u00f6r tecr\u00fcbesi ile bug\u00fcne kadar 4 bin konut \u00fcretmi\u015f ve \u00f6zellikle Ba\u015fak\u015fehir\u2019deki marka projeleri ile sekt\u00f6r\u00fcde varl\u0131\u011f\u0131n\u0131 s\u00fcrd\u00fcren Fuzul Grup h\u0131z kesmeden b\u00f6lgeye yeni yat\u0131r\u0131mlar yapmaya devam ediyor.<\/p>\n<h2>1-) Fuzul Ba\u015fak\u015fehir Projesi:<\/h2>\n<p>Fuzul Grup Ba\u015fak\u015fehir&#8217;de 115 bin metrekarelik bir alan i\u00e7in d\u00fczenlenen ihaleyi ge\u00e7ti\u011fimiz ocak ay\u0131 i\u00e7erisinde kazanm\u0131\u015ft\u0131. \u00a01 milyar 42 milyon TL ciro bedeli ile kazan\u0131lan ihaledeki arsada, ticari \u00fcnitelerin de dahil oldu\u011fu yeni ve b\u00fcy\u00fck 1500 konutluk bir karma proje ger\u00e7ekle\u015ftirecek.<\/p>\n<p>Fuzul Ba\u015fak\u015fehir projesinin 2018 y\u0131l\u0131 i\u00e7erisinde bitirilmesi planlan\u0131yor. Proje Fuzul Grup, Seha Yap\u0131 ve Suudi Arabistan merkezli Al-Zamil Gayrimenkul taraf\u0131ndan olu\u015fturulan konsorsiyumun ile hayata ge\u00e7iriliyor.<\/p>\n<p>Fuzul Grup Y\u00f6netim Kurulu Ba\u015fkan Yard\u0131mc\u0131s\u0131 Ey\u00fcp Akbal \u201cBu Ba\u015fak\u015fehir\u2019de projesini yapaca\u011f\u0131m\u0131z en b\u00fcy\u00fck arsa ve bug\u00fcne kadar in\u015fa etti\u011fimiz en b\u00fcy\u00fck proje olacak. 1500 adet konut ve ticari \u00fcnitelerin de yer alaca\u011f\u0131 karma bir proje olmas\u0131n\u0131 planl\u0131yoruz. Bug\u00fcne kadar edindi\u011fimiz t\u00fcm deneyim ve uzmanl\u0131\u011f\u0131m\u0131z\u0131 bir kez daha bu proje ile g\u00fcndeme getirece\u011fiz\u201d dedi.<\/p>\n<h2>2-) Fuzul-TOK\u0130 Gaziosmapa\u015fa Projesi:<\/h2>\n<p>Toplu Konut \u0130daresi (TOK\u0130) \u0130stanbul Gaziosmanpa\u015fa Karayollar\u0131 Mahallesi&#8217;ndeki arsalar\u0131n\u0131n ihalesini tamamlad\u0131. \u00a0Avrupa Konutlar\u0131 TEM projesinin yan\u0131nda yer alan iki parsel i\u00e7in d\u00fczenlenen ihaleyi 350 milyon lira bedelle Fuzul Yap\u0131-Yol \u0130n\u015faat \u0130\u015f Ortakl\u0131\u011f\u0131 kazand\u0131.<\/p>\n<p>Fuzul Grup&#8217;un teklif etti\u011fi idare pay\u0131 ise 126 milyon lira. Ayr\u0131ca i\u015f ortakl\u0131\u011f\u0131, teklifinin yan\u0131 s\u0131ra projeden 150 daireyi TOK\u0130&#8217;ye verecek.<\/p>\n<p>Fuzul Grup Y\u00f6netim Kurulu \u00dcyesi Faruk Akbal, bunun Ba\u015fak\u015fehir d\u0131\u015f\u0131nda ald\u0131klar\u0131 en b\u00fcy\u00fck ihale oldu\u011funun alt\u0131n\u0131 \u00e7izerek, &#8220;Bu proje bizim vitrinimiz olacak&#8221; dedi. \u0130n\u015faat \u00e7al\u0131\u015fmalar\u0131na y\u0131l sonunda ba\u015flayacaklar\u0131 bilgisini veren Faruk Akbal, &#8220;500 konutluk karma proje hedefliyoruz. Nisan 2017&#8217;de projeyi sat\u0131\u015fa \u00e7\u0131karmay\u0131 planl\u0131yoruz&#8221; \u015feklinde konu\u015fmu\u015ftu.<\/p>\n<h2>Okul da yapacak<\/h2>\n<p>\u00d6zellikle bu lokosyanu \u00e7ok istediklerini belirten Akbal; \u015funlar\u0131 s\u00f6yledi: TEM\u2019in kenar\u0131, geli\u015fen bir b\u00f6lge ve markal\u0131 konutlar\u0131n say\u0131s\u0131n\u0131n artt\u0131\u011f\u0131 bir yer. Ba\u015fak\u015fehirden sonra en \u00e7ok pirim yapan il\u00e7e Gaziosmanpa\u015fa. Pirim yapacak il\u00e7elere yat\u0131r\u0131m\u0131m\u0131z s\u00fcrecek. Buraya da de\u011ferini bulacak bir proje geli\u015ftirece\u011fiz. Projede bir de ilk\u00f6\u011fretim okulu yap\u0131p, TOK\u0130\u2019ye teslim edece\u011fiz diye konu\u015ftu.<\/p>\n<h2>\nTOK\u0130 Gaziosmanpa\u015fa Karayollar\u0131 arsas\u0131:<\/h2>\n<p><img class=\"lazy\" src=\"http:\/\/emlakkulisi.com\/resim\/tamboyut\/MzUwOTkzND-fuzul-basaksehir-ve-gaziosmanpasada-2-bin-yeni-konut-yapacak.jpg\" width=\"100%\" data-original=\"\/resim\/tamboyut\/MzUwOTkzND-fuzul-basaksehir-ve-gaziosmanpasada-2-bin-yeni-konut-yapacak.jpg\" \/><\/p>\n<\/div>\n","protected":false},"excerpt":{"rendered":"<p>Fuzul Grup, \u0130stanbul Ba\u015fak\u015fehir ve Gaziosmanpa\u015fa&#8217;da toplamda 2 bin yeni konut hayata ge\u00e7iriyor. Fuzul yeni projelerini 23 A\u011fustos&#8217;ta bas\u0131na tan\u0131tacak. 2000 y\u0131l\u0131ndan itibaren in\u015faat sekt\u00f6r\u00fcnde faaliyetlerini s\u00fcrd\u00fcren Fuzul Grup ya\u015fanabilir alanlar olu\u015fturmak hedefiyle Ba\u015fak\u015fehir, Ka\u011f\u0131thane ve Kartal&#8217;da yeni konut projeleri ile ad\u0131ndan s\u00f6z ettiriyor. Fuzul Grup 23 A\u011fustos&#8217;ta ger\u00e7ekle\u015ftirece\u011fi bas\u0131n toplant\u0131s\u0131nda Ba\u015fak\u015fehir ve Gaziosmanpa\u015fa&#8217;da hayata [&hellip;]<\/p>\n","protected":false},"author":1,"featured_media":4603,"comment_status":"open","ping_status":"open","sticky":false,"template":"","format":"standard","meta":{"ngg_post_thumbnail":0},"categories":[221,26,219,97],"tags":[11189,130,2987,2996,2995,2997,2935,4441,80,11342,11181,11408],"_links":{"self":[{"href":"https:\/\/emlaktuel.com\/index.php?rest_route=\/wp\/v2\/posts\/4602"}],"collection":[{"href":"https:\/\/emlaktuel.com\/index.php?rest_route=\/wp\/v2\/posts"}],"about":[{"href":"https:\/\/emlaktuel.com\/index.php?rest_route=\/wp\/v2\/types\/post"}],"author":[{"embeddable":true,"href":"https:\/\/emlaktuel.com\/index.php?rest_route=\/wp\/v2\/users\/1"}],"replies":[{"embeddable":true,"href":"https:\/\/emlaktuel.com\/index.php?rest_route=%2Fwp%2Fv2%2Fcomments&post=4602"}],"version-history":[{"count":1,"href":"https:\/\/emlaktuel.com\/index.php?rest_route=\/wp\/v2\/posts\/4602\/revisions"}],"predecessor-version":[{"id":4604,"href":"https:\/\/emlaktuel.com\/index.php?rest_route=\/wp\/v2\/posts\/4602\/revisions\/4604"}],"wp:featuredmedia":[{"embeddable":true,"href":"https:\/\/emlaktuel.com\/index.php?rest_route=\/wp\/v2\/media\/4603"}],"wp:attachment":[{"href":"https:\/\/emlaktuel.com\/index.php?rest_route=%2Fwp%2Fv2%2Fmedia&parent=4602"}],"wp:term":[{"taxonomy":"category","embeddable":true,"href":"https:\/\/emlaktuel.com\/index.php?rest_route=%2Fwp%2Fv2%2Fcategories&post=4602"},{"taxonomy":"post_tag","embeddable":true,"href":"https:\/\/emlaktuel.com\/index.php?rest_route=%2Fwp%2Fv2%2Ftags&post=4602"}],"curies":[{"name":"wp","href":"https:\/\/api.w.org\/{rel}","templated":true}]}}