{"id":46013,"date":"2024-02-14T09:37:22","date_gmt":"2024-02-14T06:37:22","guid":{"rendered":"https:\/\/emlaktuel.com\/?p=46013"},"modified":"2024-02-14T09:37:22","modified_gmt":"2024-02-14T06:37:22","slug":"istanbul-park-turk-sporu-ve-sporcusuna-iade-ediliyor","status":"publish","type":"post","link":"https:\/\/emlaktuel.com\/?p=46013","title":{"rendered":"\u0130stanbul Park T\u00fcrk Sporu ve Sporcusuna \u0130ade Ediliyor"},"content":{"rendered":"<p><strong>\u0130stanbul Park T\u00fcrk Sporu ve Sporcusuna \u0130ade Ediliyor<\/strong><\/p>\n<p>T\u00fcrkiye Otomobil Sporlar\u0131 Federasyonu (TOSFED) taraf\u0131ndan aylard\u0131r her platformda \u0131srarla dile getirilen, \u0130stanbul Park\u2019ta alt\u0131 ay\u0131 a\u015fk\u0131n bir s\u00fcredir devam eden i\u015fgalde art\u0131k sona gelindi. Vak\u0131flar Genel M\u00fcd\u00fcrl\u00fc\u011f\u00fc taraf\u0131ndan yap\u0131lan pistin i\u015fletmesi ile ilgili ihale duyurusunda, TOSFED\u2019in \u2018pistin T\u00fcrk sporcular\u0131m\u0131z taraf\u0131ndan kullan\u0131lmas\u0131na dair \u00e7a\u011fr\u0131s\u0131na\u2019 resmi olarak yer verildi. Nisan ay\u0131 ba\u015f\u0131nda yap\u0131lacak yeni ihalenin \u015fartnamesinde, \u2018Milli Sporcu yeti\u015ftirilmesini sa\u011flamak \u00fczere pistin bedelsiz olarak TOSFED kullan\u0131m\u0131na a\u00e7\u0131lmas\u0131\u2019 \u015fart ko\u015fuldu.<\/p>\n<p>Pistin kap\u0131lar\u0131n\u0131n, 2005\u2019ten bu yana ilk kez T\u00fcrk sporu ve sporcusuna a\u00e7\u0131lmas\u0131n\u0131n yan\u0131 s\u0131ra, ihale ko\u015fullar\u0131nda yer alan Formula 1\u2019in \u00fclkemize geri getirilmesi \u015fart\u0131 da, hem otomobil sporlar\u0131 hem de \u00fclkemiz tan\u0131t\u0131m\u0131 a\u00e7\u0131s\u0131ndan \u00e7ok \u00f6nemli bir geli\u015fme olarak g\u00f6ze \u00e7arp\u0131yor.<\/p>\n<p>TOSFED Ba\u015fkan\u0131 Eren \u00dc\u00e7lertopra\u011f\u0131 konuyla ilgili olarak \u2018Vak\u0131flar Genel M\u00fcd\u00fcrl\u00fc\u011f\u00fc\u2019m\u00fcz taraf\u0131ndan a\u00e7\u0131klanan yeni ihale \u015fartnamesi ile \u0130stanbul Park\u2019taki fiili i\u015fgalin sonlanacak olmas\u0131n\u0131 b\u00fcy\u00fck bir memnuniyetle kar\u015f\u0131lad\u0131k. 2021 y\u0131l\u0131ndaki Federasyon Ba\u015fkanl\u0131\u011f\u0131 se\u00e7imlerinde, \u2018Pistin tekrar ger\u00e7ek sahibi olan sporumuza kazand\u0131r\u0131labilmesi i\u00e7in gereken t\u00fcm m\u00fccadeleyi y\u00fcr\u00fctece\u011fimize dair\u2019 bir s\u00f6z vermi\u015ftim. Bu s\u00f6z kapsam\u0131nda, pistin T\u00fcrk sporcular\u0131m\u0131z taraf\u0131ndan kullan\u0131lacak olmas\u0131n\u0131n gururunu ya\u015f\u0131yoruz. \u00d6te yandan Formula 1 T\u00fcrkiye GP\u2019sinin yeniden d\u00fczenlenebilmesi ad\u0131na, devletimiz taraf\u0131ndan Federasyonumuza verilen her t\u00fcrl\u00fc g\u00f6revi \u00fcstlenmeye haz\u0131r oldu\u011fumuzu bir kez daha hat\u0131rlatmak istiyorum. Bu vesile ile Federasyonumuz ve sporumuza desteklerini hi\u00e7bir zaman esirgemeyen, Formula 1\u2019in yeniden \u00fclkemize d\u00f6nmesinin yolunu a\u00e7an ve pistin T\u00fcrk sporcular\u0131m\u0131za hizmet etmesini sa\u011flayan Say\u0131n Cumhurba\u015fkan\u0131m\u0131z Recep Tayyip Erdo\u011fan\u2019a, Say\u0131n K\u00fclt\u00fcr ve Turizm Bakan\u0131m\u0131z Mehmet Nuri Ersoy\u2019a, Say\u0131n Gen\u00e7lik ve Spor Bakan\u0131m\u0131z Dr. Osman A\u015fk\u0131n Bak\u2019a ve Say\u0131n Vak\u0131flar Genel M\u00fcd\u00fcr\u00fcm\u00fcz Sinan Aksu\u2019ya \u015f\u00fckranlar\u0131m\u0131z\u0131 sunarken; yeni s\u00fcrecin devletimiz, milletimiz ve sporumuz i\u00e7in hay\u0131rl\u0131 olmas\u0131n\u0131 temenni ediyorum.\u2019 yorumunu yapt\u0131.<\/p>\n","protected":false},"excerpt":{"rendered":"<p>\u0130stanbul Park T\u00fcrk Sporu ve Sporcusuna \u0130ade Ediliyor T\u00fcrkiye Otomobil Sporlar\u0131 Federasyonu (TOSFED) taraf\u0131ndan aylard\u0131r her platformda \u0131srarla dile getirilen, \u0130stanbul Park\u2019ta alt\u0131 ay\u0131 a\u015fk\u0131n bir s\u00fcredir devam eden i\u015fgalde art\u0131k sona gelindi. Vak\u0131flar Genel M\u00fcd\u00fcrl\u00fc\u011f\u00fc taraf\u0131ndan yap\u0131lan pistin i\u015fletmesi ile ilgili ihale duyurusunda, TOSFED\u2019in \u2018pistin T\u00fcrk sporcular\u0131m\u0131z taraf\u0131ndan kullan\u0131lmas\u0131na dair \u00e7a\u011fr\u0131s\u0131na\u2019 resmi olarak yer [&hellip;]<\/p>\n","protected":false},"author":1,"featured_media":46014,"comment_status":"open","ping_status":"open","sticky":false,"template":"","format":"standard","meta":{"ngg_post_thumbnail":0},"categories":[5215],"tags":[],"_links":{"self":[{"href":"https:\/\/emlaktuel.com\/index.php?rest_route=\/wp\/v2\/posts\/46013"}],"collection":[{"href":"https:\/\/emlaktuel.com\/index.php?rest_route=\/wp\/v2\/posts"}],"about":[{"href":"https:\/\/emlaktuel.com\/index.php?rest_route=\/wp\/v2\/types\/post"}],"author":[{"embeddable":true,"href":"https:\/\/emlaktuel.com\/index.php?rest_route=\/wp\/v2\/users\/1"}],"replies":[{"embeddable":true,"href":"https:\/\/emlaktuel.com\/index.php?rest_route=%2Fwp%2Fv2%2Fcomments&post=46013"}],"version-history":[{"count":1,"href":"https:\/\/emlaktuel.com\/index.php?rest_route=\/wp\/v2\/posts\/46013\/revisions"}],"predecessor-version":[{"id":46015,"href":"https:\/\/emlaktuel.com\/index.php?rest_route=\/wp\/v2\/posts\/46013\/revisions\/46015"}],"wp:featuredmedia":[{"embeddable":true,"href":"https:\/\/emlaktuel.com\/index.php?rest_route=\/wp\/v2\/media\/46014"}],"wp:attachment":[{"href":"https:\/\/emlaktuel.com\/index.php?rest_route=%2Fwp%2Fv2%2Fmedia&parent=46013"}],"wp:term":[{"taxonomy":"category","embeddable":true,"href":"https:\/\/emlaktuel.com\/index.php?rest_route=%2Fwp%2Fv2%2Fcategories&post=46013"},{"taxonomy":"post_tag","embeddable":true,"href":"https:\/\/emlaktuel.com\/index.php?rest_route=%2Fwp%2Fv2%2Ftags&post=46013"}],"curies":[{"name":"wp","href":"https:\/\/api.w.org\/{rel}","templated":true}]}}