{"id":45993,"date":"2024-02-13T21:36:34","date_gmt":"2024-02-13T18:36:34","guid":{"rendered":"https:\/\/emlaktuel.com\/?p=45993"},"modified":"2024-02-13T21:37:07","modified_gmt":"2024-02-13T18:37:07","slug":"fenercioglundan-kibrisa-3-bin-konutluk-dev-proje-costal-heaven-insaati-basladi","status":"publish","type":"post","link":"https:\/\/emlaktuel.com\/?p=45993","title":{"rendered":"Fenercio\u011flu\u2019ndan K\u0131br\u0131s\u2019a 3 bin Konutluk Dev Proje Costal Heaven in\u015faat\u0131 ba\u015flad\u0131"},"content":{"rendered":"<p>Costal Heaven\u2019\u0131n in\u015faat\u0131na ba\u015fland\u0131<br \/>\nFenercio\u011flu\u2019ndan K\u0131br\u0131s\u2019a 3 bin Konutluk Dev Proje<\/p>\n<p><img loading=\"lazy\" class=\"alignnone size-full wp-image-45994\" src=\"https:\/\/emlaktuel.com\/wp-content\/uploads\/2024\/02\/IMG_20240213_213141.jpg\" alt=\"\" width=\"1080\" height=\"666\"> <img loading=\"lazy\" class=\"alignnone size-full wp-image-45995\" src=\"https:\/\/emlaktuel.com\/wp-content\/uploads\/2024\/02\/IMG_20240213_213207.jpg\" alt=\"\" width=\"1080\" height=\"787\"> <img loading=\"lazy\" class=\"alignnone size-full wp-image-45996\" src=\"https:\/\/emlaktuel.com\/wp-content\/uploads\/2024\/02\/IMG_20240213_213220.jpg\" alt=\"\" width=\"1080\" height=\"1329\"><\/p>\n<p>Fenercio\u011flu Gayrimenkul, K\u0131br\u0131s\u2019ta 3 bin dairelik Costal Heaven projesinin in\u015faat\u0131na ba\u015flad\u0131. Fenercio\u011flu\u2019nun K\u0131br\u0131s\u2019\u0131n Gaziveren ve Girne b\u00f6lgesinde konut ve ticari yat\u0131r\u0131mlar\u0131 devam edecek.<\/p>\n<p>Fenercio\u011flu A.\u015e. Y\u00f6netim Kurulu Ba\u015fkan\u0131 Aycan Fenercio\u011flu, K\u0131br\u0131s\u2019ta uzun s\u00fcredir \u00fczerine \u00e7al\u0131\u015ft\u0131klar\u0131 projenin in\u015faat\u0131na ba\u015flad\u0131klar\u0131n\u0131 belirterek, \u201cK\u0131br\u0131s&#8217;ta ba\u015flad\u0131\u011f\u0131m\u0131z 3 bin dairelik Costal Heaven projemiz Gaziveren\u2019de yer al\u0131yor. Gaziveren, K\u0131br\u0131s&#8217;\u0131n yerle\u015fime yeni a\u00e7\u0131lan ve turistik a\u00e7\u0131dan da yeni bir b\u00f6lgesi. \u0130lk etapta 1050 daire ile ba\u015flayarak, d\u00f6rt y\u0131l i\u00e7inde de etap etap bu yat\u0131r\u0131m\u0131 bitirece\u011fiz. Ayn\u0131 zamanda K\u0131br\u0131s&#8217;\u0131n farkl\u0131 b\u00f6lgelerinde ticari yat\u0131r\u0131mlar\u0131m\u0131z da s\u00fcrecek. Gaziveren ve Girne b\u00f6lgesi de\u011fer art\u0131\u015f\u0131 g\u00f6sterecek b\u00f6lgelerin ba\u015f\u0131nda geliyor, biz Fenercio\u011flu A.\u015e. olarak K\u0131br\u0131s&#8217;\u0131n potansiyeline inan\u0131yoruz.\u201d \u015feklinde konu\u015ftu.<\/p>\n<p>Costal Heaven projesinde ayr\u0131ca s\u00fcpermarket, restoran, kafe, eczane, spor salonu, kapal\u0131 otopark, SPA, sinema, outlet ma\u011fazalar da yer alacak.<\/p>\n<p>Fenercio\u011flu A.\u015e Hakk\u0131nda: Fenercio\u011flu A.\u015e. uzun y\u0131llard\u0131r Antalya\u2019da; kentsel d\u00f6n\u00fc\u015f\u00fcm, in\u015faat, tar\u0131m gibi birden fazla sekt\u00f6rde faaliyet g\u00f6steriyor. Y\u00f6netim Kurulu Ba\u015fkan\u0131 \u0130n\u015faat M\u00fchendisi Aycan Fenercio\u011flu taraf\u0131ndan 2014 y\u0131l\u0131nda kurularak faaliyetlerine ba\u015flayan Fenercio\u011flu A.\u015e., h\u0131zl\u0131 bir y\u00fckseli\u015fle sekt\u00f6r\u00fcnde \u00f6nc\u00fc firma haline gelerek \u0130spanya, Bodrum ve K\u0131br\u0131s\u2019ta da ba\u015far\u0131l\u0131 \u00e7al\u0131\u015fmalar\u0131n\u0131 s\u00fcrd\u00fcr\u00fcyor. Fenercio\u011flu A.\u015e., her boyuttaki i\u015f i\u00e7in ba\u015flang\u0131\u00e7 \u200b\u200bmaliyet tahminleri, geli\u015ftirme teklifleri, tasar\u0131m ve maliyet planlamas\u0131, proje y\u00f6netimi ile in\u015faat teslimi aras\u0131nda eksiksiz bir hizmet sunuyor.<\/p>\n","protected":false},"excerpt":{"rendered":"<p>Costal Heaven\u2019\u0131n in\u015faat\u0131na ba\u015fland\u0131 Fenercio\u011flu\u2019ndan K\u0131br\u0131s\u2019a 3 bin Konutluk Dev Proje Fenercio\u011flu Gayrimenkul, K\u0131br\u0131s\u2019ta 3 bin dairelik Costal Heaven projesinin in\u015faat\u0131na ba\u015flad\u0131. Fenercio\u011flu\u2019nun K\u0131br\u0131s\u2019\u0131n Gaziveren ve Girne b\u00f6lgesinde konut ve ticari yat\u0131r\u0131mlar\u0131 devam edecek. Fenercio\u011flu A.\u015e. Y\u00f6netim Kurulu Ba\u015fkan\u0131 Aycan Fenercio\u011flu, K\u0131br\u0131s\u2019ta uzun s\u00fcredir \u00fczerine \u00e7al\u0131\u015ft\u0131klar\u0131 projenin in\u015faat\u0131na ba\u015flad\u0131klar\u0131n\u0131 belirterek, \u201cK\u0131br\u0131s&#8217;ta ba\u015flad\u0131\u011f\u0131m\u0131z 3 bin dairelik [&hellip;]<\/p>\n","protected":false},"author":1,"featured_media":45997,"comment_status":"open","ping_status":"open","sticky":false,"template":"","format":"standard","meta":{"ngg_post_thumbnail":0},"categories":[1,5388],"tags":[],"_links":{"self":[{"href":"https:\/\/emlaktuel.com\/index.php?rest_route=\/wp\/v2\/posts\/45993"}],"collection":[{"href":"https:\/\/emlaktuel.com\/index.php?rest_route=\/wp\/v2\/posts"}],"about":[{"href":"https:\/\/emlaktuel.com\/index.php?rest_route=\/wp\/v2\/types\/post"}],"author":[{"embeddable":true,"href":"https:\/\/emlaktuel.com\/index.php?rest_route=\/wp\/v2\/users\/1"}],"replies":[{"embeddable":true,"href":"https:\/\/emlaktuel.com\/index.php?rest_route=%2Fwp%2Fv2%2Fcomments&post=45993"}],"version-history":[{"count":1,"href":"https:\/\/emlaktuel.com\/index.php?rest_route=\/wp\/v2\/posts\/45993\/revisions"}],"predecessor-version":[{"id":45998,"href":"https:\/\/emlaktuel.com\/index.php?rest_route=\/wp\/v2\/posts\/45993\/revisions\/45998"}],"wp:featuredmedia":[{"embeddable":true,"href":"https:\/\/emlaktuel.com\/index.php?rest_route=\/wp\/v2\/media\/45997"}],"wp:attachment":[{"href":"https:\/\/emlaktuel.com\/index.php?rest_route=%2Fwp%2Fv2%2Fmedia&parent=45993"}],"wp:term":[{"taxonomy":"category","embeddable":true,"href":"https:\/\/emlaktuel.com\/index.php?rest_route=%2Fwp%2Fv2%2Fcategories&post=45993"},{"taxonomy":"post_tag","embeddable":true,"href":"https:\/\/emlaktuel.com\/index.php?rest_route=%2Fwp%2Fv2%2Ftags&post=45993"}],"curies":[{"name":"wp","href":"https:\/\/api.w.org\/{rel}","templated":true}]}}