{"id":45981,"date":"2024-02-11T21:21:06","date_gmt":"2024-02-11T18:21:06","guid":{"rendered":"https:\/\/emlaktuel.com\/?p=45981"},"modified":"2024-02-11T21:21:06","modified_gmt":"2024-02-11T18:21:06","slug":"otomotiv-sanayii-dernegi-ocak-2024-verilerini-acikladi","status":"publish","type":"post","link":"https:\/\/emlaktuel.com\/?p=45981","title":{"rendered":"Otomotiv Sanayii Derne\u011fi Ocak 2024 Verilerini A\u00e7\u0131klad\u0131!"},"content":{"rendered":"<p>Otomotiv Sanayii Derne\u011fi Ocak 2024 Verilerini A\u00e7\u0131klad\u0131!<\/p>\n<p>Ocak Ay\u0131nda \u00dcretim Y\u00fczde 3, \u0130hracat Y\u00fczde 5 Azald\u0131, Pazar Y\u00fczde 54 B\u00fcy\u00fcd\u00fc!<\/p>\n<p>Otomotiv Sanayii Derneg\u0306i (OSD) 2024 y\u0131l\u0131n\u0131n ocak ay\u0131 verilerini a\u00e7\u0131klad\u0131. Ge\u00e7en y\u0131l\u0131n ayn\u0131 ay\u0131na g\u00f6re toplam \u00fcretim y\u00fczde 3 azalarak 108 bin 483 adet olarak ger\u00e7ekle\u015fti. Ge\u00e7en y\u0131l\u0131n ayn\u0131 ay\u0131na g\u00f6re y\u00fczde 5 gerileyen otomobil \u00fcretimi ise 67 bin 59 adede ula\u015ft\u0131. Trakt\u00f6r \u00fcretimiyle birlikte toplam \u00fcretim ise 112 bin 737 adede y\u00fckseldi. Ticari ara\u00e7 grubunda, ocak ay\u0131nda \u00fcretim y\u00fczde 1, a\u011f\u0131r ticari ara\u00e7 grubunda y\u00fczde 7 art\u0131\u015f ya\u015fan\u0131rken hafif ticari ara\u00e7 grubunda ise ge\u00e7en y\u0131la paralel seyretti. 2024 y\u0131l\u0131n\u0131n ocak ay\u0131nda ge\u00e7en y\u0131l\u0131n ayn\u0131 d\u00f6nemine g\u00f6re ticari ara\u00e7 pazar\u0131 13, a\u011f\u0131r ticari ara\u00e7 pazar\u0131 y\u00fczde 1, hafif ticari ara\u00e7 pazar\u0131 ise y\u00fczde 15 art\u0131\u015f sa\u011flad\u0131. Y\u0131l\u0131n ilk ay\u0131nda, bir \u00f6nceki y\u0131l\u0131n ayn\u0131 ay\u0131na g\u00f6re, toplam otomotiv ihracat\u0131 adet baz\u0131nda y\u00fczde 5, otomobil ihracat\u0131 ise y\u00fczde 13 geriledi. Bu d\u00f6nemde, toplam ihracat 75 bin 106 adet, otomobil ihracat\u0131 ise 44 bin 437 adet d\u00fczeyinde ger\u00e7ekle\u015fti. 2024\u2019\u00fcn ocak ay\u0131nda toplam pazar, ge\u00e7en y\u0131l\u0131n ayn\u0131 ay\u0131na g\u00f6re y\u00fczde 54 artarak 82 bin 416 adetten kapand\u0131. Bu d\u00f6nemde, otomobil pazar\u0131 da y\u00fczde 72 artarak 64 bin 41 adede ula\u015ft\u0131.<\/p>\n<p>Tu\u0308rkiye otomotiv sanayisine yo\u0308n veren 13 u\u0308yesiyle sekto\u0308ru\u0308n c\u0327at\u0131 kurulus\u0327u konumunda olan Otomotiv Sanayii Derneg\u0306i (OSD), 2024 y\u0131l\u0131n\u0131n ocak ay\u0131na ait u\u0308retim ve ihracat adetleri ile pazar verilerini ac\u0327\u0131klad\u0131. Buna g\u00f6re, ocak ay\u0131nda toplam otomotiv \u00fcretimi bir \u00f6nceki y\u0131l\u0131n ayn\u0131 ay\u0131na g\u00f6re y\u00fczde 3 d\u00fc\u015f\u00fc\u015fle 108 bin 483 adet olarak ger\u00e7ekle\u015fti. Otomobil \u00fcretimi ise ise y\u00fczde 5 d\u00fc\u015ferek 67 bin 59 adet olarak ger\u00e7ekle\u015fti. Trakt\u00f6r \u00fcretimiyle birlikte toplam \u00fcretim ise 112 bin 737 adedi buldu. Y\u0131l\u0131n ilk ay\u0131nda ticari ara\u00e7 \u00fcretimi ise bir \u00f6nceki y\u0131l\u0131n ayn\u0131 ay\u0131na g\u00f6re y\u00fczde 1 oran\u0131nda art\u0131\u015f g\u00f6sterdi. Bu d\u00f6nemde, a\u011f\u0131r ticari ara\u00e7 grubunda \u00fcretim y\u00fczde 7 y\u00fckselirken, hafif ticari ara\u00e7 grubunda \u00fcretim ge\u00e7en y\u0131la paralel seyretti. 2024 Ocak ay\u0131nda, otomotiv sanayisinin kapasite kullan\u0131m oran\u0131 y\u00fczde 67 olarak ger\u00e7ekle\u015fti. Ara\u00e7 grubu baz\u0131nda kapasite kullan\u0131m oranlar\u0131 ise hafif ara\u00e7larda (otomobil + hafif ticari ara\u00e7) y\u00fczde 66, kamyon grubunda y\u00fczde 75, otob\u00fcs-midib\u00fcs grubunda y\u00fczde 55 ve trakt\u00f6rde y\u00fczde 68 seviyesinde ger\u00e7ekle\u015fti.<\/p>\n<h2>\u0130hracat y\u00fczde 2 artarak 2,8 milyar dolar oldu!<\/h2>\n<p>Y\u0131l\u0131n ilk ay\u0131nda otomotiv ihracat\u0131 ge\u00e7ti\u011fimiz y\u0131l\u0131n ayn\u0131 ay\u0131na g\u00f6re adet baz\u0131nda y\u00fczde 5 azalarak 75 bin 106 adet olarak ger\u00e7ekle\u015fti. Bu d\u00f6nemde otomobil ihracat\u0131 da bir \u00f6nceki y\u0131l\u0131n ayn\u0131 d\u00f6nemine g\u00f6re y\u00fczde 13 azal\u0131rken, ticari ara\u00e7 ihracat\u0131 ise y\u00fczde 9 oran\u0131nda artt\u0131. Trakt\u00f6r ihracat\u0131 ise 2023 y\u0131l\u0131n\u0131n ayn\u0131 ay\u0131na g\u00f6re y\u00fczde 7 geriledi ve bin 604 adet olarak ger\u00e7ekle\u015fti. T\u00fcrkiye \u0130hracat\u00e7\u0131lar Meclisi verilerine g\u00f6re, toplam otomotiv sanayi ihracat\u0131, 2024\u2019\u00fcn ocak ay\u0131nda y\u00fczde 16 pay ile sekt\u00f6rel ihracat s\u0131ralamas\u0131nda birinci s\u0131rada ba\u015flad\u0131. Uluda\u011f \u0130hracat\u00e7\u0131 Birlikleri (U\u0130B) verilerine g\u00f6re, ocak ay\u0131nda toplam otomotiv ihracat\u0131, 2023 y\u0131l\u0131n\u0131n ayn\u0131 d\u00f6nemine g\u00f6re y\u00fczde 2 artarak 2,8 milyar dolar oldu. Euro baz\u0131nda ise y\u00fczde 1 artarak 2,5 milyar Euro olarak ger\u00e7ekle\u015fti. Bu d\u00f6nemde, dolar baz\u0131nda ana sanayi ihracat\u0131 y\u00fczde 1 oran\u0131nda, tedarik sanayi ihracat\u0131 da y\u00fczde 4 oran\u0131nda artt\u0131.<\/p>\n<h2>\u0130\u00e7 pazarda ocak ay\u0131nda 82 bin 416 ara\u00e7 sat\u0131ld\u0131!<\/h2>\n<p>2024\u2019\u00fcn ocak ay\u0131nda toplam pazar, bir \u00f6nceki y\u0131l\u0131n ayn\u0131 ay\u0131na g\u00f6re y\u00fczde 54 artarak 82 bin 416 adet d\u00fczeyinde ger\u00e7ekle\u015fti. Bu d\u00f6nemde, otomobil pazar\u0131 da y\u00fczde 72 oran\u0131nda artarak 64 bin 41 adet oldu. Ticari ara\u00e7 pazar\u0131na bak\u0131ld\u0131\u011f\u0131nda ise y\u0131l\u0131n ilk ay\u0131nda, bir \u00f6nceki y\u0131l\u0131n ayn\u0131 d\u00f6nemine k\u0131yasla toplam ticari ara\u00e7 pazar\u0131nda y\u00fczde 13, a\u011f\u0131r ticari ara\u00e7 pazar\u0131nda y\u00fczde 1, hafif ticari ara\u00e7 pazar\u0131nda ise y\u00fczde 15 b\u00fcy\u00fcme sa\u011fland\u0131. 2024\u2019\u00fcn ocak ay\u0131nda, ge\u00e7en y\u0131l\u0131n ayn\u0131 d\u00f6nemine g\u00f6re otomobil sat\u0131\u015flar\u0131ndaki yerli ara\u00e7 pay\u0131 y\u00fczde 35, hafif ticari ara\u00e7 pazar\u0131nda yerli ara\u00e7 pay\u0131 ise y\u00fczde 34 olarak ger\u00e7ekle\u015fti.<\/p>\n<p>&nbsp;<\/p>\n<p>&nbsp;<\/p>\n<p>&nbsp;<\/p>\n<p>&nbsp;<\/p>\n","protected":false},"excerpt":{"rendered":"<p>Otomotiv Sanayii Derne\u011fi Ocak 2024 Verilerini A\u00e7\u0131klad\u0131! Ocak Ay\u0131nda \u00dcretim Y\u00fczde 3, \u0130hracat Y\u00fczde 5 Azald\u0131, Pazar Y\u00fczde 54 B\u00fcy\u00fcd\u00fc! Otomotiv Sanayii Derneg\u0306i (OSD) 2024 y\u0131l\u0131n\u0131n ocak ay\u0131 verilerini a\u00e7\u0131klad\u0131. Ge\u00e7en y\u0131l\u0131n ayn\u0131 ay\u0131na g\u00f6re toplam \u00fcretim y\u00fczde 3 azalarak 108 bin 483 adet olarak ger\u00e7ekle\u015fti. Ge\u00e7en y\u0131l\u0131n ayn\u0131 ay\u0131na g\u00f6re y\u00fczde 5 gerileyen otomobil [&hellip;]<\/p>\n","protected":false},"author":1,"featured_media":45982,"comment_status":"open","ping_status":"open","sticky":false,"template":"","format":"standard","meta":{"ngg_post_thumbnail":0},"categories":[5215],"tags":[],"_links":{"self":[{"href":"https:\/\/emlaktuel.com\/index.php?rest_route=\/wp\/v2\/posts\/45981"}],"collection":[{"href":"https:\/\/emlaktuel.com\/index.php?rest_route=\/wp\/v2\/posts"}],"about":[{"href":"https:\/\/emlaktuel.com\/index.php?rest_route=\/wp\/v2\/types\/post"}],"author":[{"embeddable":true,"href":"https:\/\/emlaktuel.com\/index.php?rest_route=\/wp\/v2\/users\/1"}],"replies":[{"embeddable":true,"href":"https:\/\/emlaktuel.com\/index.php?rest_route=%2Fwp%2Fv2%2Fcomments&post=45981"}],"version-history":[{"count":1,"href":"https:\/\/emlaktuel.com\/index.php?rest_route=\/wp\/v2\/posts\/45981\/revisions"}],"predecessor-version":[{"id":45983,"href":"https:\/\/emlaktuel.com\/index.php?rest_route=\/wp\/v2\/posts\/45981\/revisions\/45983"}],"wp:featuredmedia":[{"embeddable":true,"href":"https:\/\/emlaktuel.com\/index.php?rest_route=\/wp\/v2\/media\/45982"}],"wp:attachment":[{"href":"https:\/\/emlaktuel.com\/index.php?rest_route=%2Fwp%2Fv2%2Fmedia&parent=45981"}],"wp:term":[{"taxonomy":"category","embeddable":true,"href":"https:\/\/emlaktuel.com\/index.php?rest_route=%2Fwp%2Fv2%2Fcategories&post=45981"},{"taxonomy":"post_tag","embeddable":true,"href":"https:\/\/emlaktuel.com\/index.php?rest_route=%2Fwp%2Fv2%2Ftags&post=45981"}],"curies":[{"name":"wp","href":"https:\/\/api.w.org\/{rel}","templated":true}]}}