{"id":4598,"date":"2016-08-19T12:35:38","date_gmt":"2016-08-19T09:35:38","guid":{"rendered":"http:\/\/emlaktuel.com\/?p=4598"},"modified":"2018-07-05T14:37:22","modified_gmt":"2018-07-05T11:37:22","slug":"konutta-faiz-destegi-piyasalari-canlandiracak","status":"publish","type":"post","link":"https:\/\/emlaktuel.com\/?p=4598","title":{"rendered":"Konutta faiz deste\u011fi piyasalar\u0131 canland\u0131racak"},"content":{"rendered":"<p>Konut sekt\u00f6r\u00fcndeki kredi faiz oranlar\u0131n\u0131n 1\u2019in alt\u0131na \u00e7ekilmesinin ard\u0131ndan hareketlenme ya\u015fand\u0131\u011f\u0131n\u0131 belirten in\u015faat sekt\u00f6r\u00fc temsilcileri, konuta verilecek yeni desteklerle ekonominin hareketlendirilebilece\u011fini ifade ediyor. \u0130n\u015faat M\u00fcteahhitleri Konfederasyonu (\u0130MKON) Ba\u015fkan\u0131 Tahir Tellio\u011flu,\u00a0 yapt\u0131\u011f\u0131 a\u00e7\u0131klamada,\u00a0Cumhurba\u015fkan\u0131 Recep Tayyip Erdo\u011fan\u2019\u0131n \u00e7a\u011fr\u0131s\u0131n\u0131n ard\u0131ndan bankalar\u0131n konut kredisi faiz oranlar\u0131n\u0131 d\u00fc\u015f\u00fcrmesinin sekt\u00f6rde sevin\u00e7le kar\u015f\u0131land\u0131\u011f\u0131n\u0131 s\u00f6yledi.<\/p>\n<p><img loading=\"lazy\" class=\"alignnone  wp-image-4599\" src=\"http:\/\/emlaktuel.com\/wp-content\/uploads\/2016\/08\/Tahir-Tellioglu-300x150.jpg\" alt=\"Tahir-Tellioglu\" width=\"510\" height=\"255\" \/><\/p>\n<div class=\"entry\">\n<p>Bu geli\u015fmenin ard\u0131ndan konut sekt\u00f6r\u00fcnde hareketlenmenin ya\u015fand\u0131\u011f\u0131n\u0131 belirten Tellio\u011flu, son d\u00f6nemlerde konut almaktan vazge\u00e7en t\u00fcketicilerin yeniden konut projelerini gezmeye ve ev almaya ba\u015flad\u0131\u011f\u0131n\u0131 kaydetti.<\/p>\n<p>Sekt\u00f6r olarak gelecekten umutlu olduklar\u0131n\u0131 vurgulayan Tellio\u011flu, \u201cFaizlerin 1\u2019in alt\u0131na d\u00fc\u015fmesi sekt\u00f6re hareket getirdi ancak eskisi gibi m\u00fcmk\u00fcnse kredilerin 0,70\u2019lere kadar \u00e7ekilmesi veya kredilerdeki ekstra maliyetlerin ortadan kald\u0131r\u0131lmas\u0131 gerekir. \u015eu an kredi faiz oranlar\u0131 nispeten d\u00fc\u015ft\u00fc. Ama bankalar\u0131n \u00e7e\u015fitli adlar alt\u0131nda ekstra maliyet \u00e7\u0131karma \u00e7abalar\u0131 s\u00fcr\u00fcyor. Bu da sekt\u00f6rde ister istemez s\u0131k\u0131nt\u0131lar\u0131 beraberinde getiriyor.\u201d dedi.<\/p>\n<p>Konut sekt\u00f6r\u00fcn\u00fcn \u00fclke ekonomisindeki \u00f6nemine dikkati \u00e7eken Tellio\u011flu, konuta verilecek deste\u011fin ekonomiyi hareketlendirece\u011fine i\u015faret etti. Bu anlamda 0,90\u2019larda olan konut kredisi faizinin hen\u00fcz istenilen seviye i\u00e7in yeterli olmad\u0131\u011f\u0131n\u0131 belirten Tellio\u011flu, \u015f\u00f6yle konu\u015ftu:<\/p>\n<p>\u201c\u0130n\u015faat sekt\u00f6r\u00fc beraberinde 250 sekt\u00f6re hayat veriyor. Yani binlerce insan\u0131n ekme\u011fine kat\u0131k oluyor. Bizim sekt\u00f6r\u00fcm\u00fcz, tekstilden beyaz e\u015fya sekt\u00f6r\u00fcne kadar her alana do\u011frudan etki ediyor. O y\u00fczden in\u015faat sekt\u00f6r\u00fcndeki hareketlilik veya durgunluk \u00fclke ekonomimizin tamam\u0131na olumlu veya olumsuz katlanarak daha fazla yans\u0131ma sa\u011fl\u0131yor. Bu da demek oluyor ki konut sekt\u00f6r\u00fc ekonominin can damar\u0131. Ekonomimizin daha iyi yerlere gelebilmesi i\u00e7in konut sekt\u00f6r\u00fcn\u00fcn canland\u0131r\u0131lmas\u0131 gerekir ve bunun da yeni desteklerle olaca\u011f\u0131n\u0131 unutmamal\u0131y\u0131z.\u201d<\/p>\n<p><img loading=\"lazy\" class=\"alignnone  wp-image-4600\" src=\"http:\/\/emlaktuel.com\/wp-content\/uploads\/2016\/08\/fethi-300x150.jpg\" alt=\"fethi\" width=\"498\" height=\"249\" \/><\/p>\n<p><strong>\u00a0\u201cKampanyalar devam etmeli\u201d<\/strong><\/p>\n<p>T\u00fcrkiye \u0130n\u015faat Malzemesi Sanayicileri Derne\u011fi (\u0130MSAD) Fethi Hinginar da ya\u015fanan darbe giri\u015fimi sonras\u0131 olumsuz beklentilere kar\u015f\u0131n hem H\u00fck\u00fcmetin hem de Emlak Konut ba\u015fta olmak \u00fczere b\u00fcy\u00fck gayrimenkul yat\u0131r\u0131mc\u0131lar\u0131n\u0131n kampanyalar\u0131 ve bankalar\u0131n faiz indirimlerinin sekt\u00f6re olumlu yans\u0131malar\u0131n\u0131n olaca\u011f\u0131n\u0131 belirtti.<\/p>\n<p>Konut kredisi faiz oranlar\u0131n\u0131n y\u00fczde 1\u2019in alt\u0131na d\u00fc\u015fmesinin gayrimenkul sekt\u00f6r\u00fcn\u00fc hareketlendirece\u011fini ve konut sat\u0131\u015f oranlar\u0131n\u0131 art\u0131raca\u011f\u0131n\u0131 aktaran Hinginar, \u015f\u00f6yle devam etti:<\/p>\n<p>\u201cFaiz indirimleri 0,90\u2019lar\u0131n alt\u0131na inerse ve uzun vadede bu bantta devam ederse yeni projeler i\u00e7in de sekt\u00f6rde bir canl\u0131l\u0131k olu\u015facakt\u0131r. Konut almak isteyen ancak faizler y\u00fcksek oldu\u011fu i\u00e7in bu plan\u0131n\u0131 erteleyen t\u00fcketiciler de faizlerin cazip rakamlara ula\u015fmas\u0131yla harekete ge\u00e7ecektir. Konut sat\u0131\u015flar\u0131nda ya\u015fanacak hareketlilik, yeni projeler i\u00e7in de yap\u0131 ruhsat\u0131 ba\u015fvurular\u0131n\u0131n artmas\u0131na, yap\u0131 ruhsat\u0131 al\u0131nm\u0131\u015f ancak son d\u00f6nemdeki geli\u015fmelerden dolay\u0131 beklemede olan projelerin ise ba\u015flamas\u0131na vesile olacakt\u0131r. Tabii bu kampanyalar\u0131n bir ay gibi k\u0131sa bir s\u00fcrede hemen sonu\u00e7 vermesi zor olaca\u011f\u0131ndan kampanyalar\u0131n bir s\u00fcre daha devam etmesinin yararl\u0131 olaca\u011f\u0131 g\u00f6r\u00fc\u015f\u00fcndeyiz. Ancak bu durumda piyasalarda ve sanayide yans\u0131malar\u0131n\u0131 g\u00f6rebiliriz.\u201d<\/p>\n<p>Hinginar, in\u015faat\u00a0ve gayrimenkul sekt\u00f6r\u00fcn\u00fcn dinamo sekt\u00f6rler oldu\u011funa i\u015faret ederek, gayrimenkul sekt\u00f6r\u00fcn\u00fcn canlanmas\u0131yla in\u015faat malzemesi sekt\u00f6r\u00fc ba\u015fta olmak \u00fczere sanayiden perakendeye kadar piyasalarda da canlanmaya vesile olaca\u011f\u0131n\u0131 s\u00f6zlerine ekledi.<\/p>\n<\/div>\n","protected":false},"excerpt":{"rendered":"<p>Konut sekt\u00f6r\u00fcndeki kredi faiz oranlar\u0131n\u0131n 1\u2019in alt\u0131na \u00e7ekilmesinin ard\u0131ndan hareketlenme ya\u015fand\u0131\u011f\u0131n\u0131 belirten in\u015faat sekt\u00f6r\u00fc temsilcileri, konuta verilecek yeni desteklerle ekonominin hareketlendirilebilece\u011fini ifade ediyor. \u0130n\u015faat M\u00fcteahhitleri Konfederasyonu (\u0130MKON) Ba\u015fkan\u0131 Tahir Tellio\u011flu,\u00a0 yapt\u0131\u011f\u0131 a\u00e7\u0131klamada,\u00a0Cumhurba\u015fkan\u0131 Recep Tayyip Erdo\u011fan\u2019\u0131n \u00e7a\u011fr\u0131s\u0131n\u0131n ard\u0131ndan bankalar\u0131n konut kredisi faiz oranlar\u0131n\u0131 d\u00fc\u015f\u00fcrmesinin sekt\u00f6rde sevin\u00e7le kar\u015f\u0131land\u0131\u011f\u0131n\u0131 s\u00f6yledi. Bu geli\u015fmenin ard\u0131ndan konut sekt\u00f6r\u00fcnde hareketlenmenin ya\u015fand\u0131\u011f\u0131n\u0131 belirten [&hellip;]<\/p>\n","protected":false},"author":1,"featured_media":3300,"comment_status":"open","ping_status":"open","sticky":false,"template":"","format":"standard","meta":{"ngg_post_thumbnail":0},"categories":[221,26,27],"tags":[459,278,2434,80,951,2994,953,11359,11314,89,11539],"_links":{"self":[{"href":"https:\/\/emlaktuel.com\/index.php?rest_route=\/wp\/v2\/posts\/4598"}],"collection":[{"href":"https:\/\/emlaktuel.com\/index.php?rest_route=\/wp\/v2\/posts"}],"about":[{"href":"https:\/\/emlaktuel.com\/index.php?rest_route=\/wp\/v2\/types\/post"}],"author":[{"embeddable":true,"href":"https:\/\/emlaktuel.com\/index.php?rest_route=\/wp\/v2\/users\/1"}],"replies":[{"embeddable":true,"href":"https:\/\/emlaktuel.com\/index.php?rest_route=%2Fwp%2Fv2%2Fcomments&post=4598"}],"version-history":[{"count":1,"href":"https:\/\/emlaktuel.com\/index.php?rest_route=\/wp\/v2\/posts\/4598\/revisions"}],"predecessor-version":[{"id":4601,"href":"https:\/\/emlaktuel.com\/index.php?rest_route=\/wp\/v2\/posts\/4598\/revisions\/4601"}],"wp:featuredmedia":[{"embeddable":true,"href":"https:\/\/emlaktuel.com\/index.php?rest_route=\/wp\/v2\/media\/3300"}],"wp:attachment":[{"href":"https:\/\/emlaktuel.com\/index.php?rest_route=%2Fwp%2Fv2%2Fmedia&parent=4598"}],"wp:term":[{"taxonomy":"category","embeddable":true,"href":"https:\/\/emlaktuel.com\/index.php?rest_route=%2Fwp%2Fv2%2Fcategories&post=4598"},{"taxonomy":"post_tag","embeddable":true,"href":"https:\/\/emlaktuel.com\/index.php?rest_route=%2Fwp%2Fv2%2Ftags&post=4598"}],"curies":[{"name":"wp","href":"https:\/\/api.w.org\/{rel}","templated":true}]}}