{"id":45972,"date":"2024-02-08T22:07:32","date_gmt":"2024-02-08T19:07:32","guid":{"rendered":"https:\/\/emlaktuel.com\/?p=45972"},"modified":"2024-02-08T22:07:32","modified_gmt":"2024-02-08T19:07:32","slug":"kisin-elektrikli-arac-kullananlara-ipuclari","status":"publish","type":"post","link":"https:\/\/emlaktuel.com\/?p=45972","title":{"rendered":"K\u0131\u015f\u0131n elektrikli ara\u00e7 kullananlara ipu\u00e7lar\u0131"},"content":{"rendered":"<p><strong>Elektrikli ara\u00e7lar\u0131n so\u011fuk hava \u015fartlar\u0131nda nas\u0131l performans g\u00f6sterdi\u011fi merak konusu.<\/strong><strong>&nbsp;ABD\u2019nin&nbsp;y\u0131ll\u0131k t\u00fcketici verilerini de\u011ferlendiren ara\u015ft\u0131rma \u015firketi<\/strong>&nbsp;<strong>Consumer Reports&#8217;a g\u00f6re hava s\u0131cakl\u0131\u011f\u0131n\u0131n s\u0131f\u0131r\u0131n alt\u0131na d\u00fc\u015ft\u00fc\u011f\u00fc g\u00fcnlerde&nbsp;<\/strong><strong>elektrikli ara\u00e7 s\u00fcr\u00fc\u015f menzili y\u00fczde 25 oran\u0131nda azal\u0131yor.<\/strong><\/p>\n<p><strong>Peki k\u0131\u015f\u0131n&nbsp;<\/strong><strong>elektrikli ara\u00e7 kullan\u0131m\u0131n\u0131 kolayla\u015ft\u0131rmak i\u00e7in nelere dikkat etmek gerekiyor? \u0130\u015fte detaylar\u2026<\/strong><\/p>\n<p>Geleneksel arabalardan y\u00fczde 75 daha tasarruflu ve daha konforlu olan elektrikli arabalar\u0131n menzilleri,&nbsp;hava s\u0131cakl\u0131\u011f\u0131n\u0131n s\u0131f\u0131r\u0131n alt\u0131na d\u00fc\u015ft\u00fc\u011f\u00fc g\u00fcnlerde k\u0131sal\u0131yor. ABD\u2019nin&nbsp;y\u0131ll\u0131k t\u00fcketici verilerini de\u011ferlendiren ara\u015ft\u0131rma \u015firketi&nbsp;<strong>Consumer Reports&#8217;a<\/strong>&nbsp;g\u00f6re hava s\u0131cakl\u0131\u011f\u0131n\u0131n s\u0131f\u0131r\u0131n alt\u0131na d\u00fc\u015ft\u00fc\u011f\u00fc g\u00fcnlerde&nbsp;elektrikli ara\u00e7 s\u00fcr\u00fc\u015f menzili&nbsp;<strong>y\u00fczde 25 oran\u0131nda<\/strong> azal\u0131yor.&nbsp;<\/p>\n<p><em>\u201cElektrikli arabalar, k\u0131\u015f\u0131n baz\u0131 zorluklar\u0131 beraberinde getiriyor; ancak bu durum elektrikli araba sahibi olmak i\u00e7in cayd\u0131r\u0131c\u0131 bir durum de\u011fil. Unutmayal\u0131m ki d\u00fcnyan\u0131n en so\u011fuk \u00fclkelerinden Norve\u00e7, elektrikli ara\u00e7 kullan\u0131m\u0131nda d\u00fcnya lideri\u201d<\/em>&nbsp;diyen&nbsp;<strong>Elaris Genel Koordinat\u00f6r\u00fc Volkan Demir,&nbsp;<\/strong>k\u0131\u015f aylar\u0131nda elektrikli ara\u00e7 kullan\u0131m\u0131n\u0131 kolayla\u015ft\u0131racak hususlar\u0131 payla\u015ft\u0131:<\/p>\n<p><strong>\u201cBataryan\u0131n her zaman tam \u015farjl\u0131 oldu\u011fundan emin olmak gerekiyor\u201d<\/strong><\/p>\n<p><em>\u201cElektrikli arabalardaki batarya teknolojileri<\/em><em>, s\u0131cakl\u0131klar donma noktas\u0131na yakla\u015ft\u0131\u011f\u0131nda daha d\u00fc\u015f\u00fck performans g\u00f6steriyor ve bu durum elektrikli otomobilin menzilini d\u00fc\u015f\u00fcr\u00fcyor. Araban\u0131n kabin \u0131s\u0131tmas\u0131 i\u00e7in sarf etti\u011fi eforda menzilin d\u00fc\u015fmesinde \u00f6nemli rol oynuyor. Bu nedenle elektrikli ara\u00e7 kullan\u0131c\u0131lar\u0131n\u0131n so\u011fuk havada menzil kayb\u0131 ya\u015fayacaklar\u0131n\u0131 bilmeleri ve bu durumu g\u00f6z \u00f6n\u00fcnde bulundurarak plan yapmalar\u0131 gerekiyor. Bu kapsamda bataryan\u0131n tam \u015farjl\u0131 olmas\u0131 olduk\u00e7a \u00f6nemli. Ayr\u0131ca menzil endi\u015fesi ya\u015famamak i\u00e7in \u015farj seviyesinin y\u00fczde 20\u2019nin alt\u0131na d\u00fc\u015f\u00fcr\u00fclmemesi gerekiyor.&nbsp;<\/em><\/p>\n<p><strong>\u201cT\u00fcrkiye\u2019de<\/strong><strong>&nbsp;soket ba\u015f\u0131na 5 elektrikli ara\u00e7 d\u00fc\u015f\u00fcyor\u201d<\/strong><\/p>\n<p><em>\u00dclkemizde g\u00fcn ge\u00e7tik\u00e7e artan \u015farj istasyonlar\u0131 sayesinde s\u00fcr\u00fcc\u00fclerin&nbsp;hem yaz\u0131n hem de k\u0131\u015f\u0131n \u015farj konusunda bir sorun ya\u015famayacaklar\u0131n\u0131 s\u00f6yleyebiliriz.<\/em>&nbsp;&nbsp;<em>T\u00fcrkiye\u2019de 81 ilde bulunan kurulu istasyonlardaki toplam soket say\u0131s\u0131 14 bin adede yakla\u015fm\u0131\u015f durumda. Bu veriyi, elektrikli ara\u00e7 say\u0131s\u0131na g\u00f6re de\u011ferlendirdi\u011fimizde ise soket ba\u015f\u0131na 5 elektrikli ara\u00e7 d\u00fc\u015fmektedir.&nbsp;<\/em><\/p>\n<p><em><strong>\u201cEATON \u015farj cihazlar\u0131,<\/strong><\/em><strong>&nbsp;y\u00fczde 96 verimlilik de\u011feriyle \u015farj s\u00fcresini k\u0131salt\u0131yor\u201d&nbsp;<\/strong><\/p>\n<p><em>S\u00fcr\u00fcc\u00fclerin k\u0131\u015f aylar\u0131nda hassasiyet g\u00f6sterdikleri bir di\u011fer konu ise \u015farj s\u00fcresi oluyor. \u00c7\u00fcnk\u00fc so\u011fuk havalarda&nbsp;<\/em><em>elektrikli arabalar\u0131n&nbsp;\u015farj s\u00fcresi de uzuyor. Elaris olarak,&nbsp;ABD firmas\u0131 olan ve \u0130svi\u00e7re men\u015feili EATON marka&nbsp;DC&nbsp;\u015farj cihazlar\u0131m\u0131zla,&nbsp;\u015farj istasyonlar\u0131nda ortalama y\u00fczde 55 olan verimlili\u011fi, y\u00fczde 96 seviyelerinde tutarak piyasadaki en y\u00fcksek oranlardan birini sunuyoruz. B\u00f6ylece \u015farj s\u00fcresini kayda de\u011fer oranda azalt\u0131yoruz. S\u00fcr\u00fcc\u00fclerin bu konuda bir s\u0131k\u0131nt\u0131 ya\u015famamalar\u0131 i\u00e7in evlerine veya i\u015fyerlerine kurduracaklar\u0131 elektrikli ara\u00e7<\/em>&nbsp;<em>\u015farj istasyonu<\/em><em>nun verimlili\u011fine ve uluslararas\u0131 sertifikasyonlar\u0131na dikkat etmeleri gerekiyor.<\/em><\/p>\n<p><strong>Is\u0131 pompal\u0131 elektrikli arabalar, s\u00fcrd\u00fcr\u00fclebilir mobiliteyi destekliyor<\/strong><\/p>\n<p><em>G\u00fcn\u00fcm\u00fczde olduk\u00e7a yayg\u0131n hale gelen \u0131s\u0131 pompal\u0131 elektrikli arabalar da so\u011fuklarda menzil kayb\u0131n\u0131&nbsp;en aza indirerek s\u00fcrd\u00fcr\u00fclebilir mobiliteye katk\u0131 sa\u011fl\u0131yor. \u00c7\u00fcnk\u00fc \u0131s\u0131 pompas\u0131, kabini \u0131s\u0131tmak veya so\u011futmak i\u00e7in daha az elektrik t\u00fcketiyor. Bu nedenle \u0131s\u0131 pompal\u0131 elektrikli arabalar\u0131 tercih etmek de k\u0131\u015f\u0131n ya\u015fanan verimlilik kayb\u0131n\u0131n \u00f6nlenmesinde \u00f6nemli rol oynuyor\u201d<\/em>&nbsp; diyerek s\u00f6zlerini tamamlad\u0131.&nbsp;<\/p>\n","protected":false},"excerpt":{"rendered":"<p>Elektrikli ara\u00e7lar\u0131n so\u011fuk hava \u015fartlar\u0131nda nas\u0131l performans g\u00f6sterdi\u011fi merak konusu.&nbsp;ABD\u2019nin&nbsp;y\u0131ll\u0131k t\u00fcketici verilerini de\u011ferlendiren ara\u015ft\u0131rma \u015firketi&nbsp;Consumer Reports&#8217;a g\u00f6re hava s\u0131cakl\u0131\u011f\u0131n\u0131n s\u0131f\u0131r\u0131n alt\u0131na d\u00fc\u015ft\u00fc\u011f\u00fc g\u00fcnlerde&nbsp;elektrikli ara\u00e7 s\u00fcr\u00fc\u015f menzili y\u00fczde 25 oran\u0131nda azal\u0131yor. Peki k\u0131\u015f\u0131n&nbsp;elektrikli ara\u00e7 kullan\u0131m\u0131n\u0131 kolayla\u015ft\u0131rmak i\u00e7in nelere dikkat etmek gerekiyor? \u0130\u015fte detaylar\u2026 Geleneksel arabalardan y\u00fczde 75 daha tasarruflu ve daha konforlu olan elektrikli arabalar\u0131n menzilleri,&nbsp;hava [&hellip;]<\/p>\n","protected":false},"author":1,"featured_media":45973,"comment_status":"open","ping_status":"open","sticky":false,"template":"","format":"standard","meta":{"ngg_post_thumbnail":0},"categories":[1],"tags":[],"_links":{"self":[{"href":"https:\/\/emlaktuel.com\/index.php?rest_route=\/wp\/v2\/posts\/45972"}],"collection":[{"href":"https:\/\/emlaktuel.com\/index.php?rest_route=\/wp\/v2\/posts"}],"about":[{"href":"https:\/\/emlaktuel.com\/index.php?rest_route=\/wp\/v2\/types\/post"}],"author":[{"embeddable":true,"href":"https:\/\/emlaktuel.com\/index.php?rest_route=\/wp\/v2\/users\/1"}],"replies":[{"embeddable":true,"href":"https:\/\/emlaktuel.com\/index.php?rest_route=%2Fwp%2Fv2%2Fcomments&post=45972"}],"version-history":[{"count":1,"href":"https:\/\/emlaktuel.com\/index.php?rest_route=\/wp\/v2\/posts\/45972\/revisions"}],"predecessor-version":[{"id":45974,"href":"https:\/\/emlaktuel.com\/index.php?rest_route=\/wp\/v2\/posts\/45972\/revisions\/45974"}],"wp:featuredmedia":[{"embeddable":true,"href":"https:\/\/emlaktuel.com\/index.php?rest_route=\/wp\/v2\/media\/45973"}],"wp:attachment":[{"href":"https:\/\/emlaktuel.com\/index.php?rest_route=%2Fwp%2Fv2%2Fmedia&parent=45972"}],"wp:term":[{"taxonomy":"category","embeddable":true,"href":"https:\/\/emlaktuel.com\/index.php?rest_route=%2Fwp%2Fv2%2Fcategories&post=45972"},{"taxonomy":"post_tag","embeddable":true,"href":"https:\/\/emlaktuel.com\/index.php?rest_route=%2Fwp%2Fv2%2Ftags&post=45972"}],"curies":[{"name":"wp","href":"https:\/\/api.w.org\/{rel}","templated":true}]}}