{"id":45967,"date":"2024-02-08T22:01:39","date_gmt":"2024-02-08T19:01:39","guid":{"rendered":"https:\/\/emlaktuel.com\/?p=45967"},"modified":"2024-02-08T22:01:39","modified_gmt":"2024-02-08T19:01:39","slug":"team-peugeot-totalenergiesin-2024-sezonu-icin-yeni-ekip-ve-pilotlarini-acikladi","status":"publish","type":"post","link":"https:\/\/emlaktuel.com\/?p=45967","title":{"rendered":"Team Peugeot Totalenergies&#8217;in 2024 sezonu i\u00e7in yeni ekip ve pilotlar\u0131n\u0131 a\u00e7\u0131klad\u0131"},"content":{"rendered":"<p>TEAM PEUGEOT TOTALENERGIES\u2019\u0130N 2024 SEZONU \u0130\u00c7\u0130N YEN\u0130 EK\u0130P VE P\u0130LOTLARINI A\u00c7IKLADI!<\/p>\n<p>Team Peugeot TotalEnergies, 2024 FIA D\u00fcnya Dayan\u0131kl\u0131l\u0131k \u015eampiyonas\u0131\u2019nda (WEC) yar\u0131\u015facak yeni ekip ve pilotlar\u0131n\u0131 a\u00e7\u0131klad\u0131. Yeni sezonda 93 numaral\u0131 PEUGEOT 9X8&#8217;de Mikkel Jensen, Nico M\u00fcller ve Jean-Eric Vergne bir araya gelecek. 94 numaral\u0131 ara\u00e7ta ise Paul Di Resta, Lo\u00efc Duval ve Stoffel Vandoorne, pilotluk yapacak. 2024 FIA D\u00fcnya Dayan\u0131kl\u0131l\u0131k \u015eampiyonas\u0131&#8217;n\u0131n (WEC) a\u00e7\u0131l\u0131\u015f turu Katar&#8217;da yap\u0131lacak. A\u00e7\u0131l\u0131\u015f yar\u0131\u015f\u0131 ise 24-25 \u015eubat 2024&#8217;te ger\u00e7ekle\u015fecek.<\/p>\n<p><img loading=\"lazy\" class=\"alignnone size-full wp-image-45968\" src=\"https:\/\/emlaktuel.com\/wp-content\/uploads\/2024\/02\/IMG_20240208_215851.jpg\" alt=\"\" width=\"1015\" height=\"586\"><\/p>\n<p>Team Peugeot TotalEnergies, 2024 FIA D\u00fcnya Dayan\u0131kl\u0131l\u0131k \u015eampiyonas\u0131\u2019nda (WEC) yar\u0131\u015facak ekip ve pilotlar\u0131n\u0131 a\u00e7\u0131klad\u0131. 2024 FIA D\u00fcnya Dayan\u0131kl\u0131l\u0131k \u015eampiyonas\u0131 (WEC), 24-25 \u015eubat&#8217;ta Katar&#8217;daki resmi a\u00e7\u0131l\u0131\u015f t\u00f6reniyle ba\u015flayacak. Bu kapsamda Team Peugeot TotalEnergies, say\u0131l\u0131 g\u00fcnler kalan yeni sezon i\u00e7in son haz\u0131rl\u0131klara ba\u015flad\u0131. Tak\u0131m yeni sezonda da geli\u015fmeye devam etmekte kararl\u0131. Ekip, ge\u00e7en y\u0131l Stoffel Vandoorne&#8217;un da kat\u0131lmas\u0131yla, WEC\u2019e kat\u0131lan iki PEUGEOT 9X8 otomobilin pilot kadrolar\u0131n\u0131 inceleme f\u0131rsat\u0131 buldu. Bu y\u0131l da yo\u011fun bir rekabet ortam\u0131n\u0131n ya\u015fanaca\u011f\u0131 \u015fampiyona i\u00e7in tak\u0131m her bir ayr\u0131nt\u0131y\u0131 titizlikle ele al\u0131yor.<\/p>\n<p>Team Peugeot TotalEnergies\u2019\u0131 yedek pilot olarak Malthe Jakobsen tamaml\u0131yor. Danimarkal\u0131 gen\u00e7 pilot, 2023 y\u0131l\u0131nda Resmi Gen\u00e7 Pilot se\u00e7ildikten sonra 2024&#8217;te tak\u0131mla birlikte b\u00fcy\u00fcmeye devam edecek. A\u00e7\u0131l\u0131\u015f yar\u0131\u015f\u0131n\u0131n ard\u0131ndan tak\u0131m\u0131n pilotlar\u0131, 2 Mart&#8217;ta yine Katar&#8217;da yap\u0131lacak 2024 FIA D\u00fcnya Dayan\u0131kl\u0131l\u0131k \u015eampiyonas\u0131&#8217;n\u0131n birinci aya\u011f\u0131nda sezonun ilk yar\u0131\u015f\u0131nda piste \u00e7\u0131kacak. Yeni sezonda 93 numaral\u0131 PEUGEOT 9X8&#8217;de Mikkel Jensen, Nico M\u00fcller ve Jean-Eric Vergne bir araya gelecek. 94 numaral\u0131 ara\u00e7ta ise Paul Di Resta, Lo\u00efc Duval ve Stoffel Vandoorne, pilotluk yapacak.<\/p>\n<p>\u201cAlt\u0131 adet son derece yetenekli pilota sahip oldu\u011fumuz i\u00e7in \u015fansl\u0131y\u0131z\u201d<\/p>\n<p>Tak\u0131m ve \u015fampiyonayla ilgili de\u011ferlendirmelerde bulunan Peugeot Sport Teknik Direkt\u00f6r\u00fc Olivier Jansonnie, \u201cFIA WEC standartlar\u0131 hi\u00e7bir hususu ihmal etmeyi g\u00f6ze alamayaca\u011f\u0131n\u0131z kadar y\u00fcksek. Bu nedenle sezon d\u0131\u015f\u0131 d\u00f6nemde elimizden gelen her \u015feyi geli\u015ftirmeye \u00e7al\u0131\u015ft\u0131k. Ekiplerin yap\u0131s\u0131 yapbozun \u00f6nemli bir par\u00e7as\u0131. Yar\u0131\u015f ve test verilerini inceledikten sonra kadrolarda ince ayar yapabilece\u011fimizi g\u00f6rd\u00fck. Alt\u0131 adet son derece yetenekli pilota sahip oldu\u011fumuz i\u00e7in \u015fansl\u0131y\u0131z. Bu nedenle pilotlar\u0131 kurulum tercihlerine g\u00f6re grupland\u0131rarak her otomobili optimize etmeye karar verdik. Amac\u0131m\u0131z daha iyi performans elde etmek\u201d dedi.<\/p>\n","protected":false},"excerpt":{"rendered":"<p>TEAM PEUGEOT TOTALENERGIES\u2019\u0130N 2024 SEZONU \u0130\u00c7\u0130N YEN\u0130 EK\u0130P VE P\u0130LOTLARINI A\u00c7IKLADI! Team Peugeot TotalEnergies, 2024 FIA D\u00fcnya Dayan\u0131kl\u0131l\u0131k \u015eampiyonas\u0131\u2019nda (WEC) yar\u0131\u015facak yeni ekip ve pilotlar\u0131n\u0131 a\u00e7\u0131klad\u0131. Yeni sezonda 93 numaral\u0131 PEUGEOT 9X8&#8217;de Mikkel Jensen, Nico M\u00fcller ve Jean-Eric Vergne bir araya gelecek. 94 numaral\u0131 ara\u00e7ta ise Paul Di Resta, Lo\u00efc Duval ve Stoffel Vandoorne, pilotluk [&hellip;]<\/p>\n","protected":false},"author":1,"featured_media":45969,"comment_status":"open","ping_status":"open","sticky":false,"template":"","format":"standard","meta":{"ngg_post_thumbnail":0},"categories":[5215],"tags":[],"_links":{"self":[{"href":"https:\/\/emlaktuel.com\/index.php?rest_route=\/wp\/v2\/posts\/45967"}],"collection":[{"href":"https:\/\/emlaktuel.com\/index.php?rest_route=\/wp\/v2\/posts"}],"about":[{"href":"https:\/\/emlaktuel.com\/index.php?rest_route=\/wp\/v2\/types\/post"}],"author":[{"embeddable":true,"href":"https:\/\/emlaktuel.com\/index.php?rest_route=\/wp\/v2\/users\/1"}],"replies":[{"embeddable":true,"href":"https:\/\/emlaktuel.com\/index.php?rest_route=%2Fwp%2Fv2%2Fcomments&post=45967"}],"version-history":[{"count":1,"href":"https:\/\/emlaktuel.com\/index.php?rest_route=\/wp\/v2\/posts\/45967\/revisions"}],"predecessor-version":[{"id":45970,"href":"https:\/\/emlaktuel.com\/index.php?rest_route=\/wp\/v2\/posts\/45967\/revisions\/45970"}],"wp:featuredmedia":[{"embeddable":true,"href":"https:\/\/emlaktuel.com\/index.php?rest_route=\/wp\/v2\/media\/45969"}],"wp:attachment":[{"href":"https:\/\/emlaktuel.com\/index.php?rest_route=%2Fwp%2Fv2%2Fmedia&parent=45967"}],"wp:term":[{"taxonomy":"category","embeddable":true,"href":"https:\/\/emlaktuel.com\/index.php?rest_route=%2Fwp%2Fv2%2Fcategories&post=45967"},{"taxonomy":"post_tag","embeddable":true,"href":"https:\/\/emlaktuel.com\/index.php?rest_route=%2Fwp%2Fv2%2Ftags&post=45967"}],"curies":[{"name":"wp","href":"https:\/\/api.w.org\/{rel}","templated":true}]}}