{"id":45921,"date":"2024-02-07T09:58:02","date_gmt":"2024-02-07T06:58:02","guid":{"rendered":"https:\/\/emlaktuel.com\/?p=45921"},"modified":"2024-02-07T09:58:02","modified_gmt":"2024-02-07T06:58:02","slug":"turkiyenin-dusteri-renault-duster","status":"publish","type":"post","link":"https:\/\/emlaktuel.com\/?p=45921","title":{"rendered":"T\u00fcrkiye&#8217;nin Duster&#8217;\u0131: Renault Duster"},"content":{"rendered":"<p>T\u00dcRK\u0130YE\u2019N\u0130N DUSTER\u2019I: RENAULT DUSTER<\/p>\n<ul>\n<li><strong>T\u00fcrkiye\u2019nin en \u00e7ok tercih edilen SUV modellerinden olan Duster, Renault Duster olarak T\u00fcrkiye\u2019deki ba\u015far\u0131 hikayesine devam ediyor.<\/strong><\/li>\n<li><strong>Bursa\u2019daki Oyak Renault Otomobil Fabrikalar\u0131\u2019nda \u00fcretilecek Renault Duster, \u201cUluslararas\u0131 Oyun Plan\u0131 2027\u201d kapsam\u0131nda Renault\u2019yu T\u00fcrkiye\u2019de pazar lideri yapma hedefinin ilk hamlesini olu\u015fturuyor. Renault Duster, Renault\u2019nun E-Tech tam hibrit teknolojisine sahip olmas\u0131n\u0131n yan\u0131 s\u0131ra iddial\u0131 g\u00f6r\u00fcn\u00fcm\u00fcyle de dikkat \u00e7ekiyor.<\/strong><\/li>\n<li><strong>\u00d6n sipari\u015f sistemiyle sat\u0131\u015flar\u0131na ba\u015flanacak Renault Duster, 2024 y\u0131l\u0131n\u0131n ikinci \u00e7eyre\u011finde T\u00fcrkiye\u2019de tan\u0131t\u0131lacak.<\/strong><\/li>\n<\/ul>\n<p>Renault, iddial\u0131 g\u00f6r\u00fcn\u00fcme ve sad\u0131k bir hayran kitlesine sahip SUV modeli Renault Duster ile T\u00fcrkiye&#8217;deki \u00fcr\u00fcn gam\u0131n\u0131 geni\u015fletiyor. \u201cUluslararas\u0131 Oyun Plan\u0131 2027\u201d kapsam\u0131nda OYAK ve Renault 400 milyon Euro\u2019nun \u00fczerinde yat\u0131r\u0131m yaparak, Oyak Renault Fabrikalar\u0131\u2019nda Duster\u2019\u0131n yan\u0131 s\u0131ra \u00fc\u00e7 yeni Renault SUV modelini de 2027 y\u0131l\u0131na kadar \u00fcretime alacak ve fabrikay\u0131 k\u00fcresel bir ihracat \u00fcss\u00fc haline getirecek. Duster, 2010 y\u0131l\u0131ndan bu yana Avrupa d\u0131\u015f\u0131ndaki 50&#8217;ye yak\u0131n pazarda sat\u0131lan 1,7 milyonun \u00fczerinde sat\u0131\u015fla g\u00fc\u00e7l\u00fc bir uluslararas\u0131 itibara sahip.<\/p>\n<h2><strong>Renault DNA&#8217;s\u0131 ile maceraya haz\u0131r bir otomobil<\/strong><\/h2>\n<p>Renault Duster\u2019da 140 hp g\u00fc\u00e7 \u00fcreten ultra verimli Renault E-Tech full hybrid teknolojisi de dahil olmak \u00fczere farkl\u0131 motor ve \u015fanz\u0131man kombinasyonlar\u0131 aras\u0131ndan se\u00e7im yap\u0131labilecek. B\u00f6ylece Renault Duster, Renault&#8217;nun 2027 y\u0131l\u0131na kadar T\u00fcrkiye sat\u0131\u015flar\u0131n\u0131n \u00fc\u00e7te birini elektrikli ve elektrik destekli modellerle olu\u015fturma hedefine aktif bir katk\u0131 sa\u011flayacak.<\/p>\n<p>Bursa Oyak Renault Otomobil Fabrikalar\u0131\u2019nda en ileri teknolojiyle \u00fcretilecek olan Renault Duster, kalitesi ve y\u00fcksek i\u015f\u00e7ilik seviyesiyle geni\u015f bir kitleye hitap edecek. &nbsp;Model, kendinden renkli plastik ve \u00e7izilmeye dayan\u0131kl\u0131 malzemelerden \u00fcretilen d\u0131\u015f g\u00f6vde koruma \u00f6zellikleriyle dayan\u0131kl\u0131l\u0131k gerektiren kullan\u0131m ko\u015fullar\u0131 i\u00e7in tasarland\u0131. Ayr\u0131ca Renault&#8217;nun \u00fcretim standartlar\u0131n\u0131 kar\u015f\u0131lamak \u00fczere kapsaml\u0131 test s\u00fcre\u00e7lerinden ge\u00e7ti.<\/p>\n<h2><strong>Saf SUV kimli\u011fi<\/strong><\/h2>\n<p>Renault Duster; sert, g\u00fc\u00e7l\u00fc ve estetik g\u00f6r\u00fcn\u00fcm\u00fcyle dikkat \u00e7ekiyor. Tamponu ve g\u00f6vde alt\u0131n\u0131 koruyan \u00f6n &#8211; arka koruma eklentileriyle, d\u0131\u015f g\u00f6r\u00fcn\u00fcm\u00fcn\u00fc zenginle\u015ftiren tavan barlar\u0131 gibi donan\u0131mlarla bir SUV ara\u00e7tan beklenen t\u00fcm \u00f6zelliklere sahip. Sert ve g\u00fc\u00e7l\u00fc tasar\u0131m\u0131n\u0131 daha da vurgulayan Renault yaz\u0131l\u0131 yeni cesur \u00f6n \u0131zgaras\u0131yla da rakiplerinden farkl\u0131la\u015fan \u00f6zg\u00fcn bir otomobil olarak \u00f6ne \u00e7\u0131k\u0131yor.<\/p>\n<p>Otomobilin i\u00e7 tasar\u0131m\u0131ndaki y\u00fcksek orta konsol, \u00e7a\u011fda\u015f tasar\u0131m\u0131 ile \u00fcst s\u0131n\u0131f bir modele yak\u0131\u015f\u0131r \u015fekilde g\u00fcvenlik ve saklama alan\u0131n\u0131 birle\u015ftiriyor.<\/p>\n<p>Yerden y\u00fcksek yap\u0131s\u0131 ve farkl\u0131 s\u00fcr\u00fc\u015f ko\u015fullar\u0131nda en iyi performans ve g\u00fcvenli\u011fi sa\u011flayacak yeni be\u015f \u00f6zel arazi s\u00fcr\u00fc\u015f moduyla her yere gitmeye haz\u0131r olan Yeni Renault Duster, t\u00fcm bu nitelikleriyle ger\u00e7ek bir 4&#215;4\u2019\u00fcn \u00f6zelliklerini ta\u015f\u0131yor.<\/p>\n<p>Yeni Renault Duster ikinci \u00e7eyrekte T\u00fcrkiye\u2019de tan\u0131t\u0131lacak.<\/p>\n<p><strong>&nbsp;<\/strong><\/p>\n<p><strong>MA\u0130S A.\u015e. Genel M\u00fcd\u00fcr\u00fc Dr. Berk \u00c7a\u011fda\u015f,&nbsp;<\/strong><em>\u201cT\u00fcrkiye\u2019de \u00fcretilecek olan Renault Duster, asl\u0131nda i\u00e7imizden biri. &nbsp;T\u00fcrkiye\u2019de kullan\u0131c\u0131lar\u0131n y\u0131llard\u0131r b\u00fcy\u00fck bir be\u011feniyle kulland\u0131\u011f\u0131 ve al\u0131\u015ft\u0131\u011f\u0131 Duster deneyimini yeni bir boyuta ta\u015f\u0131yor. Yerel bir model olacak Yeni Renault Duster, \u00e7a\u011f\u0131m\u0131z\u0131n ve T\u00fcrkiye pazar\u0131n\u0131n ihtiya\u00e7lar\u0131n\u0131 kar\u015f\u0131layan \u00e7ok g\u00fc\u00e7l\u00fc ve etkileyici bir model. &nbsp;\u0130ddial\u0131 SUV \u00f6zellikleri, sert ve g\u00fc\u00e7l\u00fc yap\u0131s\u0131, geli\u015fmi\u015f 4&#215;4 becerileri ve en g\u00fcncel hibrit g\u00fc\u00e7-aktarma sistemlerinin yan\u0131 s\u0131ra iddial\u0131 g\u00f6r\u00fcn\u00fcm\u00fcyle de t\u00fcm T\u00fcrkiye\u2019nin ilgisini \u00e7ekecek. Yeni Renault Duster ile peki\u015ftirdi\u011fimiz SUV modellere odaklanma hedefimiz, Renault markas\u0131n\u0131n ba\u015far\u0131s\u0131na ivme katacak. OYAK ve Renault ortakl\u0131\u011f\u0131n\u0131n \u00fclkemize katk\u0131 sa\u011flayacak stratejisi, T\u00fcrkiye pazar\u0131ndaki konumumuzu g\u00fc\u00e7lendirmenin yan\u0131 s\u0131ra k\u00fcresel pazarlarda da rol\u00fcm\u00fcz\u00fc g\u00fc\u00e7lendirecek\u201d&nbsp;<\/em>dedi.<\/p>\n<p><strong>Renault Group T\u00fcrkiye CEO\u2019su Jan Ptacek ise:&nbsp;<\/strong><em>\u201cRenault, g\u00fc\u00e7l\u00fc orta\u011f\u0131 OYAK ile 54 y\u0131ld\u0131r T\u00fcrkiye&#8217;de faaliyet g\u00f6steriyor. Renault Duster modelimizi Bursa Oyak Renault Otomobil Fabrikalar\u0131\u2019nda \u00fcretmek, T\u00fcrkiye&#8217;de pazar lideri olma hedefimizin ilk ad\u0131m\u0131. Renault Duster sayesinde markay\u0131 g\u00fc\u00e7lendirebilecek, SUV segmentindeki varl\u0131\u011f\u0131m\u0131z\u0131 geli\u015ftirebilecek ve elektrifikasyona ge\u00e7i\u015f stratejimizi hayata ge\u00e7irebilece\u011fiz. Bursa fabrikam\u0131z\u0131 sadece Avrupa de\u011fil, t\u00fcm d\u00fcnyan\u0131n ihracat merkezi haline getirece\u011fiz. OYAK ile birlikte T\u00fcrkiye otomotiv sekt\u00f6r\u00fcn\u00fcn geli\u015fimine \u00e7ok \u00f6nemli katk\u0131larda bulunuyoruz&#8221; dedi.<\/em><\/p>\n","protected":false},"excerpt":{"rendered":"<p>T\u00dcRK\u0130YE\u2019N\u0130N DUSTER\u2019I: RENAULT DUSTER T\u00fcrkiye\u2019nin en \u00e7ok tercih edilen SUV modellerinden olan Duster, Renault Duster olarak T\u00fcrkiye\u2019deki ba\u015far\u0131 hikayesine devam ediyor. Bursa\u2019daki Oyak Renault Otomobil Fabrikalar\u0131\u2019nda \u00fcretilecek Renault Duster, \u201cUluslararas\u0131 Oyun Plan\u0131 2027\u201d kapsam\u0131nda Renault\u2019yu T\u00fcrkiye\u2019de pazar lideri yapma hedefinin ilk hamlesini olu\u015fturuyor. Renault Duster, Renault\u2019nun E-Tech tam hibrit teknolojisine sahip olmas\u0131n\u0131n yan\u0131 s\u0131ra iddial\u0131 [&hellip;]<\/p>\n","protected":false},"author":1,"featured_media":45922,"comment_status":"open","ping_status":"open","sticky":false,"template":"","format":"standard","meta":{"ngg_post_thumbnail":0},"categories":[5215,5388],"tags":[17540],"_links":{"self":[{"href":"https:\/\/emlaktuel.com\/index.php?rest_route=\/wp\/v2\/posts\/45921"}],"collection":[{"href":"https:\/\/emlaktuel.com\/index.php?rest_route=\/wp\/v2\/posts"}],"about":[{"href":"https:\/\/emlaktuel.com\/index.php?rest_route=\/wp\/v2\/types\/post"}],"author":[{"embeddable":true,"href":"https:\/\/emlaktuel.com\/index.php?rest_route=\/wp\/v2\/users\/1"}],"replies":[{"embeddable":true,"href":"https:\/\/emlaktuel.com\/index.php?rest_route=%2Fwp%2Fv2%2Fcomments&post=45921"}],"version-history":[{"count":1,"href":"https:\/\/emlaktuel.com\/index.php?rest_route=\/wp\/v2\/posts\/45921\/revisions"}],"predecessor-version":[{"id":45923,"href":"https:\/\/emlaktuel.com\/index.php?rest_route=\/wp\/v2\/posts\/45921\/revisions\/45923"}],"wp:featuredmedia":[{"embeddable":true,"href":"https:\/\/emlaktuel.com\/index.php?rest_route=\/wp\/v2\/media\/45922"}],"wp:attachment":[{"href":"https:\/\/emlaktuel.com\/index.php?rest_route=%2Fwp%2Fv2%2Fmedia&parent=45921"}],"wp:term":[{"taxonomy":"category","embeddable":true,"href":"https:\/\/emlaktuel.com\/index.php?rest_route=%2Fwp%2Fv2%2Fcategories&post=45921"},{"taxonomy":"post_tag","embeddable":true,"href":"https:\/\/emlaktuel.com\/index.php?rest_route=%2Fwp%2Fv2%2Ftags&post=45921"}],"curies":[{"name":"wp","href":"https:\/\/api.w.org\/{rel}","templated":true}]}}