{"id":4576,"date":"2016-08-18T21:09:01","date_gmt":"2016-08-18T18:09:01","guid":{"rendered":"http:\/\/emlaktuel.com\/?p=4576"},"modified":"2018-07-05T14:37:11","modified_gmt":"2018-07-05T11:37:11","slug":"1915-canakkale-koprusunun-temeli-18-mart-2017de-atilacak","status":"publish","type":"post","link":"https:\/\/emlaktuel.com\/?p=4576","title":{"rendered":"1915 \u00c7anakkale K\u00f6pr\u00fcs\u00fc&#8217;n\u00fcn temeli 18 Mart 2017&#8217;de at\u0131lacak!"},"content":{"rendered":"<h1 class=\"news-detail-title selectionShareable\">Ula\u015ft\u0131rma, Denizcilik ve Haberle\u015fme Bakan\u0131 Ahmet Arslan, 1915 \u00c7anakkale K\u00f6pr\u00fcs\u00fc i\u00e7in Y\u00fcksek Planlama Kurulu (YPK) karar\u0131n\u0131n haz\u0131rland\u0131\u011f\u0131n\u0131 belirtti. Arslan, &#8220;18 Mart 2017&#8217;de temel atmak istiyoruz&#8221; dedi.<\/h1>\n<div>\n<p>Ula\u015ft\u0131rma, Denizcilik ve Haberle\u015fme Bakan\u0131 Ahmet Arslan, 1915 \u00c7anakkale K\u00f6pr\u00fcs\u00fc i\u00e7in Y\u00fcksek Planlama Kurulu (YPK) karar\u0131n\u0131n haz\u0131rland\u0131\u011f\u0131n\u0131 ve bu y\u0131l\u0131n son \u00e7eyre\u011finde ihaleye \u00e7\u0131kmay\u0131 planlad\u0131klar\u0131n\u0131 belirterek, &#8220;18 Mart 2017&#8217;de temel atmak istiyoruz.&#8221; dedi.<\/p>\n<p>Arslan, AA muhabirine yapt\u0131\u011f\u0131 a\u00e7\u0131klamada, \u00c7anakkale Bo\u011faz\u0131&#8217;na yap\u0131lmas\u0131 planlanan k\u00f6pr\u00fcn\u00fcn ihale s\u00fcreci ve g\u00fczergah\u0131na ili\u015fkin de\u011ferlendirmede bulundu.<\/p>\n<p>Ahmet Arslan, 1915 \u00c7anakkale K\u00f6pr\u00fcs\u00fc&#8217;n\u00fcn, Cumhuriyet&#8217;in 100. kurulu\u015f y\u0131l d\u00f6n\u00fcm\u00fc ile uyumlu olmas\u0131 ad\u0131na 2 bin 23 metre ayak a\u00e7\u0131kl\u0131\u011f\u0131na sahip olaca\u011f\u0131n\u0131 ve bu uzunlukla bir rekora imza at\u0131laca\u011f\u0131n\u0131 belirterek, projenin g\u00fczergah\u0131n\u0131n da tamamen belirlendi\u011fini dile getirdi.<\/p>\n<p>\u00d6zellikle tarihi yar\u0131m adadaki sit alanlar\u0131na girmemek i\u00e7in Lapseki&#8217;den Gelibolu&#8217;ya ge\u00e7i\u015f \u00f6ng\u00f6rd\u00fcklerine i\u015faret eden Arslan, Gelibolu&#8217;dan sonra 45 kilometrelik Malkara&#8217;ya kadar uzanacak otoyolu da k\u00f6pr\u00fc ihalesinin i\u00e7inde yapacaklar\u0131n\u0131, bunu Sava\u015ftepe&#8217;de \u0130stanbul-\u0130zmir Otoyolu&#8217;na, kuzeyde de K\u0131nal\u0131&#8217;dan devam eden otoyola ba\u011flayacaklar\u0131n\u0131 a\u00e7\u0131klad\u0131.<\/p>\n<p>Arslan, 1915 \u00c7anakkale K\u00f6pr\u00fcs\u00fc i\u00e7in \u015fu an Y\u00fcksek Planlama Kurulu (YPK) karar\u0131n\u0131n \u00a0haz\u0131rland\u0131\u011f\u0131n\u0131 ve \u00a0bu y\u0131l\u0131n son \u00e7eyre\u011finde ihaleye \u00e7\u0131kmay\u0131 planlad\u0131klar\u0131n\u0131 belirterek, projeyi yap-i\u015flet-devret (Y\u0130D) modeli ile kamu kayna\u011f\u0131 kullanmadan yapacaklar\u0131n\u0131 ifade etti.<\/p>\n<p>S\u00f6z konusu k\u00f6pr\u00fc i\u00e7in 18 Mart 2017&#8217;de temel atmak istediklerini vurgulayan Arslan, &#8220;K\u00f6pr\u00fcy\u00fc sadece \u00c7anakkalelilerin hizmetinde olacak bir proje olarak d\u00fc\u015f\u00fcnmemek gerekir. Bu k\u00f6pr\u00fcyle birlikte Avrupa&#8217;dan, Kap\u0131kule&#8217;den, Trakya&#8217;dan \u00fclkemizde gelen y\u00fck hareketinin \u00f6zellikle Ege&#8217;ye, Bat\u0131 Akdeniz&#8217;e gidecek k\u0131sm\u0131n\u0131 \u00fclkemizin bat\u0131s\u0131na ve Bat\u0131 Akdeniz&#8217;e, Ege&#8217;ye y\u00f6nlendirmi\u015f olaca\u011f\u0131z. B\u00f6yle olunca da bu y\u00fck hareketi, \u0130stanbul&#8217;a yeni bir y\u00fck hareketi getirmeden o tarihi dokuya girmeden Ege&#8217;ye ve Akdeniz&#8217;e inmi\u015f olacak. Ayr\u0131ca yine \u0130stanbul&#8217;un Avrupa yakas\u0131ndan Asya yakas\u0131na ge\u00e7ip Ege&#8217;ye inecek. Bat\u0131 Akdeniz&#8217;e inecek y\u00fck hareketi de tam tersine Trakya \u00fczerinden 1915 \u00c7anakkale K\u00f6pr\u00fcs\u00fc&#8217;n\u00fc kullanarak gitmi\u015f olacak.&#8221; de\u011ferlendirmesinde bulundu.<\/p>\n<p>Arslan, k\u00f6pr\u00fc \u00fczerinde demiryolu bulunmayaca\u011f\u0131n\u0131, demiryolunun ekonomik olmayaca\u011f\u0131 kan\u0131s\u0131na vard\u0131klar\u0131n\u0131 s\u00f6yledi.<\/p>\n<h2>&#8211; &#8220;Marmara Denizi&#8217;nin etraf\u0131nda ring olu\u015fturmak istiyoruz&#8221;<\/h2>\n<p>Arslan, Marmara Denizi&#8217;nin etraf\u0131nda otoyollar ve k\u00f6pr\u00fclerle bir ring olu\u015fturmak istediklerine dikkati \u00e7ekerek, \u015f\u00f6yle konu\u015ftu:<\/p>\n<p>&#8220;Osman Gazi K\u00f6pr\u00fcs\u00fc bitti. Bu senenin sonuna kadar Bursa k\u0131sm\u0131 da otoyol olarak bitmi\u015f olacak. Yavuz Sultan Selim K\u00f6pr\u00fcs\u00fc&#8217;n\u00fc 26 A\u011fustos&#8217;ta a\u00e7\u0131yoruz. Onun da ba\u011flant\u0131 yollar\u0131 tamamlanm\u0131\u015f olacak. 1915 \u00c7anakkale K\u00f6pr\u00fcs\u00fc&#8217;n\u00fc ve ba\u011flant\u0131 yollar\u0131n\u0131 tamamlad\u0131\u011f\u0131m\u0131zda Marmara Denizi&#8217;nin etraf\u0131nda ring olu\u015fturmu\u015f olaca\u011f\u0131z. Yo\u011fun sanayinin oldu\u011fu bu b\u00f6lgede ekonominin ve ticaretin ayn\u0131 \u015fekilde canlanmas\u0131, bu ring marifetiyle y\u00fck hareketinin limanlara daha kolay eri\u015febilmesi ve adeta y\u00fck\u00fcn kap\u0131dan kap\u0131ya gitmesini \u00e7ok kolayla\u015ft\u0131rm\u0131\u015f olaca\u011f\u0131z. B\u00f6ylece Kars&#8217;ta, Ardahan&#8217;da, I\u011fd\u0131r&#8217;da, A\u011fr\u0131&#8217;da olmas\u0131 fark etmez, 786 bin kilometrekarede kim ya\u015f\u0131yorsa hepsinin sosyal refah\u0131n\u0131n art\u0131r\u0131lmas\u0131 ad\u0131na bir katma de\u011fer olu\u015facak. Dolay\u0131s\u0131yla 1915 \u00c7anakkale K\u00f6pr\u00fcs\u00fc sadece \u00c7anakkale&#8217;nin de\u011fil, b\u00fct\u00fcn Marmara Denizi etraf\u0131ndaki co\u011frafyan\u0131n, \u00fclkemizin projesidir. Sa\u011flayaca\u011f\u0131 katma de\u011fer ve sosyal devlet anlay\u0131\u015f\u0131 ile \u00fclkemizin insan\u0131na dokunan, insan\u0131m\u0131z\u0131n refah\u0131n\u0131 art\u0131racak projeler yap\u0131yoruz. \u0130\u015fte onlar\u0131n kayna\u011f\u0131n\u0131 bunlardan olu\u015fturaca\u011f\u0131m\u0131z katma de\u011ferle sa\u011flam\u0131\u015f olaca\u011f\u0131z.&#8221;<\/p>\n<p>K\u00f6pr\u00fcn\u00fcn 3 y\u0131l i\u00e7inde hizmete girece\u011fine dikkati \u00e7eken Arslan, &#8220;Bug\u00fcn 15 Temmuz&#8217;da nas\u0131l 15 ya\u015f\u0131ndaki gen\u00e7ler gazi olmaya, \u015fehit olmaya giderek millet olma \u015fuurunu ortaya koydularsa, 1915 \u00c7anakkale Zaferi&#8217;nde \u0130stanbul&#8217;dan t\u0131p \u00f6\u011frencileri gitmi\u015fti, 15-16 ya\u015f\u0131nda gen\u00e7ler gitmi\u015fti ve millet olma ruhunu ortaya koymu\u015flard\u0131. Dolay\u0131s\u0131yla 1915 y\u0131l\u0131n\u0131n ne anlama geldi\u011fini gen\u00e7lerimiz ve insan\u0131m\u0131z unutmas\u0131n diye k\u00f6pr\u00fc i\u00e7in bu ismi tercih ettik.&#8221; ifadelerini kulland\u0131.<\/p>\n<\/div>\n","protected":false},"excerpt":{"rendered":"<p>Ula\u015ft\u0131rma, Denizcilik ve Haberle\u015fme Bakan\u0131 Ahmet Arslan, 1915 \u00c7anakkale K\u00f6pr\u00fcs\u00fc i\u00e7in Y\u00fcksek Planlama Kurulu (YPK) karar\u0131n\u0131n haz\u0131rland\u0131\u011f\u0131n\u0131 belirtti. Arslan, &#8220;18 Mart 2017&#8217;de temel atmak istiyoruz&#8221; dedi. Ula\u015ft\u0131rma, Denizcilik ve Haberle\u015fme Bakan\u0131 Ahmet Arslan, 1915 \u00c7anakkale K\u00f6pr\u00fcs\u00fc i\u00e7in Y\u00fcksek Planlama Kurulu (YPK) karar\u0131n\u0131n haz\u0131rland\u0131\u011f\u0131n\u0131 ve bu y\u0131l\u0131n son \u00e7eyre\u011finde ihaleye \u00e7\u0131kmay\u0131 planlad\u0131klar\u0131n\u0131 belirterek, &#8220;18 Mart 2017&#8217;de [&hellip;]<\/p>\n","protected":false},"author":1,"featured_media":3149,"comment_status":"open","ping_status":"open","sticky":false,"template":"","format":"standard","meta":{"ngg_post_thumbnail":0},"categories":[1,26],"tags":[2988,4767,4785,1476,11106,11188,320,11372,11537,503],"_links":{"self":[{"href":"https:\/\/emlaktuel.com\/index.php?rest_route=\/wp\/v2\/posts\/4576"}],"collection":[{"href":"https:\/\/emlaktuel.com\/index.php?rest_route=\/wp\/v2\/posts"}],"about":[{"href":"https:\/\/emlaktuel.com\/index.php?rest_route=\/wp\/v2\/types\/post"}],"author":[{"embeddable":true,"href":"https:\/\/emlaktuel.com\/index.php?rest_route=\/wp\/v2\/users\/1"}],"replies":[{"embeddable":true,"href":"https:\/\/emlaktuel.com\/index.php?rest_route=%2Fwp%2Fv2%2Fcomments&post=4576"}],"version-history":[{"count":1,"href":"https:\/\/emlaktuel.com\/index.php?rest_route=\/wp\/v2\/posts\/4576\/revisions"}],"predecessor-version":[{"id":4577,"href":"https:\/\/emlaktuel.com\/index.php?rest_route=\/wp\/v2\/posts\/4576\/revisions\/4577"}],"wp:featuredmedia":[{"embeddable":true,"href":"https:\/\/emlaktuel.com\/index.php?rest_route=\/wp\/v2\/media\/3149"}],"wp:attachment":[{"href":"https:\/\/emlaktuel.com\/index.php?rest_route=%2Fwp%2Fv2%2Fmedia&parent=4576"}],"wp:term":[{"taxonomy":"category","embeddable":true,"href":"https:\/\/emlaktuel.com\/index.php?rest_route=%2Fwp%2Fv2%2Fcategories&post=4576"},{"taxonomy":"post_tag","embeddable":true,"href":"https:\/\/emlaktuel.com\/index.php?rest_route=%2Fwp%2Fv2%2Ftags&post=4576"}],"curies":[{"name":"wp","href":"https:\/\/api.w.org\/{rel}","templated":true}]}}