{"id":45728,"date":"2024-01-21T21:59:04","date_gmt":"2024-01-21T18:59:04","guid":{"rendered":"https:\/\/emlaktuel.com\/?p=45728"},"modified":"2024-01-21T21:59:04","modified_gmt":"2024-01-21T18:59:04","slug":"volvo-trucks-turkiyenin-ithal-kamyon-ve-cekici-pazarinda-2023-yilinin-lideri-oldu","status":"publish","type":"post","link":"https:\/\/emlaktuel.com\/?p=45728","title":{"rendered":"Volvo Trucks, T\u00fcrkiye\u2019nin \u0130thal Kamyon ve \u00c7ekici Pazar\u0131nda 2023 Y\u0131l\u0131n\u0131n Lideri Oldu!"},"content":{"rendered":"<p><strong>Volvo Trucks, T\u00fcrkiye\u2019nin \u0130thal Kamyon ve \u00c7ekici Pazar\u0131nda 2023 Y\u0131l\u0131n\u0131n Lideri Oldu!<\/strong><\/p>\n<p><img loading=\"lazy\" class=\"alignnone size-full wp-image-45730\" src=\"https:\/\/emlaktuel.com\/wp-content\/uploads\/2024\/01\/IMG_20240121_215453.jpg\" alt=\"\" width=\"1080\" height=\"689\"><\/p>\n<p><strong><em>Marubeni Da\u011f\u0131t\u0131m ve Servis A.\u015e. distrib\u00fct\u00f6rl\u00fc\u011f\u00fcnde temsil edilen Volvo Trucks, ba\u015far\u0131larla ge\u00e7en 2023 y\u0131l\u0131n\u0131, T\u00fcrkiye\u2019nin en fazla sat\u0131\u015f ger\u00e7ekle\u015ftiren ithal kamyon ve \u00e7ekici markas\u0131 olarak ilk s\u0131rada tamamlad\u0131. 16 ton \u00fczeri ticari ara\u00e7 pazar\u0131nda 2023 y\u0131l\u0131nda 2.779 adet kamyon ve \u00e7ekici teslimat\u0131n\u0131 ger\u00e7ekle\u015ftirerek birinci olan Volvo Trucks, elektrikli kamyon sat\u0131\u015f\u0131yla da bu segmentin liderlik pozisyonunu elde etti. Marubeni Da\u011f\u0131t\u0131m ve Servis A.\u015e. Ticari Ara\u00e7lar COO\u2019su K\u0131van\u00e7 K\u0131z\u0131lkaya; \u201c2023\u2019te T\u00fcrkiye kamyon ve \u00e7ekici pazar\u0131 y\u00fczde 17,3 oran\u0131nda art\u0131\u015f g\u00f6sterirken, Volvo Trucks olarak y\u00fczde 69,34\u2019lik bir b\u00fcy\u00fcme yakalad\u0131k. M\u00fc\u015fteri odakl\u0131 yakla\u015f\u0131m\u0131m\u0131z sayesinde 2022\u2019de y\u00fczde 5,1 olan pazar pay\u0131m\u0131z\u0131 da 2023\u2019te 7,4 seviyesine getirerek, marka tarihimizin s\u00fcrd\u00fcr\u00fclebilir y\u00fckseli\u015fini devam ettirdik\u201d dedi.<\/em><\/strong><\/p>\n<p>D\u00fcnyan\u0131n lider yat\u0131r\u0131m \u015firketlerinden Japonya merkezli Marubeni Corporation\u2019a ba\u011fl\u0131 olarak her biri alan\u0131n\u0131n \u00f6nc\u00fcs\u00fc olan bir\u00e7ok global markan\u0131n T\u00fcrkiye distrib\u00fct\u00f6rl\u00fc\u011f\u00fcn\u00fc s\u00fcrd\u00fcren Marubeni Da\u011f\u0131t\u0131m ve Servis A.\u015e., sat\u0131\u015f ve sat\u0131\u015f sonras\u0131 hizmetlerini sundu\u011fu Volvo Trucks ile, 2023 y\u0131l\u0131 itibar\u0131yla ba\u015far\u0131lar\u0131na bir yenisini daha ekledi. 16 ton \u00fczeri ticari ara\u00e7 pazar\u0131nda Volvo Trucks, 2023 y\u0131l\u0131n\u0131n en fazla sat\u0131\u015f ger\u00e7ekle\u015ftiren ithal kamyon markas\u0131 oldu. Volvo Trucks ayn\u0131 zamanda, 2023 y\u0131l\u0131nda en fazla elektrikli kamyon sat\u0131\u015f\u0131 ger\u00e7ekle\u015ftiren kamyon markas\u0131 oldu.<\/p>\n<h2><strong>K\u0131van\u00e7 K\u0131z\u0131lkaya: M\u00fc\u015fteri odakl\u0131 yakla\u015f\u0131m\u0131m\u0131z sayesinde pazar pay\u0131m\u0131z\u0131 art\u0131rd\u0131k!<\/strong><\/h2>\n<p><img loading=\"lazy\" class=\"alignnone size-full wp-image-45731\" src=\"https:\/\/emlaktuel.com\/wp-content\/uploads\/2024\/01\/IMG_20240121_215521.jpg\" alt=\"\" width=\"1080\" height=\"825\"><\/p>\n<p>2.779 adetle 2023 y\u0131l\u0131n\u0131 ithal markalar aras\u0131nda birinci olarak tamamlad\u0131klar\u0131n\u0131 belirten Marubeni Da\u011f\u0131t\u0131m ve Servis A.\u015e. Ticari Ara\u00e7lar COO\u2019su K\u0131van\u00e7 K\u0131z\u0131lkaya; \u201c2023\u2019te T\u00fcrkiye kamyon ve \u00e7ekici pazar\u0131, 2022\u2019ye oranla y\u00fczde 17,3 oran\u0131nda art\u0131\u015f g\u00f6sterirken, Volvo Trucks olarak y\u00fczde 69,34\u2019lik bir b\u00fcy\u00fcme yakalad\u0131k. M\u00fc\u015fteri odakl\u0131 yakla\u015f\u0131m\u0131m\u0131z sayesinde 2022\u2019de y\u00fczde 5,1 olan pazar pay\u0131m\u0131z\u0131 da 7,4 seviyesine getirerek, marka tarihimizin s\u00fcrd\u00fcr\u00fclebilir y\u00fckseli\u015fini devam ettirdik. G\u00fcvenlik donan\u0131mlar\u0131na verdi\u011fimiz de\u011ferlere, hem iklim hem do\u011fal kaynaklar hem de insanl\u0131k i\u00e7in s\u00fcrd\u00fcr\u00fclebilir teknolojilere odaklanarak Volvo FH Electric ile \u20182024 Uluslararas\u0131 Y\u0131l\u0131n Kamyonu\u2019 \u00f6d\u00fcl\u00fcn\u00fc kazand\u0131k. Yenilik\u00e7i \u00fcr\u00fcnlerimizi T\u00fcrkiye\u2019de de h\u0131zla m\u00fc\u015fterilerimiz ile bulu\u015fturarak ilklere imza att\u0131k\u201d dedi.<\/p>\n<h2><strong>2023\u2019te de \u0130lkler Ger\u00e7ekle\u015ftirildi!<\/strong><\/h2>\n<p>16 ton \u00fczeri ticari ara\u00e7lar pazar\u0131ndaki liderli\u011fini pek \u00e7ok ilk ile peki\u015ftiren Volvo Trucks, \u201c2024 Uluslararas\u0131 Y\u0131l\u0131n Kamyonu\u201d \u00f6d\u00fcll\u00fc Volvo FH Electric ile lojistik sekt\u00f6r\u00fcn\u00fcn elektromobilite d\u00f6n\u00fc\u015f\u00fcm\u00fcne \u00f6nc\u00fcl\u00fck etti. Haziran 2023\u2019te Unilever T\u00fcrkiye ve Ar\u0131\u00e7 Lojistik\u2019e teslim edilen Volvo FH elektrikli \u00e7ekici ile \u201cT\u00fcrkiye\u2019nin \u0130lk Elektrikli Kamyon Teslimat\u0131\u201d ger\u00e7ekle\u015ftirildi. Aral\u0131k 2023\u2019te ise DSV Lojistik\u2019in sipari\u015f etti\u011fi Volvo FH Electric modelleriyle, \u201cT\u00fcrkiye\u2019nin \u0130lk Elektrikli Kamyon Filo Teslimat\u0131\u201dn\u0131 Volvo Trucks ba\u015flatt\u0131.<\/p>\n<h2><strong>Elektrikli Kamyon Pazar\u0131nda \u00d6nc\u00fcl\u00fck Edildi!<\/strong><\/h2>\n<p>Volvo Trucks, 2023\u2019te T\u00fcrkiye pazar\u0131nda sunulan ilk elektrikli kamyon serisi Volvo FH Electric ile lojistik sekt\u00f6r\u00fcnde elektrikli d\u00f6n\u00fc\u015f\u00fcm\u00fc ba\u015flatt\u0131. \u201c2024 Uluslararas\u0131 Y\u0131l\u0131n Kamyonu\u201d \u00f6d\u00fcll\u00fc Volvo FH Electric\u2019in T\u00fcrkiye pazar\u0131nda sat\u0131\u015fa sunulan be\u015f farkl\u0131 modeli bulunuyor. Elektrikli Volvo FH, ulusal ve uluslararas\u0131 ta\u015f\u0131mac\u0131l\u0131k i\u00e7in geli\u015ftirilen sessiz ve s\u0131f\u0131r emisyona sahip bir a\u011f\u0131r y\u00fck kamyonu olarak \u00f6ne \u00e7\u0131k\u0131yor. Elektrikli Volvo FH, 35. ya\u015f\u0131n\u0131 kutlayan Volvo FH modelinin gelecekteki temsilcisi olarak g\u00f6r\u00fcl\u00fcyor. Elektrikli Volvo FM, i\u015flevselli\u011fi, geni\u015f g\u00f6r\u00fc\u015f a\u00e7\u0131s\u0131 ve manevra kabiliyeti ile b\u00f6lgesel ta\u015f\u0131mac\u0131l\u0131k ve \u015fehir i\u00e7i ta\u015f\u0131mac\u0131l\u0131k i\u00e7in \u00e7evreci, sessiz ve ekonomik bir \u00e7\u00f6z\u00fcm sunuyor. Elektrikli Volvo FMX, kentsel in\u015faat projeleri, maden vb. projeler i\u00e7in s\u0131f\u0131r emisyona sahip, sessiz, g\u00fc\u00e7l\u00fc ve g\u00fcvenli bir i\u015f kamyonu olarak hizmet veriyor. Elektrikli Volvo FL\/FE modelleri ise esneklik, g\u00fcvenlik ve manevra kabiliyeti gerektiren \u015fehir i\u00e7i ta\u015f\u0131mac\u0131l\u0131k ihtiya\u00e7lar\u0131na g\u00fcvenli ve \u00e7evreci \u00e7\u00f6z\u00fcmler sunuyor.<\/p>\n<h2><strong>Marubeni Da\u011f\u0131t\u0131m ve Servis A.\u015e. Hakk\u0131nda<\/strong><\/h2>\n<p>Marubeni Da\u011f\u0131t\u0131m ve Servis A.\u015e., 68 \u00fclkede 136 yerle\u015fkesi, toplam 463 konsolide \u015firketinde 45 binden fazla \u00e7al\u0131\u015fan\u0131 bulunan Japonya merkezli Marubeni Corporation\u2019a ba\u011fl\u0131 olarak bir\u00e7ok global markan\u0131n T\u00fcrkiye distrib\u00fct\u00f6rl\u00fc\u011f\u00fcn\u00fc s\u00fcrd\u00fcr\u00fcyor. Volvo Trucks, Komatsu, Dieci, Crown, Bomag ve Montabert markalar\u0131n\u0131n sat\u0131\u015f ve sat\u0131\u015f sonras\u0131 hizmetlerini s\u00fcrd\u00fcren Marubeni Da\u011f\u0131t\u0131m ve Servis A.\u015e., Platinum Used markas\u0131 ile i\u015f makinalar\u0131 ve forkliftlerin ikinci el al\u0131m sat\u0131m\u0131 ve Platinum Rent markas\u0131 ile kiralama hizmeti de veriyor. Marubeni Da\u011f\u0131t\u0131m ve Servis A.\u015e., in\u015faat, madencilik, mermer, lojistik, end\u00fcstri ve enerji gibi farkl\u0131 sekt\u00f6rlerdeki m\u00fc\u015fterilerine \u00fcr\u00fcnlerin yan\u0131 s\u0131ra katma de\u011ferli sat\u0131\u015f sonras\u0131 hizmetler ve \u00e7\u00f6z\u00fcmler sunuyor.<\/p>\n<p><strong>Volvo Trucks Hakk\u0131nda<\/strong><\/p>\n<p>Volvo Trucks, beklentileri y\u00fcksek profesyonel m\u00fc\u015fteriler i\u00e7in, orta ve a\u011f\u0131r segment kamyonlardan olu\u015fan kapsaml\u0131 \u00fcr\u00fcn gam\u0131yla eksiksiz nakliye \u00e7\u00f6z\u00fcmleri sunuyor. \u015eirket, 130&#8217;dan fazla \u00fclkede 2.300 servis noktas\u0131ndan olu\u015fan global yetkili sat\u0131c\u0131 ve servis a\u011f\u0131yla m\u00fc\u015fterilerine destek veriyor. Volvo\u2019nun kamyonlar\u0131, d\u00fcnyan\u0131n d\u00f6rt bir yan\u0131ndaki 13 \u00fclkede \u00fcretiliyor. Volvo Trucks, d\u00fcnyan\u0131n en b\u00fcy\u00fck kamyon, otob\u00fcs, in\u015faat makinas\u0131 ve deniz motoru \u00fcreticilerinden biri olan Volvo Group\u2019un \u00fcyesi olarak faaliyetlerini s\u00fcrd\u00fcr\u00fcyor. Volvo Group ayr\u0131ca finans ve hizmet sekt\u00f6r\u00fc i\u00e7in de komple \u00e7\u00f6z\u00fcmler sunuyor. Volvo Trucks\u2019\u0131n \u00e7al\u0131\u015fmalar\u0131, temel de\u011ferleri olan kalite, g\u00fcvenlik ve \u00e7evreye sayg\u0131y\u0131 esas al\u0131yor.<\/p>\n","protected":false},"excerpt":{"rendered":"<p>Volvo Trucks, T\u00fcrkiye\u2019nin \u0130thal Kamyon ve \u00c7ekici Pazar\u0131nda 2023 Y\u0131l\u0131n\u0131n Lideri Oldu! Marubeni Da\u011f\u0131t\u0131m ve Servis A.\u015e. distrib\u00fct\u00f6rl\u00fc\u011f\u00fcnde temsil edilen Volvo Trucks, ba\u015far\u0131larla ge\u00e7en 2023 y\u0131l\u0131n\u0131, T\u00fcrkiye\u2019nin en fazla sat\u0131\u015f ger\u00e7ekle\u015ftiren ithal kamyon ve \u00e7ekici markas\u0131 olarak ilk s\u0131rada tamamlad\u0131. 16 ton \u00fczeri ticari ara\u00e7 pazar\u0131nda 2023 y\u0131l\u0131nda 2.779 adet kamyon ve \u00e7ekici teslimat\u0131n\u0131 ger\u00e7ekle\u015ftirerek [&hellip;]<\/p>\n","protected":false},"author":1,"featured_media":45732,"comment_status":"open","ping_status":"open","sticky":false,"template":"","format":"standard","meta":{"ngg_post_thumbnail":0},"categories":[1,5215],"tags":[12535],"_links":{"self":[{"href":"https:\/\/emlaktuel.com\/index.php?rest_route=\/wp\/v2\/posts\/45728"}],"collection":[{"href":"https:\/\/emlaktuel.com\/index.php?rest_route=\/wp\/v2\/posts"}],"about":[{"href":"https:\/\/emlaktuel.com\/index.php?rest_route=\/wp\/v2\/types\/post"}],"author":[{"embeddable":true,"href":"https:\/\/emlaktuel.com\/index.php?rest_route=\/wp\/v2\/users\/1"}],"replies":[{"embeddable":true,"href":"https:\/\/emlaktuel.com\/index.php?rest_route=%2Fwp%2Fv2%2Fcomments&post=45728"}],"version-history":[{"count":1,"href":"https:\/\/emlaktuel.com\/index.php?rest_route=\/wp\/v2\/posts\/45728\/revisions"}],"predecessor-version":[{"id":45733,"href":"https:\/\/emlaktuel.com\/index.php?rest_route=\/wp\/v2\/posts\/45728\/revisions\/45733"}],"wp:featuredmedia":[{"embeddable":true,"href":"https:\/\/emlaktuel.com\/index.php?rest_route=\/wp\/v2\/media\/45732"}],"wp:attachment":[{"href":"https:\/\/emlaktuel.com\/index.php?rest_route=%2Fwp%2Fv2%2Fmedia&parent=45728"}],"wp:term":[{"taxonomy":"category","embeddable":true,"href":"https:\/\/emlaktuel.com\/index.php?rest_route=%2Fwp%2Fv2%2Fcategories&post=45728"},{"taxonomy":"post_tag","embeddable":true,"href":"https:\/\/emlaktuel.com\/index.php?rest_route=%2Fwp%2Fv2%2Ftags&post=45728"}],"curies":[{"name":"wp","href":"https:\/\/api.w.org\/{rel}","templated":true}]}}