{"id":45718,"date":"2024-01-20T09:40:32","date_gmt":"2024-01-20T06:40:32","guid":{"rendered":"https:\/\/emlaktuel.com\/?p=45718"},"modified":"2024-01-20T09:40:32","modified_gmt":"2024-01-20T06:40:32","slug":"chery-turkiyenin-30-ilinde-47-yetkili-satis-ve-satis-sonrasi-hizmet-noktasina-ulasti","status":"publish","type":"post","link":"https:\/\/emlaktuel.com\/?p=45718","title":{"rendered":"Chery, T\u00fcrkiye\u2019nin 30 \u0130linde 47 Yetkili Sat\u0131\u015f ve Sat\u0131\u015f Sonras\u0131 Hizmet Noktas\u0131na Ula\u015ft\u0131!"},"content":{"rendered":"<p>Chery, 7 Yeni Hizmet Noktas\u0131yla Sat\u0131\u015f ve Sat\u0131\u015f Sonras\u0131 A\u011f\u0131n\u0131 Geni\u015fletiyor!<\/p>\n<p>Chery, T\u00fcrkiye\u2019nin 30 \u0130linde 47 Yetkili Sat\u0131\u015f ve Sat\u0131\u015f Sonras\u0131 Hizmet Noktas\u0131na Ula\u015ft\u0131!<\/p>\n<p><img loading=\"lazy\" class=\"alignnone size-full wp-image-43861\" src=\"https:\/\/emlaktuel.com\/wp-content\/uploads\/2023\/09\/Chery-Model-Yelpazesi.jpg\" alt=\"\" width=\"700\" height=\"343\"><\/p>\n<p>21 y\u0131ld\u0131r \u00c7in\u2019in en b\u00fcy\u00fck otomotiv ihracat\u00e7\u0131s\u0131 ve d\u00fcnyan\u0131n en b\u00fcy\u00fck otomotiv markalar\u0131ndan Chery, T\u00fcrkiye\u2019nin her b\u00f6lgesinde yer alan sat\u0131\u015f ve sat\u0131\u015f sonras\u0131 a\u011f\u0131yla kullan\u0131c\u0131lara ula\u015f\u0131labilir ve g\u00fcvenilir hizmetler sunmay\u0131 s\u00fcrd\u00fcr\u00fcyor. Chery T\u00fcrkiye, \u0130stanbul, \u00c7orum, Mardin, Malatya, Van, Bal\u0131kesir ve D\u00fczce illerinde a\u00e7\u0131l\u0131\u015f\u0131n\u0131 ger\u00e7ekle\u015ftirdi\u011fi 7 yeni hizmet noktas\u0131yla beraber T\u00fcrkiye\u2019nin 30 ilindeki yetkili sat\u0131\u015f ve sat\u0131\u015f sonras\u0131 hizmet a\u011f\u0131n\u0131 47 adede y\u00fckseltti. Chery, T\u00fcrkiye\u2019deki t\u00fcm yetkili sat\u0131\u015f noktalar\u0131nda sat\u0131\u015f sonras\u0131 servis hizmeti vererek kullan\u0131c\u0131lar\u0131na g\u00fcvenilir, konforlu, teknolojik \u00fcr\u00fcnler ve servis hizmetleri sunmay\u0131 s\u00fcrd\u00fcr\u00fcyor.<\/p>\n<p>2023 y\u0131l\u0131n\u0131 ba\u015far\u0131l\u0131 sat\u0131\u015f adetleriyle kapatan ve T\u00fcrkiye\u2019deki kullan\u0131c\u0131lar taraf\u0131ndan b\u00fcy\u00fck be\u011feni kazanan Chery, her ge\u00e7en g\u00fcn geni\u015fleyen sat\u0131\u015f ve sat\u0131\u015f sonras\u0131 hizmet a\u011f\u0131yla b\u00fcy\u00fcmeye devam ediyor. Bu kapsamda Chery T\u00fcrkiye; \u0130stanbul\u2019da \u00c7eta\u015f, \u00c7orum\u2019da Evl\u00fcce, Mardin\u2019de Nas Oto, Malatya\u2019da Yi\u011fitvar, Van\u2019da Berk, Bal\u0131kesir\u2019de Karahall\u0131lar, D\u00fczce\u2019de Kervan olmak \u00fczere 7 yeni yetkili sat\u0131c\u0131 ve servis noktas\u0131 ile hizmet alan\u0131n\u0131 geni\u015fletti. Chery T\u00fcrkiye, yeni yetkili sat\u0131c\u0131 ve servis noktalar\u0131 ile birlikte 30 ilde 47 noktaya ula\u015fan hizmet a\u011f\u0131yla 2024 y\u0131l\u0131nda da dikkat \u00e7ekmeye devam ediyor. Chery, T\u00fcrkiye\u2019deki t\u00fcm yetkili sat\u0131\u015f noktalar\u0131nda sat\u0131\u015f sonras\u0131 servis hizmeti de sunarak kullan\u0131c\u0131lar\u0131na tam te\u015fekk\u00fcll\u00fc bir hizmet sa\u011flamaya devam ediyor. Yeni Chery yetkili sat\u0131c\u0131lar\u0131, t\u0131pk\u0131 h\u00e2li haz\u0131rda var olan yetkili sat\u0131c\u0131lar gibi konusunda uzman ve uzun seneler otomotiv sekt\u00f6r\u00fcnde \u00f6nc\u00fc ve \u00e7oklu otomotiv markalar\u0131n\u0131 b\u00fcnyesinde bar\u0131nd\u0131ran deneyimli yetkili sat\u0131c\u0131lardan olu\u015fuyor.<\/p>\n<p>Yetkili sat\u0131c\u0131 a\u011f\u0131na kat\u0131lan 7 yeni yetkili sat\u0131\u015f noktas\u0131 ile hizmet a\u011f\u0131n\u0131 geni\u015flettiklerini ifade eden Chery T\u00fcrkiye Ba\u015fkan Yard\u0131mc\u0131s\u0131 Ahu Turan, \u201cYeni y\u0131lla beraber 30 ilimizde bulunan 47 yetkili sat\u0131c\u0131m\u0131zla T\u00fcrkiye\u2019deki kullan\u0131c\u0131lara t\u00fcm hizmetlerimizi sunmay\u0131 s\u00fcrd\u00fcr\u00fcyoruz. Hedefimiz, yeni y\u0131lda da avantajl\u0131 olan 3 SUV modelimizle birlikte Chery\u2019nin g\u00fcvenilir, konforlu, teknolojik \u00fcr\u00fcnler sundu\u011funu g\u00f6sterirken, yeni hizmet noktalar\u0131m\u0131zla birlikte sat\u0131\u015f ve sat\u0131\u015f sonras\u0131 hizmetlerimizle m\u00fc\u015fterilerimizi daha fazla memnun ederek yine daha fazla tercih edilen bir marka olmak\u201d dedi. T\u00fcrkiye\u2019nin d\u00f6rt bir yan\u0131ndaki yetkili sat\u0131c\u0131lar\u0131 ile hem sat\u0131\u015f hem de sat\u0131\u015f sonras\u0131 hizmetler sunan Chery T\u00fcrkiye, segmentlerinde olduk\u00e7a iddial\u0131 SUV modelleri OMODA 5, TIGGO 7 PRO VE TIGGO 8 PRO ile kullan\u0131c\u0131lar\u0131n be\u011fenisini kazan\u0131yor.<\/p>\n<p>Chery T\u00fcrkiye hakk\u0131nda<br \/>\nChery International, pazar\u0131 daha iyi anlamak ve kullan\u0131c\u0131lara daha iyi hizmet verebilmek amac\u0131yla, Eyl\u00fcl 2022\u2019de, T\u00fcrkiye\u2019de %100 i\u015ftirak ile Chery T\u00fcrkiye\u2019yi kurdu. Chery T\u00fcrkiye, Chery markas\u0131na ait t\u00fcm model ve yedek par\u00e7alar\u0131n T\u00fcrkiye\u2019deki lojisti\u011fi, sat\u0131\u015f\u0131 ve sat\u0131\u015f sonras\u0131 hizmetlerinden sorumludur. \u015eirket, t\u00fcm ticari sat\u0131\u015flardan sorumlu olmak \u00fczere; sat\u0131\u015f, sat\u0131\u015f sonras\u0131, bayi a\u011f\u0131 geli\u015ftirme, ileti\u015fim ve di\u011fer departmanlar\u0131n\u0131 kurdu. Faaliyetlerini 7 b\u00f6lgede toplam 47 yetkili sat\u0131c\u0131 ile s\u00fcrd\u00fcr\u00fcyor. \u015eirket, 21 Mart 2023\u2019te TIGGO 8 PRO, TIGGO 7 PRO ve OMODA 5 olmak \u00fczere \u00fc\u00e7 SUV modelini pazara sundu. Bu \u00fc\u00e7 model, i\u015f\u00e7ilik a\u00e7\u0131s\u0131ndan \u00fcst d\u00fczey m\u00fckemmellik, tasar\u0131m a\u00e7\u0131s\u0131ndan \u015f\u0131kl\u0131k ve en y\u00fcksek teknolojik konfig\u00fcrasyona sahip olmas\u0131yla be\u011feni topluyor. 7 koltuklu SUV TIGGO 8 PRO, ihti\u015fam\u0131, l\u00fcks hissi ve g\u00fc\u00e7l\u00fc duru\u015fuyla ba\u015far\u0131l\u0131 i\u015f adamlar\u0131 i\u00e7in en iyi se\u00e7im olarak \u00f6ne \u00e7\u0131k\u0131yor ve 4 ay \u00fcst \u00fcste D-SUV pazar\u0131nda ilk s\u0131rada yer al\u0131yor. TIGGO 7 PRO, konfor ve e\u011flence a\u00e7\u0131s\u0131ndan aile SUV\u2019lar\u0131 aras\u0131ndaki ilk tercih oluyor. OMODA 5 ise; f\u00fct\u00fcristik, \u015f\u0131k ve dinamik tarz\u0131yla gen\u00e7 veya kendini gen\u00e7 hisseden kullan\u0131c\u0131lara hitap ediyor.<\/p>\n<p>Chery hakk\u0131nda<br \/>\nKantar ve Google, ortakla\u015fa, 2023 \u00c7in K\u00fcresel Marka Olu\u015fturucular\u0131 \u0130lk 50 listesini a\u00e7\u0131klad\u0131. Chery, otomobil alan\u0131nda \u201c\u00c7in\u2019in En \u0130yi K\u00fcresel Marka Olu\u015fturucusu\u201d se\u00e7ilerek genel listede 14. s\u0131rada yer ald\u0131 ve markan\u0131n g\u00fcc\u00fc \u00f6nemli bir b\u00fcy\u00fcme kaydetti. Chery, kurulu\u015fundan bu yana bir k\u00fcreselle\u015fme stratejisi uygulad\u0131 ve uluslararas\u0131 rekabet g\u00fcc\u00fcne ve n\u00fcfuza sahip bir otomobil markas\u0131 olu\u015fturma kurumsal vizyonuyla her zaman teknoloji odakl\u0131 geli\u015fime ba\u011fl\u0131 kald\u0131. S\u00fcrekli teknolojik yenilik yakla\u015f\u0131m\u0131yla hareket eden Chery, k\u00fcresel pazarlara komple ara\u00e7, CKD par\u00e7alar\u0131, motor, \u00fcretim teknolojisi ve ekipman ihra\u00e7 eden ilk \u00c7inli binek otomobil \u015firketi oldu. Chery, \u00fcr\u00fcn stratejisi, yerelle\u015ftirme stratejisi ve yetenek stratejisinin uygulanmas\u0131 yoluyla yerel ve uluslararas\u0131 pazarlar\u0131 geli\u015ftirmeye, k\u00fcreselle\u015fmeyi s\u00fcrekli derinle\u015ftirmeye ve \u00e7evre dostu, teknoloji, aile ve arkada\u015fl\u0131k ilkelerine odaklan\u0131yor. 26 y\u0131ll\u0131k geli\u015ftirme s\u00fcrecinin ard\u0131ndan Chery\u2019nin sat\u0131\u015f ve servis a\u011f\u0131, 80\u2019in \u00fczerinde \u00fclke ve b\u00f6lgeyi kapsarken, d\u00fcnya genelinde 12 milyonun \u00fczerinde kullan\u0131c\u0131ya ula\u015f\u0131lm\u0131\u015f durumda. Ayr\u0131ca Chery, s\u00fcrekli \u00e7abalarla topluma katk\u0131da bulunarak ve k\u00fcresel t\u00fcketicilere daha iyi \u00fcr\u00fcn ve hizmetler sunarak k\u00fcresel pazarlarda \u00e7evre dostu kalk\u0131nma, \u00e7evre koruma, sosyal refah, personel e\u011fitimi ve di\u011fer alanlar\u0131 kapsayan \u00e7e\u015fitli sosyal katk\u0131 faaliyetleri y\u00fcr\u00fct\u00fcyor.<\/p>\n<p>Daha detayl\u0131 bilgi i\u00e7in Chery web sitesini ziyaret edebilirsiniz: www.cherytr.com<\/p>\n","protected":false},"excerpt":{"rendered":"<p>Chery, 7 Yeni Hizmet Noktas\u0131yla Sat\u0131\u015f ve Sat\u0131\u015f Sonras\u0131 A\u011f\u0131n\u0131 Geni\u015fletiyor! Chery, T\u00fcrkiye\u2019nin 30 \u0130linde 47 Yetkili Sat\u0131\u015f ve Sat\u0131\u015f Sonras\u0131 Hizmet Noktas\u0131na Ula\u015ft\u0131! 21 y\u0131ld\u0131r \u00c7in\u2019in en b\u00fcy\u00fck otomotiv ihracat\u00e7\u0131s\u0131 ve d\u00fcnyan\u0131n en b\u00fcy\u00fck otomotiv markalar\u0131ndan Chery, T\u00fcrkiye\u2019nin her b\u00f6lgesinde yer alan sat\u0131\u015f ve sat\u0131\u015f sonras\u0131 a\u011f\u0131yla kullan\u0131c\u0131lara ula\u015f\u0131labilir ve g\u00fcvenilir hizmetler sunmay\u0131 s\u00fcrd\u00fcr\u00fcyor. [&hellip;]<\/p>\n","protected":false},"author":1,"featured_media":45719,"comment_status":"open","ping_status":"open","sticky":false,"template":"","format":"standard","meta":{"ngg_post_thumbnail":0},"categories":[5215],"tags":[],"_links":{"self":[{"href":"https:\/\/emlaktuel.com\/index.php?rest_route=\/wp\/v2\/posts\/45718"}],"collection":[{"href":"https:\/\/emlaktuel.com\/index.php?rest_route=\/wp\/v2\/posts"}],"about":[{"href":"https:\/\/emlaktuel.com\/index.php?rest_route=\/wp\/v2\/types\/post"}],"author":[{"embeddable":true,"href":"https:\/\/emlaktuel.com\/index.php?rest_route=\/wp\/v2\/users\/1"}],"replies":[{"embeddable":true,"href":"https:\/\/emlaktuel.com\/index.php?rest_route=%2Fwp%2Fv2%2Fcomments&post=45718"}],"version-history":[{"count":1,"href":"https:\/\/emlaktuel.com\/index.php?rest_route=\/wp\/v2\/posts\/45718\/revisions"}],"predecessor-version":[{"id":45720,"href":"https:\/\/emlaktuel.com\/index.php?rest_route=\/wp\/v2\/posts\/45718\/revisions\/45720"}],"wp:featuredmedia":[{"embeddable":true,"href":"https:\/\/emlaktuel.com\/index.php?rest_route=\/wp\/v2\/media\/45719"}],"wp:attachment":[{"href":"https:\/\/emlaktuel.com\/index.php?rest_route=%2Fwp%2Fv2%2Fmedia&parent=45718"}],"wp:term":[{"taxonomy":"category","embeddable":true,"href":"https:\/\/emlaktuel.com\/index.php?rest_route=%2Fwp%2Fv2%2Fcategories&post=45718"},{"taxonomy":"post_tag","embeddable":true,"href":"https:\/\/emlaktuel.com\/index.php?rest_route=%2Fwp%2Fv2%2Ftags&post=45718"}],"curies":[{"name":"wp","href":"https:\/\/api.w.org\/{rel}","templated":true}]}}