{"id":45395,"date":"2023-12-20T08:31:03","date_gmt":"2023-12-20T05:31:03","guid":{"rendered":"https:\/\/emlaktuel.com\/?p=45395"},"modified":"2023-12-20T08:31:03","modified_gmt":"2023-12-20T05:31:03","slug":"turkiye-insaat-ve-gayrimenkul-sektorunun-onur-gecesinde-mesa-imzasi","status":"publish","type":"post","link":"https:\/\/emlaktuel.com\/?p=45395","title":{"rendered":"T\u00fcrkiye in\u015faat ve gayrimenkul sekt\u00f6r\u00fcn\u00fcn onur gecesinde MESA imzas\u0131:"},"content":{"rendered":"<p>T\u00fcrkiye in\u015faat ve gayrimenkul sekt\u00f6r\u00fcn\u00fcn onur gecesinde MESA imzas\u0131:<\/p>\n<p><strong>Sign Of The City Awards\u2019da MESA En \u0130yi Ba\u011f\u0131ms\u0131z Konut (Devam Eden) \u00d6d\u00fcl\u00fcn\u00fc Ald\u0131<\/strong><\/p>\n<p><strong>T\u00fcrkiye\u2019deki in\u015faat ve gayrimenkul projelerinin en iyilerinin \u00f6d\u00fcllendirildi\u011fi Sign of the City Awards \u00f6d\u00fcl t\u00f6reninde MESA imzas\u0131 ta\u015f\u0131yan MESA Urla Kekliktepe projesi Devam Eden En \u0130yi Ba\u011f\u0131ms\u0131z Konut \u00f6d\u00fcl\u00fcne lay\u0131k g\u00f6r\u00fcld\u00fc. T\u00fcrkiye\u2019nin alan\u0131ndaki en prestijli de\u011ferlendirmesi olarak nitelendirilen bu \u00f6nemli yar\u0131\u015fmada, konut alan\u0131nda 3 ana kategoride da\u011f\u0131t\u0131lan \u00f6d\u00fcllerden biri MESA\u2019n\u0131n oldu.<\/strong><\/p>\n<p>EY T\u00fcrkiye\u2019nin stratejik ortakl\u0131\u011f\u0131 ve GYODER deste\u011fiyle H\u00fcrriyet Gazetesi \u00f6nc\u00fcl\u00fc\u011f\u00fcnde bu y\u0131l yedincisi d\u00fczenlenen GYODER Sign of the City Awards kapsam\u0131nda, konutta 3 ana kategoride T\u00fcrkiye\u2019nin en iyilerini belirlemek i\u00e7in tamamlanm\u0131\u015f ya da yap\u0131m a\u015famas\u0131ndaki farkl\u0131 projelere ait ba\u015fvurular de\u011ferlendirildi. Sekt\u00f6r\u00fcn se\u00e7kin isimlerinden olu\u015fan yar\u0131\u015fma j\u00fcrisi T\u00fcrkiye\u2019nin en iyi projelerini belirledi. GYODER Sign Of The City Awards\u2019da MESA, MESA Urla Kekliktepe projesi, En \u0130yi Ba\u011f\u0131ms\u0131z Konut (Devam Eden) \u00f6d\u00fcl\u00fcyle dikkat \u00e7ekti.<\/p>\n<h2><strong>MESA Urla Kekliktepe: \u201cEn \u0130yi Ba\u011f\u0131ms\u0131z Konut\u201d (Devam Eden)<\/strong><\/h2>\n<p>Ege\u2019nin e\u015fsiz do\u011fas\u0131n\u0131n modern MESA mimarisiyle birle\u015fti\u011fi Mesa Urla Kekliktepe, zeytin a\u011fa\u00e7lar\u0131 aras\u0131nda huzurlu bir ya\u015fam vadediyor. Mesa Urla Kekliktepe, hafif e\u011fimli yap\u0131s\u0131n\u0131n avantaj\u0131n\u0131 kullanarak b\u00f6lgenin do\u011fal dokusunu \u00f6zel bir ya\u015fam konsepti sunan 68 villan\u0131n her biri i\u00e7in e\u015fsiz bir manzara haline getiriyor. 43 bin 504 metrekare ye\u015fil alan\u0131n yer ald\u0131\u011f\u0131 proje, 604 metrekarelik kapal\u0131 alana sahip sosyal tesis ve 4+1, 6+1 ve 7+1 villalardan meydana geliyor.<\/p>\n<p>Lokasyon avantaj\u0131 da sunan MESA Urla Kekliktepe, Urla merkeze 5 dakika, Urla Liman\u0131&#8217;na 8 dakika, Seferihisar ve \u00c7e\u015fme&#8217;ye 25 dakika, Ala\u00e7at\u0131&#8217;ya 30 dakika, \u015fehir merkezine 35 dakika, Ovac\u0131k ve Havaliman\u0131&#8217;na 35 dakika mesafede yer al\u0131yor.<\/p>\n<p>MESA Urla Kekliktepe projesi i\u00e7in \u00f6d\u00fcl\u00fc Mesa ad\u0131na Mesa Mesken Pazarlama M\u00fcd\u00fcr\u00fc O\u011fuz U\u011fur<\/p>\n","protected":false},"excerpt":{"rendered":"<p>T\u00fcrkiye in\u015faat ve gayrimenkul sekt\u00f6r\u00fcn\u00fcn onur gecesinde MESA imzas\u0131: Sign Of The City Awards\u2019da MESA En \u0130yi Ba\u011f\u0131ms\u0131z Konut (Devam Eden) \u00d6d\u00fcl\u00fcn\u00fc Ald\u0131 T\u00fcrkiye\u2019deki in\u015faat ve gayrimenkul projelerinin en iyilerinin \u00f6d\u00fcllendirildi\u011fi Sign of the City Awards \u00f6d\u00fcl t\u00f6reninde MESA imzas\u0131 ta\u015f\u0131yan MESA Urla Kekliktepe projesi Devam Eden En \u0130yi Ba\u011f\u0131ms\u0131z Konut \u00f6d\u00fcl\u00fcne lay\u0131k g\u00f6r\u00fcld\u00fc. T\u00fcrkiye\u2019nin [&hellip;]<\/p>\n","protected":false},"author":1,"featured_media":45396,"comment_status":"open","ping_status":"open","sticky":false,"template":"","format":"standard","meta":{"ngg_post_thumbnail":0},"categories":[5388],"tags":[17520],"_links":{"self":[{"href":"https:\/\/emlaktuel.com\/index.php?rest_route=\/wp\/v2\/posts\/45395"}],"collection":[{"href":"https:\/\/emlaktuel.com\/index.php?rest_route=\/wp\/v2\/posts"}],"about":[{"href":"https:\/\/emlaktuel.com\/index.php?rest_route=\/wp\/v2\/types\/post"}],"author":[{"embeddable":true,"href":"https:\/\/emlaktuel.com\/index.php?rest_route=\/wp\/v2\/users\/1"}],"replies":[{"embeddable":true,"href":"https:\/\/emlaktuel.com\/index.php?rest_route=%2Fwp%2Fv2%2Fcomments&post=45395"}],"version-history":[{"count":1,"href":"https:\/\/emlaktuel.com\/index.php?rest_route=\/wp\/v2\/posts\/45395\/revisions"}],"predecessor-version":[{"id":45397,"href":"https:\/\/emlaktuel.com\/index.php?rest_route=\/wp\/v2\/posts\/45395\/revisions\/45397"}],"wp:featuredmedia":[{"embeddable":true,"href":"https:\/\/emlaktuel.com\/index.php?rest_route=\/wp\/v2\/media\/45396"}],"wp:attachment":[{"href":"https:\/\/emlaktuel.com\/index.php?rest_route=%2Fwp%2Fv2%2Fmedia&parent=45395"}],"wp:term":[{"taxonomy":"category","embeddable":true,"href":"https:\/\/emlaktuel.com\/index.php?rest_route=%2Fwp%2Fv2%2Fcategories&post=45395"},{"taxonomy":"post_tag","embeddable":true,"href":"https:\/\/emlaktuel.com\/index.php?rest_route=%2Fwp%2Fv2%2Ftags&post=45395"}],"curies":[{"name":"wp","href":"https:\/\/api.w.org\/{rel}","templated":true}]}}