{"id":45113,"date":"2023-12-02T10:22:58","date_gmt":"2023-12-02T07:22:58","guid":{"rendered":"https:\/\/emlaktuel.com\/?p=45113"},"modified":"2023-12-02T10:22:58","modified_gmt":"2023-12-02T07:22:58","slug":"dogus-otomotivin-dogaya-kanat-actik-projesi-cercevesinde-gerceklestirdigi-calismalardan-biri-olan-fotograftan-heykele-sergisi-cop28de-yerini-aldi","status":"publish","type":"post","link":"https:\/\/emlaktuel.com\/?p=45113","title":{"rendered":"Do\u011fu\u015f Otomotiv\u2019in Do\u011faya Kanat A\u00e7t\u0131k Projesi \u00e7er\u00e7evesinde ger\u00e7ekle\u015ftirdi\u011fi \u00e7al\u0131\u015fmalardan biri olan \u2018Foto\u011fraftan \u2013 Heykele\u2019 sergisi, COP28\u2019de yerini ald\u0131."},"content":{"rendered":"<p><strong>Do\u011fu\u015f Otomotiv\u2019in Do\u011faya Kanat A\u00e7t\u0131k Projesi \u00e7er\u00e7evesinde ger\u00e7ekle\u015ftirdi\u011fi \u00e7al\u0131\u015fmalardan biri olan \u2018Foto\u011fraftan \u2013 Heykele\u2019 sergisi, COP28\u2019de yerini ald\u0131.<\/strong><\/p>\n<p>S\u00fcrd\u00fcr\u00fclebilirlik stratejisi \u00e7er\u00e7evesinde, do\u011fa ve \u00e7evrenin korunmas\u0131 y\u00f6n\u00fcnde fark\u0131ndal\u0131k \u00e7al\u0131\u015fmalar\u0131na imza atan Do\u011fu\u015f Otomotiv\u2019in 2021 y\u0131l\u0131nda ba\u015flatt\u0131\u011f\u0131 \u201cDo\u011faya Kanat A\u00e7t\u0131k\u201d projesi, COP28\u2019de T\u00fcrkiye stand\u0131nda yer al\u0131yor.<\/p>\n<p>&nbsp;<\/p>\n<p>Birle\u015fmi\u015f Milletler&nbsp;\u0130klim De\u011fi\u015fikli\u011fi \u00c7er\u00e7eve S\u00f6zle\u015fmesi kapsam\u0131nda 30 Kas\u0131m-12 Aral\u0131k 2023 tarihleri aras\u0131nda Birle\u015fik Arap Emirlikleri&#8217;nde d\u00fczenlenen Taraflar Konferans\u0131\u2019nda (COP28) \u00c7evre, \u015eehircilik ve&nbsp;\u0130klim De\u011fi\u015fikli\u011fi&nbsp;Bakanl\u0131\u011f\u0131 ba\u015fkanl\u0131\u011f\u0131nda yer alan T\u00fcrkiye, stand\u0131nda \u00e7ok say\u0131da oturumun yan\u0131 s\u0131ra, \u00e7e\u015fitli g\u00f6rsel ve sanatsal etkinliklere de ev sahipli\u011fi yap\u0131yor.<\/p>\n<p>&nbsp;<\/p>\n<p>T\u00fcrkiye stand\u0131nda yer alan \u00e7al\u0131\u015fmalardan biri de Do\u011fu\u015f Otomotiv taraf\u0131ndan ger\u00e7ekle\u015ftirilen Do\u011faya Kanat A\u00e7t\u0131k projesi. &nbsp;<\/p>\n<p>&nbsp;<\/p>\n<p>Do\u011fa ve \u00e7evrenin korunmas\u0131 y\u00f6n\u00fcnde fark\u0131ndal\u0131k \u00e7al\u0131\u015fmalar\u0131na imza atan Do\u011fu\u015f Otomotiv\u2019\u0131n s\u00fcrd\u00fcr\u00fclebilirlik stratejisi \u00e7er\u00e7evesinde, 2021 y\u0131l\u0131nda hayata ge\u00e7irdi\u011fi \u201cDo\u011faya Kanat A\u00e7t\u0131k\u201d projesi; iklim de\u011fi\u015fikli\u011fine, \u00e7evre kirlili\u011fine, T\u00fcrkiye\u2019de nesli t\u00fckenme tehlikesi alt\u0131nda olan t\u00fcrlere, \u00e7arp\u0131k kentle\u015fmeye, yasad\u0131\u015f\u0131 avc\u0131l\u0131\u011fa, sulak alanlar\u0131n yok edilmesine dikkat \u00e7ekmeyi ama\u00e7l\u0131yor.<\/p>\n<p>&nbsp;<\/p>\n<p>COP28 kapsam\u0131nda T\u00fcrkiye stand\u0131nda yer alan foto\u011fraf ve heykeller de bu proje kapsam\u0131nda yer alan \u2018Foto\u011fraftan \u2013 Heykele\u2019 sergisi. Sergide; do\u011fa ve yaban hayat\u0131 foto\u011fraf\u00e7\u0131s\u0131 Alper T\u00fcyde\u015f\u2019in Do\u011faya Kanat A\u00e7t\u0131k projesi \u00e7er\u00e7evesinde g\u00f6r\u00fcnt\u00fcledi\u011fi ve nesli t\u00fckenme tehlikesi alt\u0131nda olan ku\u015f t\u00fcrlerinden K\u0131z\u0131l Akbaba, Turna, Flamingo, Bal\u0131k Kartal\u0131\u2019n\u0131n foto\u011fraflar\u0131 ve bu t\u00fcrlerin, heykelt\u0131ra\u015f Mustafa Tu\u011frul\u2019un geri d\u00f6n\u00fc\u015f\u00fcme ayr\u0131lm\u0131\u015f at\u0131k otomobil par\u00e7alar\u0131yla olu\u015fturdu\u011fu heykelleri yer al\u0131yor.<\/p>\n","protected":false},"excerpt":{"rendered":"<p>Do\u011fu\u015f Otomotiv\u2019in Do\u011faya Kanat A\u00e7t\u0131k Projesi \u00e7er\u00e7evesinde ger\u00e7ekle\u015ftirdi\u011fi \u00e7al\u0131\u015fmalardan biri olan \u2018Foto\u011fraftan \u2013 Heykele\u2019 sergisi, COP28\u2019de yerini ald\u0131. S\u00fcrd\u00fcr\u00fclebilirlik stratejisi \u00e7er\u00e7evesinde, do\u011fa ve \u00e7evrenin korunmas\u0131 y\u00f6n\u00fcnde fark\u0131ndal\u0131k \u00e7al\u0131\u015fmalar\u0131na imza atan Do\u011fu\u015f Otomotiv\u2019in 2021 y\u0131l\u0131nda ba\u015flatt\u0131\u011f\u0131 \u201cDo\u011faya Kanat A\u00e7t\u0131k\u201d projesi, COP28\u2019de T\u00fcrkiye stand\u0131nda yer al\u0131yor. &nbsp; Birle\u015fmi\u015f Milletler&nbsp;\u0130klim De\u011fi\u015fikli\u011fi \u00c7er\u00e7eve S\u00f6zle\u015fmesi kapsam\u0131nda 30 Kas\u0131m-12 Aral\u0131k 2023 [&hellip;]<\/p>\n","protected":false},"author":1,"featured_media":45114,"comment_status":"open","ping_status":"open","sticky":false,"template":"","format":"standard","meta":{"ngg_post_thumbnail":0},"categories":[5215],"tags":[],"_links":{"self":[{"href":"https:\/\/emlaktuel.com\/index.php?rest_route=\/wp\/v2\/posts\/45113"}],"collection":[{"href":"https:\/\/emlaktuel.com\/index.php?rest_route=\/wp\/v2\/posts"}],"about":[{"href":"https:\/\/emlaktuel.com\/index.php?rest_route=\/wp\/v2\/types\/post"}],"author":[{"embeddable":true,"href":"https:\/\/emlaktuel.com\/index.php?rest_route=\/wp\/v2\/users\/1"}],"replies":[{"embeddable":true,"href":"https:\/\/emlaktuel.com\/index.php?rest_route=%2Fwp%2Fv2%2Fcomments&post=45113"}],"version-history":[{"count":1,"href":"https:\/\/emlaktuel.com\/index.php?rest_route=\/wp\/v2\/posts\/45113\/revisions"}],"predecessor-version":[{"id":45115,"href":"https:\/\/emlaktuel.com\/index.php?rest_route=\/wp\/v2\/posts\/45113\/revisions\/45115"}],"wp:featuredmedia":[{"embeddable":true,"href":"https:\/\/emlaktuel.com\/index.php?rest_route=\/wp\/v2\/media\/45114"}],"wp:attachment":[{"href":"https:\/\/emlaktuel.com\/index.php?rest_route=%2Fwp%2Fv2%2Fmedia&parent=45113"}],"wp:term":[{"taxonomy":"category","embeddable":true,"href":"https:\/\/emlaktuel.com\/index.php?rest_route=%2Fwp%2Fv2%2Fcategories&post=45113"},{"taxonomy":"post_tag","embeddable":true,"href":"https:\/\/emlaktuel.com\/index.php?rest_route=%2Fwp%2Fv2%2Ftags&post=45113"}],"curies":[{"name":"wp","href":"https:\/\/api.w.org\/{rel}","templated":true}]}}