{"id":44984,"date":"2023-11-23T15:25:55","date_gmt":"2023-11-23T12:25:55","guid":{"rendered":"https:\/\/emlaktuel.com\/?p=44984"},"modified":"2023-11-23T17:38:35","modified_gmt":"2023-11-23T14:38:35","slug":"gyoder-ve-iav-is-birliginde-yurutulen-lisansustu-gayrimenkul-tez-odulleri-yarismasi-genc-arastirmacilara-kapilarini-aciyor","status":"publish","type":"post","link":"https:\/\/emlaktuel.com\/?p=44984","title":{"rendered":"GYODER ve \u0130AV i\u015f birli\u011finde y\u00fcr\u00fct\u00fclen \u2018Lisans\u00fcst\u00fc Gayrimenkul Tez \u00d6d\u00fclleri Yar\u0131\u015fmas\u0131\u2019 gen\u00e7 ara\u015ft\u0131rmac\u0131lara kap\u0131lar\u0131n\u0131 a\u00e7\u0131yor"},"content":{"rendered":"<p><strong>GYODER ve \u0130AV i\u015f birli\u011finde y\u00fcr\u00fct\u00fclen <\/strong><strong>\u2018Lisans\u00fcst\u00fc Gayrimenkul Tez \u00d6d\u00fclleri Yar\u0131\u015fmas\u0131\u2019 <\/strong><strong>gen\u00e7 ara\u015ft\u0131rmac\u0131lara kap\u0131lar\u0131n\u0131 a\u00e7\u0131yor<\/strong><\/p>\n<p><strong>&nbsp;<\/strong><strong>T\u00fcrkiye gayrimenkul sekt\u00f6r\u00fcn\u00fcn \u00e7at\u0131 kurulu\u015fu GYODER ve \u0130ktisadi Ara\u015ft\u0131rmalar Vakf\u0131 (\u0130AV) i\u015f birli\u011fi ile d\u00fczenlenen \u2018Lisans\u00fcst\u00fc Gayrimenkul Tez \u00d6d\u00fclleri Yar\u0131\u015fmas\u0131\u2019na ba\u015fvurular devam ediyor. \u0130kinci kez d\u00fczenlenen ve y\u00fcksek lisans veya doktora mezunlar\u0131n\u0131n kat\u0131labilece\u011fi yar\u0131\u015fma i\u00e7in son ba\u015fvuru tarihi 31 Ocak 2024. Gen\u00e7 ara\u015ft\u0131rmac\u0131lara kap\u0131lar\u0131n\u0131n a\u00e7\u0131k oldu\u011funu s\u00f6yleyen GYODER Ba\u015fkan\u0131 Ne\u015fecan \u00c7ekici, \u201cBu y\u0131l ikincisini d\u00fczenledi\u011fimiz yar\u0131\u015fmam\u0131z\u0131n, gayrimenkul sekt\u00f6r\u00fcne yeni perspektifler sunacak niteli\u011fe sahip akademik \u00e7al\u0131\u015fmalara ev sahipli\u011fi yapaca\u011f\u0131na inan\u0131yoruz\u201d diye konu\u015ftu. <\/strong><\/p>\n<p>Gayrimenkul alan\u0131nda daha fazla akademik \u00e7al\u0131\u015fma haz\u0131rlanmas\u0131n\u0131 te\u015fvik etmek amac\u0131yla <strong>GYODER <\/strong>ve <strong>\u0130AV <\/strong>i\u015f birli\u011finde ve bu y\u0131l R\u00f6nesans Gayrimenkul ve Servotel sponsorlu\u011funda d\u00fczenlenen \u2018<strong>Gayrimenkul Lisans\u00fcst\u00fc Tez \u00d6d\u00fclleri Yar\u0131\u015fmas\u0131<\/strong>\u2019n\u0131n ikincisinin ba\u015fvurular\u0131 devam ediyor. Gayrimenkule y\u00f6nelik \u00f6zg\u00fcn ve ba\u011f\u0131ms\u0131z ara\u015ft\u0131rmaya dayal\u0131 bilimsel verilerin, geni\u015f ve derin bir bak\u0131\u015f a\u00e7\u0131s\u0131 ile irdelenerek yorumlanmas\u0131, analiz edilmesi ve ortaya konulan \u00f6zg\u00fcn \u00e7al\u0131\u015fmalar\u0131n pratik hayata \u00f6rnek olacak \u015fekilde sekt\u00f6r\u00fcn ilgisine sunulmas\u0131n\u0131 hedefleyen yar\u0131\u015fmaya lisans\u00fcst\u00fc veya doktora diplomas\u0131n\u0131 1 Ocak 2021 \u2013 31 Ocak 2024 tarihleri aras\u0131nda alm\u0131\u015f\/alacak ki\u015filer kat\u0131labiliyor.<\/p>\n<p>Adaylar\u0131n \u00fcniversitelerin d\u00f6rt y\u0131ll\u0131k lisans program\u0131ndan mezun olmalar\u0131 ve ayn\u0131 zamanda gayrimenkulde finansman, risk y\u00f6netimi, de\u011ferleme, sat\u0131\u015f ve pazarlama, hukuk, vergilendirme, proje geli\u015ftirme, m\u00fclk y\u00f6netimi, mek\u00e2nsal analiz, mimarl\u0131k ve \u015fehir b\u00f6lge planlama, GYO, GYF, kentsel d\u00f6n\u00fc\u015f\u00fcm, do\u011fal afetler, proptech ve benzeri konularda y\u00fcksek lisans veya doktora yapm\u0131\u015f olmalar\u0131 bekleniyor.<\/p>\n<h2><strong>30 B\u0130N TL \u00d6D\u00dcLL\u00dc YARI\u015eMANIN SON BA\u015eVURU TAR\u0130H\u0130 31 OCAK 2024<\/strong><\/h2>\n<p>Haz\u0131rlanan tezlerin, 31 Ocak 2024 tarihine kadar \u0130AV\u2019nin adresine posta\/kargo ile ula\u015fmas\u0131 veya elden teslim edilesi gerekiyor. Tezler, Prof. Dr. Ahmet \u0130ncekara, Prof. Dr. Ali Hep\u015fen, Prof. Dr. G\u00fcrsel \u00d6ng\u00f6ren, Prof. Dr. Selin G\u00fcnde\u015f, Prof. Dr. I\u015f\u0131l Erol, Do\u00e7. Dr. Ye\u015fim Aliefendio\u011flu Tanr\u0131vermi\u015f, Do\u00e7. Dr. Serhat Ba\u015fdo\u011fan, Dr. Ahmet B\u00fcy\u00fckduman, Dr. \u0130lhami Akkum, Dr. Levent S\u00fcmer, Dr. Murat Berbero\u011flu, Dr. Raife Y. Eyiler\u2019den olu\u015fan j\u00fcri taraf\u0131ndan de\u011ferlendirilirken; kazananlar 2024 mart ay\u0131 sonunda a\u00e7\u0131klanacak.<\/p>\n<p>Lisans\u00fcst\u00fc tezlerde dereceye giren eserlerin her birine <strong>20.000 TL nakit<\/strong>, doktora tezlerinde dereceye giren eserlerin her birine <strong>30.000 TL nakit<\/strong> \u00f6d\u00fcl verilecek.<\/p>\n<p>Tez De\u011ferlendirme J\u00fcrisi, uygun g\u00f6rd\u00fc\u011f\u00fc durumda \u201cJ\u00fcri \u00d6zel \u00d6d\u00fcl\u00fc\u201d verebilecek.<\/p>\n<p>\u00d6d\u00fcll\u00fc tezler, ayr\u0131ca bas\u0131l\u0131 hale getirilerek i\u015f d\u00fcnyas\u0131na, ilgili \u00fcniversitelere ve k\u00fct\u00fcphanelere ula\u015ft\u0131r\u0131lacak.<\/p>\n<h2><strong>\u201cYEN\u0130 PERSPEKT\u0130FLERE EV SAH\u0130PL\u0130\u011e\u0130 YAPACAK\u201d<\/strong><\/h2>\n<p>Gen\u00e7 ara\u015ft\u0131rmac\u0131lara kap\u0131lar\u0131n\u0131n a\u00e7\u0131k oldu\u011funu s\u00f6yleyen GYODER Ba\u015fkan\u0131 Ne\u015fecan \u00c7ekici, \u201cGayrimenkul sekt\u00f6r\u00fc, \u00fclkemizin ekonomik b\u00fcy\u00fckl\u00fc\u011f\u00fcne \u00f6nemli katk\u0131lar sa\u011flamaktad\u0131r. Bu alanda yap\u0131lan akademik \u00e7al\u0131\u015fmalar\u0131n artmas\u0131 ve derinle\u015fmesi, sekt\u00f6r\u00fcm\u00fcz\u00fcn s\u00fcrd\u00fcr\u00fclebilir b\u00fcy\u00fcmesi a\u00e7\u0131s\u0131ndan hayati bir \u00f6neme sahiptir. Bu do\u011frultuda, lisans\u00fcst\u00fc d\u00fczeyde ger\u00e7ekle\u015ftirilen \u00f6zg\u00fcn tez \u00e7al\u0131\u015fmalar\u0131n\u0131 \u00f6zendirmek ve desteklemek amac\u0131yla bu yar\u0131\u015fmay\u0131 d\u00fczenliyoruz. Sekt\u00f6rdeki bilimsel geli\u015fmeyi destekleyerek gen\u00e7 ara\u015ft\u0131rmac\u0131lar\u0131 cesaretlendirece\u011fine inand\u0131\u011f\u0131m\u0131z yar\u0131\u015fmam\u0131z\u0131n, gayrimenkul sekt\u00f6r\u00fcne yeni perspektifler sunacak niteli\u011fe sahip akademik \u00e7al\u0131\u015fmalara ev sahipli\u011fi yapaca\u011f\u0131na inan\u0131yoruz\u201d diye konu\u015ftu.<\/p>\n<p>&nbsp;<\/p>\n","protected":false},"excerpt":{"rendered":"<p>GYODER ve \u0130AV i\u015f birli\u011finde y\u00fcr\u00fct\u00fclen \u2018Lisans\u00fcst\u00fc Gayrimenkul Tez \u00d6d\u00fclleri Yar\u0131\u015fmas\u0131\u2019 gen\u00e7 ara\u015ft\u0131rmac\u0131lara kap\u0131lar\u0131n\u0131 a\u00e7\u0131yor &nbsp;T\u00fcrkiye gayrimenkul sekt\u00f6r\u00fcn\u00fcn \u00e7at\u0131 kurulu\u015fu GYODER ve \u0130ktisadi Ara\u015ft\u0131rmalar Vakf\u0131 (\u0130AV) i\u015f birli\u011fi ile d\u00fczenlenen \u2018Lisans\u00fcst\u00fc Gayrimenkul Tez \u00d6d\u00fclleri Yar\u0131\u015fmas\u0131\u2019na ba\u015fvurular devam ediyor. \u0130kinci kez d\u00fczenlenen ve y\u00fcksek lisans veya doktora mezunlar\u0131n\u0131n kat\u0131labilece\u011fi yar\u0131\u015fma i\u00e7in son ba\u015fvuru tarihi 31 Ocak [&hellip;]<\/p>\n","protected":false},"author":1,"featured_media":44985,"comment_status":"open","ping_status":"open","sticky":false,"template":"","format":"standard","meta":{"ngg_post_thumbnail":0},"categories":[5388],"tags":[],"_links":{"self":[{"href":"https:\/\/emlaktuel.com\/index.php?rest_route=\/wp\/v2\/posts\/44984"}],"collection":[{"href":"https:\/\/emlaktuel.com\/index.php?rest_route=\/wp\/v2\/posts"}],"about":[{"href":"https:\/\/emlaktuel.com\/index.php?rest_route=\/wp\/v2\/types\/post"}],"author":[{"embeddable":true,"href":"https:\/\/emlaktuel.com\/index.php?rest_route=\/wp\/v2\/users\/1"}],"replies":[{"embeddable":true,"href":"https:\/\/emlaktuel.com\/index.php?rest_route=%2Fwp%2Fv2%2Fcomments&post=44984"}],"version-history":[{"count":1,"href":"https:\/\/emlaktuel.com\/index.php?rest_route=\/wp\/v2\/posts\/44984\/revisions"}],"predecessor-version":[{"id":44986,"href":"https:\/\/emlaktuel.com\/index.php?rest_route=\/wp\/v2\/posts\/44984\/revisions\/44986"}],"wp:featuredmedia":[{"embeddable":true,"href":"https:\/\/emlaktuel.com\/index.php?rest_route=\/wp\/v2\/media\/44985"}],"wp:attachment":[{"href":"https:\/\/emlaktuel.com\/index.php?rest_route=%2Fwp%2Fv2%2Fmedia&parent=44984"}],"wp:term":[{"taxonomy":"category","embeddable":true,"href":"https:\/\/emlaktuel.com\/index.php?rest_route=%2Fwp%2Fv2%2Fcategories&post=44984"},{"taxonomy":"post_tag","embeddable":true,"href":"https:\/\/emlaktuel.com\/index.php?rest_route=%2Fwp%2Fv2%2Ftags&post=44984"}],"curies":[{"name":"wp","href":"https:\/\/api.w.org\/{rel}","templated":true}]}}