{"id":44940,"date":"2023-11-22T17:21:12","date_gmt":"2023-11-22T14:21:12","guid":{"rendered":"https:\/\/emlaktuel.com\/?p=44940"},"modified":"2023-11-22T17:22:24","modified_gmt":"2023-11-22T14:22:24","slug":"isra-holdingin-uyguladigi-finansman-modeline-avm-ve-gayrimenkul-sektorunden-tam-not","status":"publish","type":"post","link":"https:\/\/emlaktuel.com\/?p=44940","title":{"rendered":"\u0130sra Holding&#8217;in uygulad\u0131\u011f\u0131 finansman modeline AVM ve Gayrimenkul sekt\u00f6r\u00fcnden tam not"},"content":{"rendered":"<p>\u0130SRA HOLD\u0130NG\u2019\u0130N UYGULADI\u011eI F\u0130NANSMAN MODEL\u0130NE<br \/>\nAVM VE GAYR\u0130MENKUL SEKT\u00d6R\u00dcNDEN TAM NOT<\/p>\n<p><img loading=\"lazy\" class=\"alignnone size-full wp-image-44943\" src=\"https:\/\/emlaktuel.com\/wp-content\/uploads\/2023\/11\/IMG_20231122_172135.jpg\" alt=\"\" width=\"1080\" height=\"604\"><\/p>\n<p>\u201c50 milyar dolar yat\u0131r\u0131m b\u00fcy\u00fckl\u00fc\u011f\u00fcne sahip AVM sekt\u00f6r\u00fcn\u00fcn nabz\u0131 bu zirvede att\u0131\u201d<\/p>\n<p>Al\u0131\u015fveri\u015f Merkezleri ve Yat\u0131r\u0131mc\u0131lar\u0131 Derne\u011fi (AYD) taraf\u0131ndan bu y\u0131l 14\u2019\u00fcnc\u00fcs\u00fc d\u00fczenlenen Al\u0131\u015fveri\u015f Ekonomisi Zirvesi; T\u00fcrkiye\u2019nin \u00f6nde gelen \u015firketlerini, sekt\u00f6r yat\u0131r\u0131mc\u0131lar\u0131n\u0131, perakendecileri, al\u0131\u015fveri\u015f merkezi y\u00f6neticilerini ve sekt\u00f6re destek veren firmalar\u0131 bir araya getirdi. 50 milyar dolar yat\u0131r\u0131m b\u00fcy\u00fckl\u00fc\u011f\u00fcne sahip AVM sekt\u00f6r\u00fcn\u00fcn konu\u015fuldu\u011fu zirvede Ticaret Bakan\u0131 Yard\u0131mc\u0131s\u0131 Mahmut G\u00fcrcan \u00f6nemli a\u00e7\u0131klamalarda bulundu.<\/p>\n<p>Yerli ve yabanc\u0131 olmak \u00fczere her y\u0131l milyonlarca ziyaret\u00e7iyi a\u011f\u0131rlayan, \u00fclke ekonomisine b\u00fcy\u00fck katk\u0131lar sunan AVM sekt\u00f6r\u00fcn\u00fcn nabz\u0131 14. AYD Zirvesi\u2019nde att\u0131. 50 milyar dolar yat\u0131r\u0131m hacmi sahip al\u0131\u015fveri\u015f merkezlerinin konu\u015fuldu\u011fu AYD Zirvesi\u2019ne \u0130sra Holding, Fiba Commercial Properties, ECE T\u00fcrkiye, ISS, Multi, Esas Gayrimenkul, R\u00f6nesans Gayrimenkul, Avrupakent GYO, Nata Holding, Aki\u015f GYO, Aqua Florya AVM, Akmerkez, \u0130stinye Park AVM, Securitas ve Tepe gibi \u00fcst d\u00fczey markalar kat\u0131ld\u0131. AYD Y\u00f6netim Kurulu Ba\u015fkan\u0131 Nuri \u015eapkac\u0131\u2019n\u0131n ev sahipli\u011finde ger\u00e7ekle\u015fen zirvede Ticaret Bakan\u0131 Yard\u0131mc\u0131s\u0131 Mahmut G\u00fcrcan da sekt\u00f6re dair \u00f6nemli a\u00e7\u0131klamalarda bulundu.<\/p>\n<p>AVM sekt\u00f6r\u00fcn\u00fcn \u00f6nemli oyuncular\u0131ndan \u0130sra Holding\u2019in, y\u00f6netimlerini ECE T\u00fcrkiye\u2019ye emanet etti\u011fi V Mall \u0130stanbul, V Metroway ve A\u011fr\u0131 \u0130l \u00d6zel \u0130daresi i\u015f birli\u011finde hayata ge\u00e7irmekte oldu\u011fu V Mall A\u011fr\u0131 projeleri ziyaret\u00e7iler taraf\u0131ndan tam not ald\u0131. Al\u0131\u015fveri\u015f Ekonomisi Zirvesi\u2019nde konu\u015fan \u0130sra Holding Y\u00f6netim Kurulu Ba\u015fkan\u0131 Abdurrahim Tavl\u0131, AVM Finansman Modelleri ve S\u00fcrd\u00fcr\u00fclebilir Yat\u0131r\u0131m F\u0131rsatlar\u0131 ba\u015fl\u0131kl\u0131 panelde sekt\u00f6r\u00fcn bug\u00fcn\u00fc ve gelece\u011fine dair \u00f6nemli a\u00e7\u0131klamalarda bulunurken yeni finansman modellerinin ayr\u0131nt\u0131lar\u0131n\u0131 ziyaret\u00e7ilerle payla\u015ft\u0131.<\/p>\n<h2>AVM\u2019lerin gelece\u011fi i\u00e7in s\u00fcrd\u00fcr\u00fclebilir finansman\u0131n \u00f6nemi b\u00fcy\u00fck<\/h2>\n<p>AVM sekt\u00f6r\u00fcn\u00fcn \u00fclke ekonomisi, kalk\u0131nma, istihdam ve s\u00fcrd\u00fcr\u00fclebilirlik kriterleri a\u00e7\u0131s\u0131ndan T\u00fcrkiye i\u00e7in b\u00fcy\u00fck \u00f6nem ta\u015f\u0131d\u0131\u011f\u0131n\u0131, bu noktada yenilik\u00e7i d\u00fcnya perspektifine sahip finansman modellerinin devreye girdi\u011fini ifade eden \u0130sra Holding Y\u00f6netim Kurulu Ba\u015fkan\u0131 Abdurrahim Tavl\u0131 \u201cY\u00fczde 100 T\u00fcrk firmas\u0131 \u0130sra Holding olarak yat\u0131r\u0131m modellerine bakt\u0131\u011f\u0131m\u0131zda Avrupa\u2019y\u0131, Amerika\u2019y\u0131, Orta Asya\u2019y\u0131 ciddi manada \u00e7ok detayl\u0131ca inceledik. Bizler, proje bazl\u0131 serbest piyasa mevzuatlar\u0131na uygun olarak portf\u00f6y y\u00f6netim \u015firketi esaslar\u0131yla hareket ediyoruz. Ayr\u0131ca modellerimizi, banka finansman\u0131yla de\u011fil tamamen proje bazl\u0131 ortakl\u0131k \u00fczerine kurarak ilerletiyoruz. Ba\u015fak\u015fehir\u2019de hayata ge\u00e7irdi\u011fimiz V Mall \u0130stanbul projesi, bu finansman modelinin en \u00f6nemli \u00f6rnekleri aras\u0131nda yer al\u0131yor. Portf\u00f6y y\u00f6netim \u015firketlerinin genel olarak sekt\u00f6re \u00e7ok ciddi bir giri\u015f yapt\u0131\u011f\u0131n\u0131 ifade etmemiz m\u00fcmk\u00fcn. \u015eirketler i\u00e7in giri\u015fim sermayesi yat\u0131r\u0131m ortakl\u0131klar\u0131, gayrimenkul \u00f6zelinde olacaksa GYF\u2019lerin incelenmesi ve uygulanmas\u0131 gerekti\u011fini d\u00fc\u015f\u00fcn\u00fcyorum\u201d dedi.<\/p>\n<h2>Portf\u00f6y y\u00f6netim \u015firketleri 1 trilyon dolar b\u00fcy\u00fckl\u00fc\u011fe ula\u015facak<\/h2>\n<p>Portf\u00f6y y\u00f6netim \u015firketlerinin son d\u00f6nemde g\u00fc\u00e7l\u00fc bir b\u00fcy\u00fcme kaydetti\u011fi ifade edilen etkinlikte \u0130sra Holding\u2019in projelerinde uygulad\u0131\u011f\u0131 finansman modeli, t\u00fcm kat\u0131l\u0131mc\u0131lar taraf\u0131ndan tam not ald\u0131. T\u00fcrkiye\u2019de portf\u00f6y y\u00f6netim \u015firketlerinin 2022\u2019de 1 trilyon 125 milyar TL, Ekim 2023 itibariyle bu rakam\u0131n 2,5 kat b\u00fcy\u00fcmeyle 2 trilyon 812 milyar TL\u2019ye ula\u015ft\u0131\u011f\u0131 a\u00e7\u0131kland\u0131. Portf\u00f6y\u00fcn\u00fc geni\u015fletmek ad\u0131na y\u00fcksek tempoda \u00e7al\u0131\u015fan \u0130sra Holding Y\u00f6netim Kurulu Ba\u015fkan\u0131 Abdurrahim Tavl\u0131, bu rakam\u0131n 10 y\u0131l i\u00e7inde trilyon dolar seviyesine ula\u015fmas\u0131n\u0131 beklediklerini s\u00f6yledi.<\/p>\n<p>\u00d6zel oturumlar\u0131n d\u00fczenlendi\u011fi etkinlikte T\u00fcrkiye Otelciler Birli\u011fi Ba\u015fkan\u0131 M\u00fcberra Eresin, Pegasus Hava Yollar\u0131 YKB Mehmet Nane, Esas Gayrimenkul COO\u2019su Nevzat Yavan, Alka\u015f&amp;Han Spaces Y\u00f6netim Kurulu Ba\u015fkan\u0131 Avi Alka\u015f gibi \u00e7ok say\u0131da \u00f6nemli isim, ekonomik geli\u015fmeler ve piyasalar hakk\u0131nda \u00f6nemli a\u00e7\u0131klamalarda bulundu. 14. AYD Al\u0131\u015fveri\u015f Ekonomisi Zirvesi\u2019nin sponsorlar\u0131ndan olan \u0130sra Holding\u2019in, \u00e7eyrek asra yakla\u015fan tecr\u00fcbesiyle gayrimenkul, perakende, turizm, enerji ve finans sekt\u00f6rlerinde h\u0131zla b\u00fcy\u00fcmeye devam etti\u011fi ve aktif yat\u0131r\u0131m programlar\u0131yla yeni projeler i\u00e7in d\u00fc\u011fmeye bast\u0131\u011f\u0131 a\u00e7\u0131kland\u0131.<\/p>\n","protected":false},"excerpt":{"rendered":"<p>\u0130SRA HOLD\u0130NG\u2019\u0130N UYGULADI\u011eI F\u0130NANSMAN MODEL\u0130NE AVM VE GAYR\u0130MENKUL SEKT\u00d6R\u00dcNDEN TAM NOT \u201c50 milyar dolar yat\u0131r\u0131m b\u00fcy\u00fckl\u00fc\u011f\u00fcne sahip AVM sekt\u00f6r\u00fcn\u00fcn nabz\u0131 bu zirvede att\u0131\u201d Al\u0131\u015fveri\u015f Merkezleri ve Yat\u0131r\u0131mc\u0131lar\u0131 Derne\u011fi (AYD) taraf\u0131ndan bu y\u0131l 14\u2019\u00fcnc\u00fcs\u00fc d\u00fczenlenen Al\u0131\u015fveri\u015f Ekonomisi Zirvesi; T\u00fcrkiye\u2019nin \u00f6nde gelen \u015firketlerini, sekt\u00f6r yat\u0131r\u0131mc\u0131lar\u0131n\u0131, perakendecileri, al\u0131\u015fveri\u015f merkezi y\u00f6neticilerini ve sekt\u00f6re destek veren firmalar\u0131 bir araya getirdi. [&hellip;]<\/p>\n","protected":false},"author":1,"featured_media":44941,"comment_status":"open","ping_status":"open","sticky":false,"template":"","format":"standard","meta":{"ngg_post_thumbnail":0},"categories":[5388],"tags":[],"_links":{"self":[{"href":"https:\/\/emlaktuel.com\/index.php?rest_route=\/wp\/v2\/posts\/44940"}],"collection":[{"href":"https:\/\/emlaktuel.com\/index.php?rest_route=\/wp\/v2\/posts"}],"about":[{"href":"https:\/\/emlaktuel.com\/index.php?rest_route=\/wp\/v2\/types\/post"}],"author":[{"embeddable":true,"href":"https:\/\/emlaktuel.com\/index.php?rest_route=\/wp\/v2\/users\/1"}],"replies":[{"embeddable":true,"href":"https:\/\/emlaktuel.com\/index.php?rest_route=%2Fwp%2Fv2%2Fcomments&post=44940"}],"version-history":[{"count":2,"href":"https:\/\/emlaktuel.com\/index.php?rest_route=\/wp\/v2\/posts\/44940\/revisions"}],"predecessor-version":[{"id":44944,"href":"https:\/\/emlaktuel.com\/index.php?rest_route=\/wp\/v2\/posts\/44940\/revisions\/44944"}],"wp:featuredmedia":[{"embeddable":true,"href":"https:\/\/emlaktuel.com\/index.php?rest_route=\/wp\/v2\/media\/44941"}],"wp:attachment":[{"href":"https:\/\/emlaktuel.com\/index.php?rest_route=%2Fwp%2Fv2%2Fmedia&parent=44940"}],"wp:term":[{"taxonomy":"category","embeddable":true,"href":"https:\/\/emlaktuel.com\/index.php?rest_route=%2Fwp%2Fv2%2Fcategories&post=44940"},{"taxonomy":"post_tag","embeddable":true,"href":"https:\/\/emlaktuel.com\/index.php?rest_route=%2Fwp%2Fv2%2Ftags&post=44940"}],"curies":[{"name":"wp","href":"https:\/\/api.w.org\/{rel}","templated":true}]}}