{"id":44790,"date":"2023-11-12T11:31:47","date_gmt":"2023-11-12T08:31:47","guid":{"rendered":"https:\/\/emlaktuel.com\/?p=44790"},"modified":"2023-11-12T11:31:47","modified_gmt":"2023-11-12T08:31:47","slug":"otomotiv-sanayii-dernegi-ocak-ekim-donemi-verilerini-acikladi","status":"publish","type":"post","link":"https:\/\/emlaktuel.com\/?p=44790","title":{"rendered":"Otomotiv Sanayii Derne\u011fi, Ocak-Ekim D\u00f6nemi Verilerini A\u00e7\u0131klad\u0131!"},"content":{"rendered":"<p>Otomotiv Sanayii Derne\u011fi, Ocak-Ekim D\u00f6nemi<br \/>\nVerilerini A\u00e7\u0131klad\u0131!<\/p>\n<p>Y\u0131l\u0131n \u0130lk 10 Ayl\u0131k D\u00f6neminde \u00dcretimde Y\u00fczde 12, \u0130hracatta Y\u00fczde 7, Pazarda ise Y\u00fczde 62\u2019lik Art\u0131\u015f Ya\u015fand\u0131!<\/p>\n<p>Otomotiv Sanayii Derneg\u0306i (OSD) 2023 y\u0131l\u0131n\u0131n ilk 10 ayl\u0131k d\u00f6nemine ili\u015fkin verileri a\u00e7\u0131klad\u0131. Ge\u00e7en y\u0131l\u0131n ayn\u0131 d\u00f6nemine g\u00f6re toplam \u00fcretim y\u00fczde 12 artarak 1 milyon 210 bin 342 adet olarak ger\u00e7ekle\u015fti. Ge\u00e7en y\u0131l\u0131n ilk 10 ayl\u0131k d\u00f6nemine g\u00f6re y\u00fczde 23 art\u0131\u015f sa\u011flayan otomobil \u00fcretimi ise 779 bin 328 adede ula\u015ft\u0131. Trakt\u00f6r \u00fcretimiyle birlikte toplam \u00fcretim ise 1 milyon 258 bin 751 adede y\u00fckseldi. Ticari ara\u00e7 grubunda, y\u0131l\u0131n ilk 10 ay\u0131nda \u00fcretim y\u00fczde 3, hafif ticari ara\u00e7 grubunda ise y\u00fczde 6 azal\u0131rken a\u011f\u0131r ticari ara\u00e7 grubunda y\u00fczde 23 artt\u0131. 2022 y\u0131l\u0131n\u0131n ilk 10 ayl\u0131k d\u00f6nemine g\u00f6re ticari ara\u00e7 pazar\u0131 46, a\u011f\u0131r ticari ara\u00e7 pazar\u0131 y\u00fczde 24, hafif ticari ara\u00e7 pazar\u0131 ise y\u00fczde 51 art\u0131\u015f sa\u011flad\u0131. Y\u0131l\u0131n ilk 10 ay\u0131nda, bir \u00f6nceki y\u0131l\u0131n ayn\u0131 d\u00f6nemine g\u00f6re, toplam otomotiv ihracat\u0131 adet baz\u0131nda y\u00fczde 7 oran\u0131nda artarken, otomobil ihracat\u0131ndaki art\u0131\u015f y\u00fczde 21 olarak ger\u00e7ekle\u015fti. Bu d\u00f6nemde, toplam ihracat 832 bin 80 adet, otomobil ihracat\u0131 ise 540 bin 304 adet d\u00fczeyinde ger\u00e7ekle\u015fti. 2023\u2019\u00fcn ilk 10 ayl\u0131k d\u00f6neminde toplam pazar, ge\u00e7en y\u0131l\u0131n ayn\u0131 d\u00f6nemine g\u00f6re y\u00fczde 62 artarak 999 bin 858 adetten kapand\u0131. Bu d\u00f6nemde, otomobil pazar\u0131 da y\u00fczde 68\u2019lik art\u0131\u015f sa\u011flad\u0131 ve 749 bin 501 adede ula\u015ft\u0131.<\/p>\n<p>Tu\u0308rkiye otomotiv sanayisine yo\u0308n veren 13 u\u0308yesiyle sekto\u0308ru\u0308n c\u0327at\u0131 kurulus\u0327u konumunda olan Otomotiv Sanayii Derneg\u0306i (OSD), 2023 y\u0131l\u0131n\u0131n ocak-ekim d\u00f6nemine ait u\u0308retim ve ihracat adetleri ile pazar verilerini ac\u0327\u0131klad\u0131. Buna g\u00f6re, y\u0131l\u0131n ilk 10 ayl\u0131k d\u00f6neminde toplam otomotiv \u00fcretimi bir \u00f6nceki y\u0131l\u0131n ayn\u0131 d\u00f6nemine g\u00f6re y\u00fczde 12 artarak 1 milyon 210 bin 342 adede ula\u015ft\u0131. Otomobil \u00fcretimi ise y\u00fczde 23 artarak 779 bin 328 adet olarak ger\u00e7ekle\u015fti. Trakt\u00f6r \u00fcretimiyle birlikte toplam \u00fcretim ise 1 milyon 258 bin 751 adedi buldu. Y\u0131l\u0131n ilk on ayl\u0131k d\u00f6neminde ticari ara\u00e7 \u00fcretimi bir \u00f6nceki y\u0131l\u0131n ayn\u0131 d\u00f6nemine g\u00f6re y\u00fczde 3, hafif ticari ara\u00e7 grubunda ise y\u00fczde 6 geriledi. A\u011f\u0131r ticari ara\u00e7 grubunda ise \u00fcretim y\u00fczde 23 artt\u0131. Bu d\u00f6nemde, otomotiv sanayisinin kapasite kullan\u0131m oran\u0131 y\u00fczde 73 olarak ger\u00e7ekle\u015fti. Ara\u00e7 grubu baz\u0131nda kapasite kullan\u0131m oranlar\u0131 ise hafif ara\u00e7larda (otomobil + hafif ticari ara\u00e7) y\u00fczde 73, kamyon grubunda y\u00fczde 92, otob\u00fcs-midib\u00fcs grubunda y\u00fczde 53 ve trakt\u00f6rde y\u00fczde 76 seviyesinde ger\u00e7ekle\u015fti.<\/p>\n<h2>\u0130hracat y\u00fczde 16 artarak 29,3 milyar dolara ula\u015ft\u0131!<\/h2>\n<p>Y\u0131l\u0131n ilk on ayl\u0131k d\u00f6neminde otomotiv ihracat\u0131 ge\u00e7ti\u011fimiz y\u0131l\u0131n ayn\u0131 d\u00f6nemine g\u00f6re adet baz\u0131nda y\u00fczde 7 artarak 832 bin 80 adet olarak ger\u00e7ekle\u015fti. Bu d\u00f6nemde otomobil ihracat\u0131 bir \u00f6nceki y\u0131l\u0131n ayn\u0131 d\u00f6nemine g\u00f6re y\u00fczde 21 artarken, ticari ara\u00e7 ihracat\u0131 ise y\u00fczde 12 oran\u0131nda geriledi. Trakt\u00f6r ihracat\u0131 ise 2022 y\u0131l\u0131n\u0131n ayn\u0131 d\u00f6nemine g\u00f6re y\u00fczde 3 artarak 15 bin 648 adet olarak ger\u00e7ekle\u015fti. T\u00fcrkiye \u0130hracat\u00e7\u0131lar Meclisi verilerine g\u00f6re, toplam otomotiv sanayi ihracat\u0131, 2023\u2019\u00fcn ilk on ayl\u0131k d\u00f6neminde y\u00fczde 14 ile sekt\u00f6rel ihracat s\u0131ralamas\u0131nda zirvedeki yerini korudu. Uluda\u011f \u0130hracat\u00e7\u0131 Birlikleri (U\u0130B) verilerine g\u00f6re, ilk on ayl\u0131k d\u00f6nemde toplam otomotiv ihracat\u0131, 2022 y\u0131l\u0131n\u0131n ayn\u0131 d\u00f6nemine g\u00f6re y\u00fczde 16 artarak 29,3 milyar dolar oldu. Euro baz\u0131nda ise y\u00fczde 13 artarak 27,1 milyar euro olarak ger\u00e7ekle\u015fti. Bu d\u00f6nemde, dolar baz\u0131nda ana sanayi ihracat\u0131 y\u00fczde 19 oran\u0131nda, tedarik sanayi ihracat\u0131 da y\u00fczde 11 oran\u0131nda artt\u0131.<\/p>\n<h2>Pazar 1 milyona yakla\u015ft\u0131!<\/h2>\n<p>2023\u2019\u00fcn ilk on ay\u0131nda toplam pazar, bir \u00f6nceki y\u0131l\u0131n ayn\u0131 d\u00f6nemine g\u00f6re y\u00fczde 62 artarak 999 bin 858 adet d\u00fczeyinde ger\u00e7ekle\u015fti. Bu d\u00f6nemde, otomobil pazar\u0131 da y\u00fczde 68 oran\u0131nda art\u0131\u015f sa\u011flad\u0131 ve 749 bin 501 adet oldu. Ticari ara\u00e7 pazar\u0131na bak\u0131ld\u0131\u011f\u0131nda ise y\u0131l\u0131n ilk on ay\u0131nda, bir \u00f6nceki y\u0131l\u0131n ayn\u0131 d\u00f6nemine k\u0131yasla toplam ticari ara\u00e7 pazar\u0131nda y\u00fczde 46, a\u011f\u0131r ticari ara\u00e7 pazar\u0131nda y\u00fczde 24, hafif ticari ara\u00e7 pazar\u0131nda ise y\u00fczde 51 b\u00fcy\u00fcme sa\u011fland\u0131. 2023 y\u0131l\u0131 ocak-ekim d\u00f6neminde, ge\u00e7en y\u0131l\u0131n ayn\u0131 d\u00f6nemine g\u00f6re otomobil sat\u0131\u015flar\u0131ndaki yerli ara\u00e7 pay\u0131 y\u00fczde 32, hafif ticari ara\u00e7 pazar\u0131nda yerli ara\u00e7 pay\u0131 ise y\u00fczde 48 olarak ger\u00e7ekle\u015fti.<\/p>\n<p>&nbsp;<\/p>\n<p>&nbsp;<\/p>\n","protected":false},"excerpt":{"rendered":"<p>Otomotiv Sanayii Derne\u011fi, Ocak-Ekim D\u00f6nemi Verilerini A\u00e7\u0131klad\u0131! Y\u0131l\u0131n \u0130lk 10 Ayl\u0131k D\u00f6neminde \u00dcretimde Y\u00fczde 12, \u0130hracatta Y\u00fczde 7, Pazarda ise Y\u00fczde 62\u2019lik Art\u0131\u015f Ya\u015fand\u0131! Otomotiv Sanayii Derneg\u0306i (OSD) 2023 y\u0131l\u0131n\u0131n ilk 10 ayl\u0131k d\u00f6nemine ili\u015fkin verileri a\u00e7\u0131klad\u0131. Ge\u00e7en y\u0131l\u0131n ayn\u0131 d\u00f6nemine g\u00f6re toplam \u00fcretim y\u00fczde 12 artarak 1 milyon 210 bin 342 adet olarak ger\u00e7ekle\u015fti. [&hellip;]<\/p>\n","protected":false},"author":1,"featured_media":44791,"comment_status":"open","ping_status":"open","sticky":false,"template":"","format":"standard","meta":{"ngg_post_thumbnail":0},"categories":[5215],"tags":[],"_links":{"self":[{"href":"https:\/\/emlaktuel.com\/index.php?rest_route=\/wp\/v2\/posts\/44790"}],"collection":[{"href":"https:\/\/emlaktuel.com\/index.php?rest_route=\/wp\/v2\/posts"}],"about":[{"href":"https:\/\/emlaktuel.com\/index.php?rest_route=\/wp\/v2\/types\/post"}],"author":[{"embeddable":true,"href":"https:\/\/emlaktuel.com\/index.php?rest_route=\/wp\/v2\/users\/1"}],"replies":[{"embeddable":true,"href":"https:\/\/emlaktuel.com\/index.php?rest_route=%2Fwp%2Fv2%2Fcomments&post=44790"}],"version-history":[{"count":1,"href":"https:\/\/emlaktuel.com\/index.php?rest_route=\/wp\/v2\/posts\/44790\/revisions"}],"predecessor-version":[{"id":44792,"href":"https:\/\/emlaktuel.com\/index.php?rest_route=\/wp\/v2\/posts\/44790\/revisions\/44792"}],"wp:featuredmedia":[{"embeddable":true,"href":"https:\/\/emlaktuel.com\/index.php?rest_route=\/wp\/v2\/media\/44791"}],"wp:attachment":[{"href":"https:\/\/emlaktuel.com\/index.php?rest_route=%2Fwp%2Fv2%2Fmedia&parent=44790"}],"wp:term":[{"taxonomy":"category","embeddable":true,"href":"https:\/\/emlaktuel.com\/index.php?rest_route=%2Fwp%2Fv2%2Fcategories&post=44790"},{"taxonomy":"post_tag","embeddable":true,"href":"https:\/\/emlaktuel.com\/index.php?rest_route=%2Fwp%2Fv2%2Ftags&post=44790"}],"curies":[{"name":"wp","href":"https:\/\/api.w.org\/{rel}","templated":true}]}}