{"id":44781,"date":"2023-11-11T12:08:39","date_gmt":"2023-11-11T09:08:39","guid":{"rendered":"https:\/\/emlaktuel.com\/?p=44781"},"modified":"2023-11-11T12:08:39","modified_gmt":"2023-11-11T09:08:39","slug":"sehrini-vicdanla-tamamla-temasi-umut-cizgisi-ile-belgesel-oldu","status":"publish","type":"post","link":"https:\/\/emlaktuel.com\/?p=44781","title":{"rendered":"\u201c\u015eehrini Vicdanla Tamamla\u201d temas\u0131 \u201cUmut \u00c7izgisi\u201d ile Belgesel oldu"},"content":{"rendered":"<p style=\"font-weight: 400;\"><strong>\u201c\u015eehrini Vicdanla Tamamla\u201d temas\u0131 <\/strong><strong>\u201cUmut \u00c7izgisi\u201d ile Belgesel oldu<\/strong><\/p>\n<p style=\"font-weight: 400;\"><strong>&nbsp;<\/strong><strong>GYODER\u2019in 6 \u015eubat Kahramanmara\u015f merkezli depremlerden sonra \u00fcyeleri ile birlikte g\u00f6n\u00fcll\u00fc olarak b\u00f6lgede yapt\u0131\u011f\u0131 \u00e7al\u0131\u015fmalar\u0131 anlatan \u2018Umut \u00c7izgisi\u2019 adl\u0131 belgesel, 12 Kas\u0131m\u2019da A Haber, ATV, CNN T\u00fcrk, NTV\u2019de izleyiciyle bulu\u015fuyor.<\/strong><\/p>\n<p style=\"font-weight: 400;\">Gayrimenkul Yat\u0131r\u0131mc\u0131lar\u0131 Derne\u011fi (GYODER), 6 Kas\u0131m\u2019da ya\u015fanan Kahramanmara\u015f merkezli depremlerden sonra b\u00f6lgeye ilk giden sivil toplum kurulu\u015flar\u0131ndan olmu\u015ftu. 11 ili etkileyen depremleri unutturmamak ve b\u00f6lgede yap\u0131lan \u00e7al\u0131\u015fmalar\u0131 anlatmak ad\u0131na \u00e7ekilen \u2018<strong>Umut \u00c7izgisi\u2019<\/strong>&nbsp;belgesi, GYODER \u00fcyelerinin b\u00f6lgede g\u00f6n\u00fcll\u00fc olarak y\u00fcr\u00fctt\u00fc\u011f\u00fc 100 bin konutun mimari projelerinin ve master planlar\u0131n\u0131n tasarlanmas\u0131 s\u00fcrecini anlat\u0131yor.<\/p>\n<p style=\"font-weight: 400;\">Do\u011fayla inatla\u015fma, yetersiz denetim, konut \u00fcretiminde yanl\u0131\u015f malzeme kullan\u0131m\u0131 ve art arda gelen 7.7 ve 7.6 b\u00fcy\u00fckl\u00fc\u011f\u00fcndeki depremler sonucu 6 \u015eubat\u2019ta yak\u0131n tarihin en \u00f6l\u00fcmc\u00fcl felaketlerinden birini ya\u015fad\u0131k.&nbsp; 32 adet atom bombas\u0131na e\u015fde\u011fer b\u00fcy\u00fckl\u00fckte olan depremler Anadolu\u2019da 110 bin metrekarelik bir alan\u0131 etkiledi.&nbsp; Depremlerde 50 binden fazla can\u0131m\u0131z\u0131 kaybettik. 1.5 milyon ki\u015finin evsiz kald\u0131\u011f\u0131 b\u00f6lgede 680 bin konutun yeniden yap\u0131lmas\u0131 gerekiyordu. Hatay, Kahramanmara\u015f, Malatya, Diyarbak\u0131r, Osmaniye ve Adana\u2019da yap\u0131lacak konutlar i\u00e7in GYODER hi\u00e7 vakit kaybetmeden harekete ge\u00e7ti.<\/p>\n<p style=\"font-weight: 400;\">GYODER \u00f6nderli\u011finde 40 tasar\u0131m ofisinden mimar, kent tasar\u0131mc\u0131s\u0131, peyzaj tasar\u0131mc\u0131s\u0131, ayd\u0131nlatma uzman\u0131 ve m\u00fchendis gibi farkl\u0131 uzmanl\u0131klara sahip 1000 ki\u015filik bir ekip, b\u00f6lgenin yaralar\u0131n\u0131 sarmak i\u00e7in bir araya geldi. Yap\u0131lmas\u0131 planlanan 680 bin konuttan 100 binin tasar\u0131mlar\u0131 3 ay gibi k\u0131sa bir s\u00fcrede GYODER \u00f6nc\u00fcl\u00fc\u011f\u00fcndeki bu ekip taraf\u0131ndan g\u00f6n\u00fcll\u00fc olarak ger\u00e7ekle\u015ftirildi.<strong>&nbsp;<\/strong><\/p>\n<h2 style=\"font-weight: 400;\"><strong>\u0130\u015e B\u0130RL\u0130\u011e\u0130 VE DAYANI\u015eMANIN EN G\u00dcZEL \u00d6RNE\u011e\u0130<\/strong><\/h2>\n<p style=\"font-weight: 400;\">\u00c7evre, \u015eehircilik ve \u0130klim De\u011fi\u015fikli\u011fi Bakanl\u0131\u011f\u0131 ile koordineli olarak y\u00fcr\u00fct\u00fclen \u00e7al\u0131\u015fmalar ayn\u0131 zamanda kamu, STK, \u00f6zel sekt\u00f6r i\u015f birli\u011fi ve dayan\u0131\u015fmas\u0131n\u0131n da d\u00fcnyada e\u015fine az rastlan\u0131r \u00f6rneklerinden birini olu\u015fturdu.<\/p>\n<p style=\"font-weight: 400;\">Deprem sonras\u0131 b\u00f6lgede yap\u0131lan t\u00fcm bu \u00e7al\u0131\u015fmalar\u0131 anlatan&nbsp;<strong>\u201cUmut \u00c7izgisi\u201d<\/strong>&nbsp;Belgeseli,&nbsp;<strong>12 Kas\u0131m Pazar g\u00fcn\u00fc sabah 10:00\u2019da A Haber, ATV, CNN T\u00fcrk ve NTV\u2019de&nbsp;<\/strong>izleyiciyle bulu\u015facak. Belgesel, e\u015f zamanl\u0131 olarak GYODER\u2019in YouTube hesab\u0131ndan da yay\u0131nlanacak.<\/p>\n<p style=\"font-weight: 400;\">Belgeselin \u00f6n g\u00f6sterimi ise 25-26 Ekim\u2019de \u201c<strong>\u015eehrini Vicdanla Tamamla<\/strong>\u201d mottosuyla \u0130stanbul Kongre Merkezi\u2019nde ger\u00e7ekle\u015ftirilen GYODER 18. Gayrimenkul Zirvesi\u2019nde yap\u0131lm\u0131\u015ft\u0131.<\/p>\n<p style=\"font-weight: 400;\">&nbsp;<\/p>\n","protected":false},"excerpt":{"rendered":"<p>\u201c\u015eehrini Vicdanla Tamamla\u201d temas\u0131 \u201cUmut \u00c7izgisi\u201d ile Belgesel oldu &nbsp;GYODER\u2019in 6 \u015eubat Kahramanmara\u015f merkezli depremlerden sonra \u00fcyeleri ile birlikte g\u00f6n\u00fcll\u00fc olarak b\u00f6lgede yapt\u0131\u011f\u0131 \u00e7al\u0131\u015fmalar\u0131 anlatan \u2018Umut \u00c7izgisi\u2019 adl\u0131 belgesel, 12 Kas\u0131m\u2019da A Haber, ATV, CNN T\u00fcrk, NTV\u2019de izleyiciyle bulu\u015fuyor. Gayrimenkul Yat\u0131r\u0131mc\u0131lar\u0131 Derne\u011fi (GYODER), 6 Kas\u0131m\u2019da ya\u015fanan Kahramanmara\u015f merkezli depremlerden sonra b\u00f6lgeye ilk giden sivil toplum [&hellip;]<\/p>\n","protected":false},"author":1,"featured_media":44782,"comment_status":"open","ping_status":"open","sticky":false,"template":"","format":"standard","meta":{"ngg_post_thumbnail":0},"categories":[5388],"tags":[],"_links":{"self":[{"href":"https:\/\/emlaktuel.com\/index.php?rest_route=\/wp\/v2\/posts\/44781"}],"collection":[{"href":"https:\/\/emlaktuel.com\/index.php?rest_route=\/wp\/v2\/posts"}],"about":[{"href":"https:\/\/emlaktuel.com\/index.php?rest_route=\/wp\/v2\/types\/post"}],"author":[{"embeddable":true,"href":"https:\/\/emlaktuel.com\/index.php?rest_route=\/wp\/v2\/users\/1"}],"replies":[{"embeddable":true,"href":"https:\/\/emlaktuel.com\/index.php?rest_route=%2Fwp%2Fv2%2Fcomments&post=44781"}],"version-history":[{"count":1,"href":"https:\/\/emlaktuel.com\/index.php?rest_route=\/wp\/v2\/posts\/44781\/revisions"}],"predecessor-version":[{"id":44783,"href":"https:\/\/emlaktuel.com\/index.php?rest_route=\/wp\/v2\/posts\/44781\/revisions\/44783"}],"wp:featuredmedia":[{"embeddable":true,"href":"https:\/\/emlaktuel.com\/index.php?rest_route=\/wp\/v2\/media\/44782"}],"wp:attachment":[{"href":"https:\/\/emlaktuel.com\/index.php?rest_route=%2Fwp%2Fv2%2Fmedia&parent=44781"}],"wp:term":[{"taxonomy":"category","embeddable":true,"href":"https:\/\/emlaktuel.com\/index.php?rest_route=%2Fwp%2Fv2%2Fcategories&post=44781"},{"taxonomy":"post_tag","embeddable":true,"href":"https:\/\/emlaktuel.com\/index.php?rest_route=%2Fwp%2Fv2%2Ftags&post=44781"}],"curies":[{"name":"wp","href":"https:\/\/api.w.org\/{rel}","templated":true}]}}