{"id":44773,"date":"2023-11-10T15:05:44","date_gmt":"2023-11-10T12:05:44","guid":{"rendered":"https:\/\/emlaktuel.com\/?p=44773"},"modified":"2023-11-10T15:05:44","modified_gmt":"2023-11-10T12:05:44","slug":"bahas-holding-ceosu-abdussamet-bahadir-yeniden-gigder-baskan-yardimcisi-oldu","status":"publish","type":"post","link":"https:\/\/emlaktuel.com\/?p=44773","title":{"rendered":"Baha\u015f Holding CEO\u2019su Abd\u00fcssamet Bahad\u0131r yeniden G\u0130GDER Ba\u015fkan Yard\u0131mc\u0131s\u0131 oldu"},"content":{"rendered":"<p>Baha\u015f Holding CEO\u2019su Abd\u00fcssamet Bahad\u0131r yeniden G\u0130GDER Ba\u015fkan Yard\u0131mc\u0131s\u0131 oldu<\/p>\n<p>Baha\u015f Holding CEO\u2019su Abd\u00fcssamet Bahad\u0131r, Gayrimenkul Hizmet \u0130hracat\u00e7\u0131lar\u0131 Derne\u011fi Y\u00f6netim Kurulu Ba\u015fkan Yard\u0131mc\u0131l\u0131\u011f\u0131 g\u00f6revine getirildi. Bahad\u0131r, yapt\u0131\u011f\u0131 a\u00e7\u0131klamada \u201cHizmet ihracat\u00e7\u0131s\u0131 olmak, \u00fclkemize do\u011frudan yat\u0131r\u0131m getirmek \u00f6ncelikli hedefimizdir. \u00d6n\u00fcm\u00fczdeki d\u00f6nemde de gayrimenkul ihracat\u0131na y\u00f6nelik s\u00fcrd\u00fcr\u00fclebilir zemini olu\u015fturacak kanuni altyap\u0131n\u0131n haz\u0131rlanmas\u0131 i\u00e7in \u00e7al\u0131\u015fmalara ba\u015flayaca\u011f\u0131z\u201d dedi.<br \/>\nBaha\u015f Holding CEO\u2019su Abd\u00fcssamet Bahad\u0131r, Gayrimenkul Hizmet \u0130hracat\u00e7\u0131lar\u0131 Derne\u011fi (G\u0130GDER), 2. Ola\u011fan Y\u00f6netim Kurulu Toplant\u0131s\u0131\u2019nda ikinci kez G\u0130GDER Y\u00f6netim Kurulu Ba\u015fkan Yard\u0131mc\u0131l\u0131\u011f\u0131 g\u00f6revine se\u00e7ildi.<br \/>\nG\u0130GDER\u2019in, T\u00fcrkiye\u2019nin lokomotif sekt\u00f6r\u00fc konumunda olan gayrimenkul sekt\u00f6r\u00fcn\u00fcn d\u00fcnyaya a\u00e7\u0131lan y\u00fcz\u00fc olma hedefiyle d\u00f6rt y\u0131l \u00f6nce kuruldu\u011funu s\u00f6yleyen G\u0130GDER Y\u00f6netim Kurulu Ba\u015fkan Yard\u0131mc\u0131s\u0131 Abd\u00fcssamet Bahad\u0131r, yapt\u0131\u011f\u0131 a\u00e7\u0131klamada derne\u011fin uluslararas\u0131 gayrimenkul yat\u0131r\u0131mlar\u0131n\u0131 g\u00fc\u00e7lendirmek i\u00e7in \u00e7al\u0131\u015ft\u0131\u011f\u0131n\u0131 s\u00f6yledi. Konuyla ilgili bilgi veren Bahad\u0131r \u201c\u00d6ncelikle bug\u00fcne kadar derne\u011fe \u00e7ok k\u0131ymetli katk\u0131larda bulunan kurucu ba\u015fkan\u0131m\u0131z Faruk Akbal&#8217;a te\u015fekk\u00fcrlerimi sunarken, yeni ba\u015fkan\u0131m\u0131z Bayram Tek\u00e7e\u2019yi tebrik ediyor ve ba\u015far\u0131lar diliyorum. Sekt\u00f6r temsilcilerinin beklentilerini ulusal ve uluslararas\u0131 platformlarda daha iyi anlatabilmek i\u00e7in kurulan bir olu\u015fumun i\u00e7indeyiz. Bu zaman zarf\u0131nda \u00f6nceden 300-500 milyon dolar band\u0131nda olan do\u011frudan yat\u0131r\u0131m tutar\u0131n\u0131 7-8 milyar dolarlara ula\u015ft\u0131rd\u0131k. Bundan sonra da sekt\u00f6r\u00fcm\u00fcze y\u00f6nelik nakit ak\u0131\u015f\u0131 sa\u011flamay\u0131 artan bir ivmeyle s\u00fcrd\u00fcrece\u011fiz.<br \/>\nMevcut sekt\u00f6rel sorunlar\u0131n a\u015f\u0131lmas\u0131n\u0131 ve bu rakam\u0131 \u00e7ok daha yukar\u0131lara ta\u015f\u0131may\u0131 ama\u00e7l\u0131yoruz. \u00d6n\u00fcm\u00fczdeki d\u00f6nemde gayrimenkul ihracat\u0131na y\u00f6nelik s\u00fcrd\u00fcr\u00fclebilir zemini olu\u015fturacak kanuni altyap\u0131n\u0131n haz\u0131rlanmas\u0131 i\u00e7in \u00e7al\u0131\u015fmalara ba\u015flayaca\u011f\u0131z. Sekt\u00f6rde ya\u015fanan durgunlu\u011fa ek olarak, yabanc\u0131ya konut sat\u0131\u015f\u0131nda da zorlu bir d\u00f6nemden ge\u00e7iyoruz. Oysa yabanc\u0131ya sat\u0131\u015f, bir ihracat kalemidir ve desteklenmelidir. Gayrimenkul sekt\u00f6r\u00fcn\u00fcn s\u0131k\u0131nt\u0131l\u0131 d\u00f6nemlerinde sekt\u00f6re destek olan ve hatta ayakta tutan yabanc\u0131ya sat\u0131\u015f k\u0131sm\u0131d\u0131r. Dolay\u0131s\u0131yla hizmet ihracat\u00e7\u0131s\u0131 olmak, \u00fclkemize do\u011frudan yat\u0131r\u0131m getirmek \u00f6ncelikli hedefimizdir\u201d diye konu\u015ftu.<br \/>\nwww.bahasholding.com 444 88 24<\/p>\n","protected":false},"excerpt":{"rendered":"<p>Baha\u015f Holding CEO\u2019su Abd\u00fcssamet Bahad\u0131r yeniden G\u0130GDER Ba\u015fkan Yard\u0131mc\u0131s\u0131 oldu Baha\u015f Holding CEO\u2019su Abd\u00fcssamet Bahad\u0131r, Gayrimenkul Hizmet \u0130hracat\u00e7\u0131lar\u0131 Derne\u011fi Y\u00f6netim Kurulu Ba\u015fkan Yard\u0131mc\u0131l\u0131\u011f\u0131 g\u00f6revine getirildi. Bahad\u0131r, yapt\u0131\u011f\u0131 a\u00e7\u0131klamada \u201cHizmet ihracat\u00e7\u0131s\u0131 olmak, \u00fclkemize do\u011frudan yat\u0131r\u0131m getirmek \u00f6ncelikli hedefimizdir. \u00d6n\u00fcm\u00fczdeki d\u00f6nemde de gayrimenkul ihracat\u0131na y\u00f6nelik s\u00fcrd\u00fcr\u00fclebilir zemini olu\u015fturacak kanuni altyap\u0131n\u0131n haz\u0131rlanmas\u0131 i\u00e7in \u00e7al\u0131\u015fmalara ba\u015flayaca\u011f\u0131z\u201d dedi. Baha\u015f Holding [&hellip;]<\/p>\n","protected":false},"author":1,"featured_media":18528,"comment_status":"open","ping_status":"open","sticky":false,"template":"","format":"standard","meta":{"ngg_post_thumbnail":0},"categories":[5388],"tags":[],"_links":{"self":[{"href":"https:\/\/emlaktuel.com\/index.php?rest_route=\/wp\/v2\/posts\/44773"}],"collection":[{"href":"https:\/\/emlaktuel.com\/index.php?rest_route=\/wp\/v2\/posts"}],"about":[{"href":"https:\/\/emlaktuel.com\/index.php?rest_route=\/wp\/v2\/types\/post"}],"author":[{"embeddable":true,"href":"https:\/\/emlaktuel.com\/index.php?rest_route=\/wp\/v2\/users\/1"}],"replies":[{"embeddable":true,"href":"https:\/\/emlaktuel.com\/index.php?rest_route=%2Fwp%2Fv2%2Fcomments&post=44773"}],"version-history":[{"count":1,"href":"https:\/\/emlaktuel.com\/index.php?rest_route=\/wp\/v2\/posts\/44773\/revisions"}],"predecessor-version":[{"id":44774,"href":"https:\/\/emlaktuel.com\/index.php?rest_route=\/wp\/v2\/posts\/44773\/revisions\/44774"}],"wp:featuredmedia":[{"embeddable":true,"href":"https:\/\/emlaktuel.com\/index.php?rest_route=\/wp\/v2\/media\/18528"}],"wp:attachment":[{"href":"https:\/\/emlaktuel.com\/index.php?rest_route=%2Fwp%2Fv2%2Fmedia&parent=44773"}],"wp:term":[{"taxonomy":"category","embeddable":true,"href":"https:\/\/emlaktuel.com\/index.php?rest_route=%2Fwp%2Fv2%2Fcategories&post=44773"},{"taxonomy":"post_tag","embeddable":true,"href":"https:\/\/emlaktuel.com\/index.php?rest_route=%2Fwp%2Fv2%2Ftags&post=44773"}],"curies":[{"name":"wp","href":"https:\/\/api.w.org\/{rel}","templated":true}]}}