{"id":44688,"date":"2023-11-06T11:37:14","date_gmt":"2023-11-06T08:37:14","guid":{"rendered":"https:\/\/emlaktuel.com\/?p=44688"},"modified":"2023-11-06T11:37:14","modified_gmt":"2023-11-06T08:37:14","slug":"turkiyede-ilk-kez-kaleseramik-tarafindan-uretilen-160x320-cm-ebatli-kalesinterflex-porselen-plaka-unicerada","status":"publish","type":"post","link":"https:\/\/emlaktuel.com\/?p=44688","title":{"rendered":"T\u00fcrkiye\u2019de ilk kez Kaleseramik taraf\u0131ndan \u00fcretilen 160&#215;320 cm ebatl\u0131 Kalesinterflex porselen plaka Unicera\u2019da!"},"content":{"rendered":"<p><strong>T\u00fcrkiye\u2019de ilk kez Kaleseramik <\/strong><strong>taraf\u0131ndan \u00fcretilen 160&#215;320 cm ebatl\u0131 <\/strong><strong>Kalesinterflex porselen plaka Unicera\u2019da!<\/strong><\/p>\n<p><strong>&nbsp;<\/strong><strong>T\u00fcrkiye seramik sekt\u00f6r\u00fcn\u00fcn lideri Kaleseramik, d\u00fcnyan\u0131n ikinci b\u00fcy\u00fck ihtisas fuar\u0131 UNICERA\u2019da trendleri belirleyen \u00fcr\u00fcnleri ile ziyaret\u00e7ileri, yenili\u011fin heyecan verici yolculu\u011funa \u00e7\u0131kartacak. Kaleseramik; \u2018Mekanlar\u0131 ba\u015ftan yaratan bulu\u015f\u2019 olarak nitelendirdi\u011fi inovatif markas\u0131 Kalesinterflex, inovasyonun, esteti\u011fin ve performans\u0131n birle\u015fimi T-One ba\u015fta olmak g\u00fc\u00e7l\u00fc markalar\u0131n\u0131n en yeni \u00fcr\u00fcn, koleksiyon ve uygulamalar\u0131 ile yer alacak.&nbsp;<\/strong><\/p>\n<p><strong>D\u00fcnyan\u0131n ve T\u00fcrkiye\u2019nin ilk ve tek porselen plakas\u0131 Kalesinterflex\u2019in 160&#215;320 cm ebat ve 6 mm, 12 mm, 20 mm\u2019lik kal\u0131nl\u0131klara sahip en yeni \u00f6l\u00e7\u00fcleri ise, ilk kez UNICERA\u2019da sergilenecek. Ziyaret\u00e7iler, T\u00fcrkiye\u2019de ilk kez Kalesinterflex taraf\u0131ndan \u00fcretilip, sekt\u00f6re kazand\u0131r\u0131lan yeni \u00f6l\u00e7\u00fclere sahip dev porselen plakalarla birlikte, ayn\u0131 zamanda 120&#215;360 cm ve 100&#215;300 cm ebatlar\u0131n\u0131n; 3 mm kal\u0131nl\u0131klar\u0131ndaki yeni \u00f6l\u00e7\u00fclerinin sunuldu\u011fu benzersiz uygulama \u00e7\u00f6z\u00fcmlerini de yak\u0131ndan deneyimleme f\u0131rsat\u0131 bulacaklar.&nbsp;<\/strong><\/p>\n<p><strong>Ayr\u0131ca Kalesinterflex\u2019ten geli\u015ftirilen devasa boyutlar\u0131 ve benzersiz esteti\u011fi ile mutfakta sanat ve zarafeti bulu\u015fturan T-One Porselen Tezg\u00e2h da t\u00fcketici ve profesyonellerin be\u011fenisine sunulacak. Ziyaret\u00e7iler, \u00fc\u00e7 g\u00fcn boyunca mutfaklar\u0131 d\u00f6n\u00fc\u015ft\u00fcren bu \u00e7ok \u00f6zel porselen tezg\u00e2hta \u00fcnl\u00fc \u015feflerin performanslar\u0131n\u0131 yak\u0131ndan izleyebilecekler.<\/strong><\/p>\n<p>T\u00fcrkiye\u2019nin en b\u00fcy\u00fck, d\u00fcnyan\u0131n en b\u00fcy\u00fck ikinci ihtisas fuar\u0131 olan Uluslararas\u0131 Seramik Banyo Mutfak Fuar\u0131, UNICERA 2023; 6-10 Kas\u0131m tarihlerinde \u0130stanbul Fuar Merkezi\u2019nde kap\u0131lar\u0131n\u0131 a\u00e7\u0131yor. Uluslararas\u0131 pazar\u0131n en \u00f6nemli \u00fcreticilerinin, yeni \u00fcr\u00fcnlerini ilk kez seramik sekt\u00f6r\u00fcn\u00fcn be\u011fenisine sunaca\u011f\u0131 fuarda, 66 y\u0131ll\u0131k k\u00f6kl\u00fc sekt\u00f6r deneyimi ile T\u00fcrkiye\u2019de Serami\u011fin Kalesi olan Kaleseramik de \u00fcnl\u00fc \u0130talyan mimar Paolo Cesaretti ve Kaleseramik Konsept ve G\u00f6rsel Tasar\u0131m Ekibi\u2019nin i\u015f birli\u011fiyle haz\u0131rlad\u0131\u011f\u0131 \u00f6zel stantta ziyaret\u00e7ilerini a\u011f\u0131rlayacak. Stantta \u015firketin tasar\u0131m\u0131 oda\u011fa alan \u00e7evre dostu, dayan\u0131kl\u0131 ve yenilik\u00e7i \u00fcr\u00fcnleri yer alacak. Kaleseramik fuarda; ilham verici, s\u00fcrd\u00fcr\u00fclebilir tasarruflu \u00e7\u00f6z\u00fcmlerini, fonksiyonellik ve estetik aras\u0131nda kurdu\u011fu e\u015fsiz denge ile \u015f\u0131kl\u0131\u011f\u0131 ya\u015fam alanlar\u0131n\u0131n her k\u00f6\u015fesine ta\u015f\u0131yan yeniliklerini t\u00fcketici ve profesyonellerle bulu\u015fturacak.<\/p>\n<h2><strong>Kalesinterflex&nbsp;<\/strong><strong>ile sekt\u00f6r\u00fcn gelece\u011fine \u0131\u015f\u0131k tutacak<\/strong><\/h2>\n<p>Kaleseramik; \u0130stanbul Fuar Merkezi, HALL 5\u2019teki stand\u0131nda, \u00f6zellikle sekt\u00f6rde \u2018Mekanlar\u0131 ba\u015ftan yaratan bulu\u015f\u2019&nbsp;olarak nitelendirdi\u011fi inovatif markas\u0131 Kalesinterflex ve inovasyonun, esteti\u011fin ve performans\u0131n birle\u015fimi olan yeni nesil porselen tezgah\u0131 T-One\u2019n\u0131n yenilik\u00e7i \u00fcr\u00fcn ve koleksiyonlar\u0131 ile sekt\u00f6r\u00fcn gelece\u011fine \u0131\u015f\u0131k tutacak. Yine \u00f6zg\u00fcn tarz arayanlar i\u00e7in stil sahibi mekanlar yaratan \u00c7anakkale Seramik, k\u00f6kl\u00fc marka deneyimini \u00fcr\u00fcn gam\u0131na yans\u0131tan ve &nbsp; geli\u015ftirdi\u011fi yenilik\u00e7i \u00fcr\u00fcnlerle hem sekt\u00f6r\u00fcn hem de mimarl\u0131k k\u00fclt\u00fcr\u00fcn\u00fcn geli\u015fimine \u00f6nc\u00fcl\u00fck eden Kalebodur, banyo tasar\u0131m\u0131na modern bir bak\u0131\u015f a\u00e7\u0131s\u0131 kazand\u0131ran Kale Banyo, do\u011fal detaylar\u0131 ve zarif \u00e7izgileri ile ya\u015fam alanlar\u0131nda fark yaratan yeni mobilya markas\u0131 L\u0130V\u0130 ve yeni banyo koleksiyonu ile birlikte yenilenen marka kimli\u011fiyle \u0130talyan Edilcuoghi markalar\u0131 da ziyaret\u00e7ileri yeni trend \u00fcr\u00fcnlerle tan\u0131\u015ft\u0131racak.<\/p>\n<h2><strong>Ziyaret\u00e7iler seramikteki de\u011fi\u015fime tan\u0131kl\u0131k edecek<\/strong><\/h2>\n<p>Fuar boyunca Kaleseramik stand\u0131nda banyo ve mutfaklar\u0131n vazge\u00e7ilmezi \u015f\u0131k, estetik ve tasarruflu batarya, rezervuar ve du\u015f setleri de ziyaret\u00e7iler taraf\u0131ndan g\u00f6r\u00fclebilecek. Bununla birlikte ziyaret\u00e7iler stantta ayr\u0131ca, banyo mobilyalar\u0131nda Kalesinterflex tezgah\u0131, ah\u015fap ve cam\u0131n \u015f\u0131kl\u0131\u011f\u0131n\u0131 banyolara ta\u015f\u0131yan Ombra, her bak\u0131\u015fta hayranl\u0131k uyand\u0131ran Lotus, kompakt tasar\u0131m\u0131 ve farkl\u0131 renk lavabo se\u00e7enekleriyle tarz\u0131n\u0131z\u0131 yans\u0131tan Volo, do\u011fal ah\u015fap kaplama ve kendinden lavabolu Kalesinterflex tezgah\u0131yla l\u00fcks\u00fc \u015f\u0131kl\u0131kla bulu\u015fturan Zenith serisi banyo mobilyalar\u0131n\u0131; \u0130talyan tasar\u0131m\u0131n\u0131 banyolara ta\u015f\u0131yan Petra serisi lavabo, klozet ve banyo mobilyalar\u0131n\u0131, yine SmartAk\u0131\u015f Teknolojisi ve tam kanals\u0131z hazne yap\u0131s\u0131yla bakterileri y\u00fczde 99\u2019a kadar yok eden D-Luna serisini yak\u0131ndan g\u00f6rme ve inceleme f\u0131rsat\u0131 bulacaklar. Kaleseramik stand\u0131nda, ayn\u0131 zamanda modern ve yenilik\u00e7i tasar\u0131m anlay\u0131\u015f\u0131 ile mekanlara \u00f6zg\u00fcnl\u00fck katan Lyrique, mimari stillere yepyeni bir bak\u0131\u015f a\u00e7\u0131s\u0131 kazand\u0131ran Tiny, farkl\u0131 zevklerin ortak noktas\u0131 olarak tasarlanan Purity ve serami\u011fin do\u011fal formunu ihti\u015faml\u0131&nbsp;mekanlara&nbsp;ta\u015f\u0131yan Glory serilerinin de en yeni \u00fcr\u00fcnleri ziyaret\u00e7ilerin be\u011fenisine sunulacak.<\/p>\n<h2><strong>Kalesinterflex\u2019in en yeni ebatlar\u0131 ilk kez UNICERA\u2019da sergilenecek<\/strong><\/h2>\n<p>UNICERA\u2019da; i\u00e7 mekan, banyo, mobilya ve cephe kaplamalar\u0131 gibi zengin kullan\u0131m alanlar\u0131 ile serami\u011fin gelece\u011fine y\u00f6n veren Kalesinterflex\u2019in 27 Temmuz\u2019da hizmete ald\u0131\u011f\u0131 yeni hatt\u0131nda \u00fcretilen en yeni \u00f6l\u00e7\u00fclerdeki porselen plakalar da ziyaret\u00e7ilerle bulu\u015facak. Fuarda, Kalesinterflex\u2019in T\u00fcrkiye\u2019de ilk olan 160&#215;320 cm ebat ve 6 mm, 12 mm, 20 mm\u2019lik kal\u0131nl\u0131klara sahip en yeni \u00f6l\u00e7\u00fcleri ilk kez g\u00f6r\u00fcc\u00fcye \u00e7\u0131kacak.<\/p>\n<p>7 farkl\u0131 teknolojinin farkl\u0131 \u00fcr\u00fcn gruplar\u0131nda kullan\u0131ld\u0131\u011f\u0131 T\u00fcrkiye\u2019nin ilk ve tek porselen plakas\u0131 Kalesinterflex\u2019in bu yeni \u00f6l\u00e7\u00fcleriyle birlikte, ziyaret\u00e7iler ayr\u0131ca 120&#215;360 cm, 100&#215;300 cm ebat ve 3 mm kal\u0131nl\u0131klardaki b\u00fcy\u00fck ebatl\u0131 porselen plakalar\u0131n sundu\u011fu benzersiz uygulama \u00e7\u00f6z\u00fcmlerini yak\u0131ndan g\u00f6rme f\u0131rsat\u0131 bulacaklar.<\/p>\n<h2><strong>\u00dcnl\u00fc \u015fefler T-One\u2019\u0131n yeni porselen tezgah\u0131nda performanslar\u0131n\u0131 sergileyecek<\/strong><\/h2>\n<p>Fuarda,&nbsp;yeni nesil mutfaklar\u0131n yenilik\u00e7i y\u00fcz\u00fc; uzun \u00f6m\u00fcrl\u00fc, hijyenik, \u00e7izilmez, leke tutmaz \u00f6zellikleriyle \u00f6n plana \u00e7\u0131kan T-One porselen tezgahlar da&nbsp;g\u00f6r\u00fcc\u00fcye \u00e7\u0131kacak. Kaleseramik stand\u0131nda 3 g\u00fcn boyunca \u00fcnl\u00fc \u015fefler Arda T\u00fcrkmen, Ya\u011f\u0131z \u0130zg\u00fcl ve \u00c7i\u011fdem Sefero\u011flu devasa boyutlar\u0131, benzersiz estetik \u00e7\u00f6z\u00fcmleri ile mutfakta sanat ve zarafeti bulu\u015fturarak, mutfak deneyimine yeni bir boyut kazand\u0131ran T-One Porselen Tezgah\u2019ta performanslar\u0131n\u0131 sergileyecek.<\/p>\n<h2><strong>Kale Core\u2019un \u201cEvinde G\u00f6r\u201d \u00f6zelli\u011fi ile onlarca \u00fcr\u00fcn\u00fc canl\u0131 deneyimle f\u0131rsat\u0131 bulacaklar<\/strong><\/h2>\n<p>Kaleseramik, UNICERA\u2019da e\u015fsiz \u00fcr\u00fcnlerinin yan\u0131 s\u0131ra uygulama ve projelerini de ziyaret\u00e7ilerle bulu\u015fturacak. Kaleseramik\u2019in dijitalle\u015fme ad\u0131mlar\u0131n\u0131n bir yans\u0131mas\u0131 olan ve AR-Art\u0131r\u0131lm\u0131\u015f Ger\u00e7eklik teknolojisinin kullan\u0131ld\u0131\u011f\u0131 Kale Core sitesi de ziyaret\u00e7ileri dijital bir yolculu\u011fa \u00e7\u0131kartacak. &nbsp;Ziyaret\u00e7iler, mekan\u0131 yenilemenin en kolay yolu olan Kale Core\u2019un \u201cEvinde G\u00f6r\u201d \u00f6zelli\u011fini kullanarak, onlarca farkl\u0131 \u00fcr\u00fcn\u00fc kendi mekanlar\u0131nda canl\u0131 deneyimle f\u0131rsat\u0131 bulacaklar. &nbsp;Ayr\u0131ca Kaleseramik\u2019in Kalesinterflex ve T-One markalar\u0131n\u0131n \u00fcr\u00fcnlerinin bulundu\u011fu T\u00fcrkiye\u2019nin ilk interaktif katalo\u011fu da fuarda yerini alacak. Ziyaret\u00e7iler, Kaleseramik\u2019in dijitalle\u015fme alan\u0131ndaki yeniliklerinden biri olan interaktif katalog sayesinde \u015firketin zengin \u00fcr\u00fcn gam\u0131n\u0131 dijital ortamda g\u00f6rebilecek. Bunun yan\u0131nda, fonksiyonellik ve estetik aras\u0131ndaki dengenin sunuldu\u011fu Yin Yang alan\u0131nda benzersiz bir AR deneyimi ya\u015fayacak. &nbsp;<\/p>\n<h2><strong>At\u00f6lye Kale\u2019nin Renkli Artizan Seramikleri ve At\u00f6lyeleri ile farkl\u0131 bir deneyim ala<\/strong><strong>n\u0131 sunacak!<\/strong><\/h2>\n<p>Fuardaki kad\u0131n eme\u011fini desteklemek amac\u0131yla hayata ge\u00e7irilen At\u00f6lye Kale alan\u0131nda ise ziyaret\u00e7ileri renkli ve keyifli etkinlikler kar\u015f\u0131layacak. Bu kapsamda At\u00f6lye Kale alan\u0131nda s\u0131r alt\u0131 seramik tabak boyama at\u00f6lyesi ger\u00e7ekle\u015ftirilecek. Yeni \u00fcretilen seramik \u00fcr\u00fcnlerinin ve yeni s\u0131r \u00f6rneklerinin de yer ald\u0131\u011f\u0131 alanda, ayn\u0131 zamanda \u201c\u0130yi Bak D\u00fcnyana Koleksiyonu\u201d alt\u0131nda 4 kad\u0131n tasar\u0131mc\u0131n\u0131n Magnol \u0130stanbul\u2019un Kurucusu Esin S\u00f6zer Kalender, Mazu Studio\u2019nun Kurucusu Beliz Oral, Ye\u015fim Kozanl\u0131 Architecture &amp; Interior Design\u2019\u0131n Kurucusu Ye\u015fim Kozanl\u0131, ve Fonfique\u2019in Kurucusu Ceylan Kolat Kaz Da\u011flar\u0131 Endemik Bitki T\u00fcr\u00fc&#8217;nden esinlenerek \u00e7al\u0131\u015ft\u0131klar\u0131 lavabo tasar\u0131mlar\u0131 da yer alacak.<\/p>\n<p>Ziyaret\u00e7iler, fuar boyunca Kaleseramik stand\u0131nda, t\u00fcm bu e\u015fsiz ilkleri deneyimlemenin yan\u0131nda, seramikteki de\u011fi\u015fim ve geli\u015fime de yak\u0131ndan tan\u0131kl\u0131k etme f\u0131rsat\u0131 bulacaklar.<\/p>\n","protected":false},"excerpt":{"rendered":"<p>T\u00fcrkiye\u2019de ilk kez Kaleseramik taraf\u0131ndan \u00fcretilen 160&#215;320 cm ebatl\u0131 Kalesinterflex porselen plaka Unicera\u2019da! &nbsp;T\u00fcrkiye seramik sekt\u00f6r\u00fcn\u00fcn lideri Kaleseramik, d\u00fcnyan\u0131n ikinci b\u00fcy\u00fck ihtisas fuar\u0131 UNICERA\u2019da trendleri belirleyen \u00fcr\u00fcnleri ile ziyaret\u00e7ileri, yenili\u011fin heyecan verici yolculu\u011funa \u00e7\u0131kartacak. Kaleseramik; \u2018Mekanlar\u0131 ba\u015ftan yaratan bulu\u015f\u2019 olarak nitelendirdi\u011fi inovatif markas\u0131 Kalesinterflex, inovasyonun, esteti\u011fin ve performans\u0131n birle\u015fimi T-One ba\u015fta olmak g\u00fc\u00e7l\u00fc markalar\u0131n\u0131n en [&hellip;]<\/p>\n","protected":false},"author":1,"featured_media":44689,"comment_status":"open","ping_status":"open","sticky":false,"template":"","format":"standard","meta":{"ngg_post_thumbnail":0},"categories":[26],"tags":[],"_links":{"self":[{"href":"https:\/\/emlaktuel.com\/index.php?rest_route=\/wp\/v2\/posts\/44688"}],"collection":[{"href":"https:\/\/emlaktuel.com\/index.php?rest_route=\/wp\/v2\/posts"}],"about":[{"href":"https:\/\/emlaktuel.com\/index.php?rest_route=\/wp\/v2\/types\/post"}],"author":[{"embeddable":true,"href":"https:\/\/emlaktuel.com\/index.php?rest_route=\/wp\/v2\/users\/1"}],"replies":[{"embeddable":true,"href":"https:\/\/emlaktuel.com\/index.php?rest_route=%2Fwp%2Fv2%2Fcomments&post=44688"}],"version-history":[{"count":1,"href":"https:\/\/emlaktuel.com\/index.php?rest_route=\/wp\/v2\/posts\/44688\/revisions"}],"predecessor-version":[{"id":44690,"href":"https:\/\/emlaktuel.com\/index.php?rest_route=\/wp\/v2\/posts\/44688\/revisions\/44690"}],"wp:featuredmedia":[{"embeddable":true,"href":"https:\/\/emlaktuel.com\/index.php?rest_route=\/wp\/v2\/media\/44689"}],"wp:attachment":[{"href":"https:\/\/emlaktuel.com\/index.php?rest_route=%2Fwp%2Fv2%2Fmedia&parent=44688"}],"wp:term":[{"taxonomy":"category","embeddable":true,"href":"https:\/\/emlaktuel.com\/index.php?rest_route=%2Fwp%2Fv2%2Fcategories&post=44688"},{"taxonomy":"post_tag","embeddable":true,"href":"https:\/\/emlaktuel.com\/index.php?rest_route=%2Fwp%2Fv2%2Ftags&post=44688"}],"curies":[{"name":"wp","href":"https:\/\/api.w.org\/{rel}","templated":true}]}}