{"id":44662,"date":"2023-11-04T16:29:18","date_gmt":"2023-11-04T13:29:18","guid":{"rendered":"https:\/\/emlaktuel.com\/?p=44662"},"modified":"2023-11-04T16:29:18","modified_gmt":"2023-11-04T13:29:18","slug":"turkiyenin-otomotiv-gelecegi-yeniden-sekilleniyor-yeni-toyota-c-hr-uretimi-basladi","status":"publish","type":"post","link":"https:\/\/emlaktuel.com\/?p=44662","title":{"rendered":"T\u00fcrkiye&#8217;nin Otomotiv Gelece\u011fi Yeniden \u015eekilleniyor: Yeni Toyota\u00a0C-HR \u00dcretimi Ba\u015flad\u0131!"},"content":{"rendered":"<p><strong>T\u00fcrkiye&#8217;nin Otomotiv Gelece\u011fi Yeniden \u015eekilleniyor: Yeni Toyota&nbsp;<\/strong><strong>C-HR \u00dcretimi Ba\u015flad\u0131!<\/strong><\/p>\n<p><strong>Toyota Otomotiv Sanayi T\u00fcrkiye, Sakarya\u2019daki fabrikas\u0131nda T\u00fcrkiye\u2019de \u00fcretilen ilk \u015earj Edilebilir Hibrit (PHEV) otomobil olan yeni nesil Toyota C-HR\u2019\u0131n \u00fcretimine ba\u015flad\u0131. Cumhuriyetimizin 100. y\u0131l\u0131n\u0131 yeni Toyota C-HR\u2019\u0131n seri \u00fcretimine ba\u015flayarak ta\u00e7land\u0131ran \u015firket, Toyota\u2019n\u0131n Avrupa\u2019daki fabrikalar\u0131 aras\u0131nda \u015farj edilebilir otomobil \u00fcreten ilk fabrikas\u0131 olarak \u00f6nemli bir at\u0131l\u0131ma imza at\u0131yor. Yeni Toyota C-HR&#8217;\u0131n \u00fcretim hatt\u0131ndan \u00e7\u0131k\u0131\u015f t\u00f6reni, Sanayi ve Teknoloji Bakan\u0131 Mehmet Fatih Kac\u0131r\u2019\u0131n kat\u0131l\u0131m\u0131yla ger\u00e7ekle\u015fti.<\/strong><\/p>\n<p><img loading=\"lazy\" class=\"alignnone size-full wp-image-44663\" src=\"https:\/\/emlaktuel.com\/wp-content\/uploads\/2023\/11\/Yeni_Toyota__C_HR.jpg\" alt=\"\" width=\"650\" height=\"323\"> &nbsp;&nbsp;<\/p>\n<p>Toyota Otomotiv Sanayi T\u00fcrkiye (TMMT), \u00fcretim faaliyetlerini ger\u00e7ekle\u015ftirdi\u011fi Sakarya\u2019daki fabrikas\u0131nda T\u00fcrkiye otomotiv end\u00fcstrisine ve s\u00fcrd\u00fcr\u00fclebilir gelece\u011fe y\u00f6nelik b\u00fcy\u00fck bir ad\u0131m at\u0131yor. Yeni nesil Toyota C-HR ile Toyota\u2019n\u0131n Avrupa\u2019daki tesislerinde ilk \u015farj edilebilir otomobil ve batarya \u00fcreten fabrikas\u0131 unvan\u0131n\u0131 alan \u015firket, T\u00fcrkiye\u2019yi hibrit otomobil \u00fcretim \u00fcss\u00fc haline getiriyor. T\u00fcm proje haz\u0131rl\u0131k s\u00fcreci TMMT m\u00fchendisleri ve \u00e7al\u0131\u015fanlar\u0131 taraf\u0131ndan y\u00fcr\u00fct\u00fclen ve C-SUV segmentinde Toyota\u2019n\u0131n yeni dizayn anlay\u0131\u015f\u0131n\u0131 en \u00e7arp\u0131c\u0131 \u015fekilde yans\u0131tan yeni Toyota C-HR, Toyota Yeni Global Platformu (TNGA-2) \u00fczerinde Hibrit ve \u015earj Edilebilir Hibrit (PHEV) versiyonlar\u0131yla \u00fcretilmeye ba\u015fland\u0131. 308 milyon Euro ilave yat\u0131r\u0131m ile \u00fcretimine ba\u015flanan yeni nesil Toyota C-HR ve PHEV batarya \u00fcretimi ile Toyota Otomotiv Sanayi T\u00fcrkiye\u2019nin \u00fclkemizdeki toplam yat\u0131r\u0131m\u0131 2,5 Milyar Euro\u2019ya ula\u015ft\u0131. Yeni Toyota C-HR, ihracat pazarlar\u0131na Avustralya ve Yeni Zelanda\u2019y\u0131 da dahil ederek Okyanusya B\u00f6lgesine ihracata ba\u015flam\u0131\u015f oldu.<\/p>\n<p><img loading=\"lazy\" class=\"alignnone size-full wp-image-44666\" src=\"https:\/\/emlaktuel.com\/wp-content\/uploads\/2023\/11\/Mehmet_Fatih_Kacr.jpg\" alt=\"\" width=\"600\" height=\"310\"><\/p>\n<p>Yeni Nesil Toyota C-HR\u2019\u0131n hattan \u00e7\u0131k\u0131\u015f t\u00f6reni Sanayi ve Teknoloji Bakan\u0131 Mehmet Fatih Kac\u0131r, Cumhurba\u015fkanl\u0131\u011f\u0131 Yat\u0131r\u0131m Ofisi Ba\u015fkan\u0131 Ahmet Burak Da\u011fl\u0131o\u011flu, Japonya B\u00fcy\u00fckel\u00e7isi Takahiko Katsumata, Sakarya Valisi Ya\u015far Karadeniz, Sakarya B\u00fcy\u00fck\u015fehir Belediye Ba\u015fkan\u0131 Ekrem Y\u00fcce, Toyota Avrupa (TME) Ba\u015fkan\u0131 Yoshihiro Nakata, \u0130cradan Sorumlu Genel M\u00fcd\u00fcr Matthew Harrison, \u00dcst D\u00fczey Ba\u015fkan Yard\u0131mc\u0131s\u0131 Marvin Cooke, K\u0131demli Ba\u015fkan Yard\u0131mc\u0131s\u0131 Kazunori Takagi, Ba\u015f M\u00fchendis Toshio Kanei, tedarik\u00e7i firmalar\u0131n \u00fcst y\u00f6neticileri, Otomotiv End\u00fcstrisi STK y\u00f6neticileri, &nbsp;ulusal ve yerel bas\u0131n ile TMMT \u00e7al\u0131\u015fanlar\u0131n\u0131n kat\u0131l\u0131m\u0131yla 4 Kas\u0131m 2023\u2019te Toyota Otomotiv Sanayi T\u00fcrkiye A\u015e. (TMMT) CEO\u2019su Erdo\u011fan \u015eahin\u2019in ev sahipli\u011finde Sakarya\u2019daki fabrikan\u0131n tesislerinde ger\u00e7ekle\u015fti.&nbsp;Ayr\u0131ca, Toyota Japonya Tsutsumi Fabrikas\u0131 (TMC) Genel M\u00fcd\u00fcr\u00fc Mitsuhiro Morita, video mesaj yoluyla kat\u0131l\u0131m g\u00f6sterdi.<\/p>\n<h2><strong>Elektrifikasyon D\u00f6n\u00fc\u015f\u00fcm Merkezi Sakarya<\/strong><\/h2>\n<p>Toyota Otomotiv Sanayi T\u00fcrkiye, \u00f6nc\u00fc fabrika rol\u00fcn\u00fc daha da peki\u015ftirmeye devam ediyor. Yeni nesil Toyota C-HR\u2019\u0131n \u00fcretimiyle birlikte, Toyota Avrupa tesislerinde ilk ve tek \u015farj edilebilir otomobil \u00fcretimini ger\u00e7ekle\u015ftirerek bu alandaki liderli\u011fini bir kez daha kan\u0131tl\u0131yor. Ayr\u0131ca, Sakarya\u2019daki tesis b\u00fcnyesinde kurulan y\u0131ll\u0131k 75 bin adet kapasiteli yeni batarya \u00fcretim hatt\u0131 ile \u015firket, Toyota\u2019n\u0131n Avrupa operasyonlar\u0131nda elektrifikasyon d\u00f6n\u00fc\u015f\u00fcm\u00fcn\u00fcn merkezi haline geliyor.<\/p>\n<p>Son teknoloji ve g\u00fcvenlik sistemleriyle donat\u0131lm\u0131\u015f olan yeni batarya hatt\u0131nda, alan\u0131nda uzmanla\u015fm\u0131\u015f \u00e7al\u0131\u015fanlar taraf\u0131ndan \u00fcretilen bataryalar yeni nesil \u015earj Edilebilir Hibrit Toyota C-HR\u2019a hayat veriyor. TMMT, bu alandaki yeti\u015fmi\u015f nitelikli i\u015f g\u00fcc\u00fc ve sahip oldu\u011fu bilgi birikimi ile di\u011fer Toyota fabrikalar\u0131n\u0131n elektrifikasyon d\u00f6n\u00fc\u015f\u00fcm\u00fcn\u00fc destekleyerek Toyota Avrupa\u2019n\u0131n hedeflerine ula\u015fmas\u0131nda \u00f6nemli bir rol \u00fcstlenecek.<\/p>\n<h2><img loading=\"lazy\" class=\"alignnone size-full wp-image-44668\" src=\"https:\/\/emlaktuel.com\/wp-content\/uploads\/2023\/11\/T__rkiye_nin_Otomotiv_Gelece__i_Yeniden___ekilleniyor_Yeni_Toyota__C_HR___retimi_Ba__lad____5_.jpg\" alt=\"\" width=\"600\" height=\"400\"><\/h2>\n<h2><strong>\u00c7evre Dostu Fabrika ve Otomobil<\/strong><\/h2>\n<p>D\u00fcnyaya ve insana sayg\u0131 anlay\u0131\u015f\u0131 ile s\u00fcrd\u00fcr\u00fclebilir \u00e7evreci \u00fcretimi benimseyen Toyota Otomotiv Sanayi T\u00fcrkiye, Yeni Nesil Toyota C-HR i\u00e7in ileri teknoloji \u00e7evreci \u00fcretim y\u00f6ntemleri ile donat\u0131lm\u0131\u015f yeni boya tesisini de devreye alarak Toyota\u2019n\u0131n Avrupa tesislerinde 2030 karbon n\u00f6tr, 2040 karbon s\u0131f\u0131r hedefleri do\u011frultusunda emin ad\u0131mlarla ilerliyor. \u00dcretti\u011fi \u00e7evre dostu hibrit teknolojisine sahip otomobiller ile \u00fcretimin yan\u0131 s\u0131ra her alanda s\u00fcrd\u00fcr\u00fclebilir \u00e7evre hedeflerine de katk\u0131 sa\u011flayan Toyota Otomotiv Sanayi T\u00fcrkiye, s\u0131n\u0131f\u0131n\u0131n en iyisi konumundaki \u015earj Edilebilir Hibrit yeni nesil Toyota C-HR ile sunmu\u015f oldu\u011fu 66 km batarya menzili ve 19 gr\/km CO2 emisyonu ile karbon dioksit azalt\u0131m\u0131na \u00f6nemli oranda katk\u0131 sa\u011fl\u0131yor.<\/p>\n<p>1,8 Hibrit, 2,0 Hibrit, 2,0 Hibrit 4 \u00c7eker ve 2,0 \u015earj Edilebilir Hibrit versiyonlar\u0131 ile m\u00fc\u015fterilerine 4 farkl\u0131 elektrifikasyon \u00e7\u00f6z\u00fcm\u00fc sunan yeni Toyota C-HR\u2019da eskisine g\u00f6re geri d\u00f6n\u00fc\u015ft\u00fcr\u00fclm\u00fc\u015f malzeme kullan\u0131m\u0131 iki kat\u0131na \u00e7\u0131kar\u0131l\u0131rken ara\u00e7 i\u00e7i pek \u00e7ok kaplama malzemesi ve plastik par\u00e7alardan olu\u015fan 100\u2019den fazla par\u00e7a geri d\u00f6n\u00fc\u015ft\u00fcr\u00fclen malzemelerden \u00fcretiliyor. Hayvansal deri \u00fcr\u00fcnleri kullan\u0131m\u0131 en aza indirilen yeni Toyota C-HR\u2019da tasar\u0131m ve yeni teknoloji ile ara\u00e7 a\u011f\u0131rl\u0131\u011f\u0131 azalt\u0131larak iklimlendirme ihtiyac\u0131 da en aza indirgendi. T\u00fcm bu \u00f6zellikleri ile yeni Toyota C-HR \u00e7evre dostu bir otomobil olarak \u00f6ne \u00e7\u0131k\u0131yor ve Toyota\u2019y\u0131 2030 karbon n\u00f6tr hedeflerine bir ad\u0131m daha yakla\u015ft\u0131r\u0131yor.<\/p>\n<h2><strong>Herkes i\u00e7in Mobilite, Herkes i\u00e7in Mutluluk<\/strong><\/h2>\n<p>Sakarya\u2019daki fabrikas\u0131nda \u00fcretim faaliyetlerini ger\u00e7ekle\u015ftiren Toyota Otomotiv Sanayi T\u00fcrkiye, Toyota&#8217;n\u0131n \u2018\u2019Herkes i\u00e7in Mobilite, Herkes i\u00e7in Mutluluk\u2019\u2019 misyonuna tam uyumlu \u015fekilde otomobiller \u00fcretiyor. Yeni Nesil Toyota C-HR, tamamen m\u00fc\u015fterilerin istekleri ve beklentileri do\u011frultusunda Avrupa\u2019da tasarland\u0131. C-SUV segmentindeki yeni dizayn anlay\u0131\u015f\u0131n\u0131 yans\u0131tan etkileyici d\u0131\u015f tasar\u0131m\u0131n\u0131n yan\u0131 s\u0131ra, kullan\u0131c\u0131 dostu dijital uygulamalar\u0131, performans\u0131 ve kaliteyi \u00fcst d\u00fczeyde sunan i\u00e7 tasar\u0131m\u0131yla dikkat \u00e7ekiyor. D\u00fcnyada ilk defa Toyota Otomotiv Sanayi T\u00fcrkiye taraf\u0131ndan \u00fcretilecek olan bu model, geni\u015f bir m\u00fc\u015fteri kitlesine hitap ediyor.<\/p>\n<h2><img loading=\"lazy\" class=\"alignnone size-full wp-image-44667\" src=\"https:\/\/emlaktuel.com\/wp-content\/uploads\/2023\/11\/Erdogan_sahin_Sanayi_ve_Teknoloji_Bakan___Mehmet_Fatih_Kac__r-1.jpg\" alt=\"\" width=\"650\" height=\"380\"><\/h2>\n<h2><strong>Lider Fabrika<\/strong><\/h2>\n<p>Yeni Toyota C-HR\u2019\u0131n \u00fcretim hatt\u0131ndan \u00e7\u0131k\u0131\u015f t\u00f6reninde yapt\u0131\u011f\u0131 konu\u015fmada Toyota Otomotiv Sanayi T\u00fcrkiye Genel M\u00fcd\u00fcr ve CEO&#8217;su Erdo\u011fan \u015eahin, \u2018\u2019Toyota Otomotiv Sanayi T\u00fcrkiye olarak, Cumhuriyetimizin 100. y\u0131l\u0131n\u0131 yeni Toyota C-HR ile ta\u00e7land\u0131rmaktan b\u00fcy\u00fck bir gurur duyuyoruz. Bu, sadece T\u00fcrkiye i\u00e7in de\u011fil, ayn\u0131 zamanda Toyota\u2019n\u0131n Avrupa operasyonlar\u0131nda elektrifikasyon d\u00f6n\u00fc\u015f\u00fcm merkezi haline gelmesine olanak sa\u011fl\u0131yor. Bu ba\u015far\u0131, T\u00fcrkiye\u2019nin otomotiv alan\u0131ndaki liderli\u011fini ve stratejik rol\u00fcm\u00fcz\u00fc bir kez daha vurguluyor. Yenilik\u00e7i ve s\u00fcrd\u00fcr\u00fclebilir \u00fcretim y\u00f6ntemlerimizle, lider fabrika rol\u00fcm\u00fcz\u00fc daha da peki\u015ftirerek hem yerel hem de k\u00fcresel \u00f6l\u00e7ekte s\u00fcrd\u00fcr\u00fclebilirlik hedeflerimize katk\u0131 sa\u011fl\u0131yoruz,\u2019\u2019 dedi.<\/p>\n<p><img loading=\"lazy\" class=\"alignnone size-full wp-image-44664\" src=\"https:\/\/emlaktuel.com\/wp-content\/uploads\/2023\/11\/Toyota_Avrupa__TME__Baskani_Yoshihiro_Nakata-1.jpg\" alt=\"\" width=\"650\" height=\"433\"><\/p>\n<p>Toyota Motor Avrupa Ba\u015fkan\u0131 Yoshihiro Nakata yapt\u0131\u011f\u0131 konu\u015fmada \u201cToyota Otomotiv Sanayi T\u00fcrkiye\u2019nin ileri m\u00fchendislik kabiliyeti, y\u00fcksek \u00fcretim kalitesi ve i\u015f birli\u011fi ile hayata ge\u00e7irilen yeni Toyota C-HR\u2019\u0131n \u00fcretime ba\u015flamas\u0131n\u0131n b\u00fcy\u00fck heyecan\u0131 i\u00e7indeyiz. \u015earj Edilebilir Hibrit versiyonlar\u0131 ve TMMT\u2019de \u00fcretilen bataryalar\u0131 ile birlikte yeni nesil Toyota C-HR, Toyota\u2019n\u0131n 2035 y\u0131l\u0131nda Avrupa\u2019da S\u0131f\u0131r Karbondioksit hedefine katk\u0131 sa\u011flayacak &#8216; dedi.<\/p>\n","protected":false},"excerpt":{"rendered":"<p>T\u00fcrkiye&#8217;nin Otomotiv Gelece\u011fi Yeniden \u015eekilleniyor: Yeni Toyota&nbsp;C-HR \u00dcretimi Ba\u015flad\u0131! Toyota Otomotiv Sanayi T\u00fcrkiye, Sakarya\u2019daki fabrikas\u0131nda T\u00fcrkiye\u2019de \u00fcretilen ilk \u015earj Edilebilir Hibrit (PHEV) otomobil olan yeni nesil Toyota C-HR\u2019\u0131n \u00fcretimine ba\u015flad\u0131. Cumhuriyetimizin 100. y\u0131l\u0131n\u0131 yeni Toyota C-HR\u2019\u0131n seri \u00fcretimine ba\u015flayarak ta\u00e7land\u0131ran \u015firket, Toyota\u2019n\u0131n Avrupa\u2019daki fabrikalar\u0131 aras\u0131nda \u015farj edilebilir otomobil \u00fcreten ilk fabrikas\u0131 olarak \u00f6nemli bir at\u0131l\u0131ma [&hellip;]<\/p>\n","protected":false},"author":1,"featured_media":44665,"comment_status":"open","ping_status":"open","sticky":false,"template":"","format":"standard","meta":{"ngg_post_thumbnail":0},"categories":[5215,5388],"tags":[17486],"_links":{"self":[{"href":"https:\/\/emlaktuel.com\/index.php?rest_route=\/wp\/v2\/posts\/44662"}],"collection":[{"href":"https:\/\/emlaktuel.com\/index.php?rest_route=\/wp\/v2\/posts"}],"about":[{"href":"https:\/\/emlaktuel.com\/index.php?rest_route=\/wp\/v2\/types\/post"}],"author":[{"embeddable":true,"href":"https:\/\/emlaktuel.com\/index.php?rest_route=\/wp\/v2\/users\/1"}],"replies":[{"embeddable":true,"href":"https:\/\/emlaktuel.com\/index.php?rest_route=%2Fwp%2Fv2%2Fcomments&post=44662"}],"version-history":[{"count":1,"href":"https:\/\/emlaktuel.com\/index.php?rest_route=\/wp\/v2\/posts\/44662\/revisions"}],"predecessor-version":[{"id":44669,"href":"https:\/\/emlaktuel.com\/index.php?rest_route=\/wp\/v2\/posts\/44662\/revisions\/44669"}],"wp:featuredmedia":[{"embeddable":true,"href":"https:\/\/emlaktuel.com\/index.php?rest_route=\/wp\/v2\/media\/44665"}],"wp:attachment":[{"href":"https:\/\/emlaktuel.com\/index.php?rest_route=%2Fwp%2Fv2%2Fmedia&parent=44662"}],"wp:term":[{"taxonomy":"category","embeddable":true,"href":"https:\/\/emlaktuel.com\/index.php?rest_route=%2Fwp%2Fv2%2Fcategories&post=44662"},{"taxonomy":"post_tag","embeddable":true,"href":"https:\/\/emlaktuel.com\/index.php?rest_route=%2Fwp%2Fv2%2Ftags&post=44662"}],"curies":[{"name":"wp","href":"https:\/\/api.w.org\/{rel}","templated":true}]}}