{"id":44648,"date":"2023-11-04T10:15:14","date_gmt":"2023-11-04T07:15:14","guid":{"rendered":"https:\/\/emlaktuel.com\/?p=44648"},"modified":"2023-11-04T10:15:14","modified_gmt":"2023-11-04T07:15:14","slug":"jw-marriott-recidences-istanbul-marmara-sea-istanbulun-buyuleyen-guzellikteki-marmara-denizi-kiyisinda-aciliyor","status":"publish","type":"post","link":"https:\/\/emlaktuel.com\/?p=44648","title":{"rendered":"JW Marriott Recidences \u0130stanbul Marmara Sea \u0130stanbul&#8217;un b\u00fcy\u00fcleyen g\u00fczellikteki Marmara Denizi k\u0131y\u0131s\u0131nda a\u00e7\u0131l\u0131yor"},"content":{"rendered":"<p>JW MARRIOTT Res\u0131dences ISTANBUL MARMARA SEA<br \/>\n\u0130STANBUL\u2019UN B\u00dcY\u00dcLEYEN G\u00dcZELL\u0130KTEK\u0130 MARMARA DEN\u0130Z\u0130 KIYISINDA A\u00c7IL\u0131yor<\/p>\n<p>&nbsp;&nbsp;<img loading=\"lazy\" class=\"alignnone size-full wp-image-44651\" src=\"https:\/\/emlaktuel.com\/wp-content\/uploads\/2023\/11\/IMG_20231104_100958-1.jpg\" alt=\"\" width=\"1080\" height=\"677\"><br \/>\n\u0130stanbul\u2019un g\u00f6z al\u0131c\u0131 g\u00fczelli\u011fini Marmara Denizi&#8217;nin e\u015fsiz manzaras\u0131yla bir araya getiren JW Marriott Residences Istanbul Marmara Sea, Kas\u0131m ay\u0131 itibariyle 27 yeni \u00fcnitesiyle konuklar\u0131na uzun s\u00fcreli konaklama deneyimi sunmaya haz\u0131rlan\u0131yor. T\u00fcrkiye\u2019nin ilk JW Marriott Residences markas\u0131 olma \u00f6zelli\u011fine sahip olan \u00fcniteler, 5 farkl\u0131 kategorisiyle tekli konaklamalardan geni\u015f ailelere kadar t\u00fcm misafirlerin \u015fehirdeki yeni tercihi olacak.<br \/>\nMisafirlerin modern ve rafine l\u00fcks\u00fc doyas\u0131ya ya\u015fayabilecekleri, \u0130stanbul\u2019un en nezih semtlerinden Atak\u00f6y\u2019de konumlanan JW Marriott Residences; konuklar\u0131na zihinsel, bedensel ve ruhsal olarak yenileyici bir konaklama deneyimi sunuyor. Rezidans misafirleri otelin d\u00fcnyaca \u00fcnl\u00fc \u0130svi\u00e7reli spa markas\u0131 La Vall\u00e9e SPA\u2019y\u0131 ve Michelin y\u0131ld\u0131zl\u0131 \u015fef Akira Back\u2019in T\u00fcrkiye\u2019deki tek restoran\u0131n\u0131 da ayr\u0131cal\u0131kl\u0131 olarak deneyimleme imkan\u0131na sahip oluyor.<br \/>\nMisafirler konaklamalar\u0131 boyunca otelin deneyimli concierge ekibinden alacaklar\u0131 mekan ve turistik b\u00f6lge tavsiyeleriyle \u0130stanbul\u2019u yak\u0131ndan ke\u015ffedecek. Otel b\u00fcnyesinde bulunan se\u00e7kin markalar\u0131n yan\u0131 s\u0131ra b\u00f6lgede bulunan ma\u011faza ve al\u0131\u015fveri\u015f merkezleri de misafirlerin keyifli zaman ge\u00e7irmelerini sa\u011flayacak.<br \/>\n\u0130stanbul Uluslararas\u0131 Havaliman\u0131&#8217;na arabayla 45 dakika mesafede bulunan rezidanslar, ayn\u0131 zamanda \u00f6zel jetlere hizmet veren \u0130stanbul Atat\u00fcrk Havaliman\u0131&#8217;na ise yaln\u0131zca 9 dakika uzakl\u0131kta.<\/p>\n<p style=\"text-align: left;\">\nDetayl\u0131 bilgi ve rezervasyon i\u00e7in a\u015fa\u011f\u0131daki numaradan ula\u015fabilirsiniz:<br \/>\nTelefon: +90 212 413 01 01<\/p>\n","protected":false},"excerpt":{"rendered":"<p>JW MARRIOTT Res\u0131dences ISTANBUL MARMARA SEA \u0130STANBUL\u2019UN B\u00dcY\u00dcLEYEN G\u00dcZELL\u0130KTEK\u0130 MARMARA DEN\u0130Z\u0130 KIYISINDA A\u00c7IL\u0131yor &nbsp;&nbsp; \u0130stanbul\u2019un g\u00f6z al\u0131c\u0131 g\u00fczelli\u011fini Marmara Denizi&#8217;nin e\u015fsiz manzaras\u0131yla bir araya getiren JW Marriott Residences Istanbul Marmara Sea, Kas\u0131m ay\u0131 itibariyle 27 yeni \u00fcnitesiyle konuklar\u0131na uzun s\u00fcreli konaklama deneyimi sunmaya haz\u0131rlan\u0131yor. T\u00fcrkiye\u2019nin ilk JW Marriott Residences markas\u0131 olma \u00f6zelli\u011fine sahip olan \u00fcniteler, [&hellip;]<\/p>\n","protected":false},"author":1,"featured_media":44650,"comment_status":"open","ping_status":"open","sticky":false,"template":"","format":"standard","meta":{"ngg_post_thumbnail":0},"categories":[219,5388],"tags":[],"_links":{"self":[{"href":"https:\/\/emlaktuel.com\/index.php?rest_route=\/wp\/v2\/posts\/44648"}],"collection":[{"href":"https:\/\/emlaktuel.com\/index.php?rest_route=\/wp\/v2\/posts"}],"about":[{"href":"https:\/\/emlaktuel.com\/index.php?rest_route=\/wp\/v2\/types\/post"}],"author":[{"embeddable":true,"href":"https:\/\/emlaktuel.com\/index.php?rest_route=\/wp\/v2\/users\/1"}],"replies":[{"embeddable":true,"href":"https:\/\/emlaktuel.com\/index.php?rest_route=%2Fwp%2Fv2%2Fcomments&post=44648"}],"version-history":[{"count":1,"href":"https:\/\/emlaktuel.com\/index.php?rest_route=\/wp\/v2\/posts\/44648\/revisions"}],"predecessor-version":[{"id":44652,"href":"https:\/\/emlaktuel.com\/index.php?rest_route=\/wp\/v2\/posts\/44648\/revisions\/44652"}],"wp:featuredmedia":[{"embeddable":true,"href":"https:\/\/emlaktuel.com\/index.php?rest_route=\/wp\/v2\/media\/44650"}],"wp:attachment":[{"href":"https:\/\/emlaktuel.com\/index.php?rest_route=%2Fwp%2Fv2%2Fmedia&parent=44648"}],"wp:term":[{"taxonomy":"category","embeddable":true,"href":"https:\/\/emlaktuel.com\/index.php?rest_route=%2Fwp%2Fv2%2Fcategories&post=44648"},{"taxonomy":"post_tag","embeddable":true,"href":"https:\/\/emlaktuel.com\/index.php?rest_route=%2Fwp%2Fv2%2Ftags&post=44648"}],"curies":[{"name":"wp","href":"https:\/\/api.w.org\/{rel}","templated":true}]}}