{"id":44644,"date":"2023-11-04T08:41:58","date_gmt":"2023-11-04T05:41:58","guid":{"rendered":"https:\/\/emlaktuel.com\/?p=44644"},"modified":"2023-11-04T08:41:58","modified_gmt":"2023-11-04T05:41:58","slug":"gyoderde-bayrak-degisimi-yeni-baskan-nesecan-cekici-oldu","status":"publish","type":"post","link":"https:\/\/emlaktuel.com\/?p=44644","title":{"rendered":"GYODER\u2019DE bayrak de\u011fi\u015fimi Yeni Ba\u015fkan Ne\u015fecan \u00c7ekici oldu"},"content":{"rendered":"<p>GYODER\u2019DE BAYRAK DE\u011e\u0130\u015e\u0130M\u0130<br \/>\nYeni Ba\u015fkan Ne\u015fecan \u00c7ekici oldu<\/p>\n<p>Gayrimenkul sekt\u00f6r\u00fcn\u00fcn \u00e7at\u0131 kurulu\u015fu olan GYODER\u2019de Ba\u015fkanl\u0131k g\u00f6revini, uzun y\u0131llard\u0131r dernekte ba\u015far\u0131l\u0131 g\u00f6revlere imza atan Ne\u015fecan \u00c7ekici devrald\u0131. \u00c7ekici, bu g\u00f6revlendirme ile yap\u0131 end\u00fcstrisinin ilk kad\u0131n sivil toplum kurulu\u015fu lideri oldu. Son 3 y\u0131ld\u0131r GYODER\u2019e Ba\u015fkanl\u0131k yapan Mehmet Kalyoncu ise yeni d\u00f6nemde GYODER Y\u00f6netim Kurulu \u00dcyesi olarak deprem b\u00f6lgesindeki \u00e7al\u0131\u015fmalara odaklanacak.<\/p>\n<p>10 milyar dolar\u0131n \u00fczerinde piyasa de\u011ferine sahip 268 \u00fcyesi ile gayrimenkul sekt\u00f6r\u00fcn\u00fcn t\u00fcm payda\u015flar\u0131n\u0131 bir araya getiren GYODER\u2019in Ba\u015fkanl\u0131k g\u00f6revini, dernekte uzun y\u0131llard\u0131r aktif g\u00f6revlerde bulunan Ne\u015fecan \u00c7ekici devrald\u0131. GYODER\u2019e 3 y\u0131l boyunca ba\u015fkanl\u0131k yapan Mehmet Kalyoncu ise g\u00f6revine GYODER Y\u00f6netim Kurulu \u00dcyesi olarak devam edecek. Yeni d\u00f6nemde GYODER Ba\u015fkan Yard\u0131mc\u0131s\u0131 olarak g\u00f6rev alacak isimler de Ayla Heyfegil, Cem Y\u0131lmaz, Tu\u011fra G\u00f6nden, Mahmut Sefa \u00c7elik, Ya\u011fmur Ya\u015far ve Burak Kutlu\u011f olarak belirlendi.<br \/>\n3 Kas\u0131m\u2019da d\u00fczenlenen bas\u0131n toplant\u0131s\u0131nda g\u00f6revi Ne\u015fecan \u00c7ekici\u2019ye devreden Mehmet Kalyoncu, \u201c3 y\u0131ld\u0131r b\u00fcy\u00fck bir heyecan ve sorumlulukla y\u00fcr\u00fctt\u00fc\u011f\u00fcm GYODER Ba\u015fkanl\u0131\u011f\u0131 g\u00f6revimi, Y\u00f6netim Kurulu\u2019nda ald\u0131\u011f\u0131m\u0131z ortak kararla, 2011\u2019den beri y\u00f6netimde aktif rol alan Ne\u015fecan \u00c7ekici\u2019ye devrediyorum. Ben bu d\u00f6nemde vicdan\u0131m\u0131 dinleyerek kurucusu oldu\u011fum T\u00fcrkiye Tasar\u0131m Vakf\u0131 \u00e7at\u0131s\u0131 alt\u0131nda deprem b\u00f6lgesindeki tasar\u0131m ve planlama \u00e7al\u0131\u015fmalar\u0131na odaklanaca\u011f\u0131m\u201d diye konu\u015ftu.<\/p>\n<p>GYODER, Mehmet Kalyoncu d\u00f6neminde, 6 \u015eubat\u2019ta ya\u015fanan depremlerden sonra b\u00f6lgede aktif olarak sorumluluk \u00fcstlenmi\u015f ve \u00fcyeleriyle birlikte tamamen g\u00f6n\u00fcll\u00fc olarak 100 bin konutun master plan ve mimari projelerinin 3 ay gibi k\u0131sa bir s\u00fcrede haz\u0131rlanmas\u0131n\u0131 sa\u011flam\u0131\u015ft\u0131.<\/p>\n<h2>SEKT\u00d6R STK\u2019LARINDA \u0130LK KADIN L\u0130DER<\/h2>\n<p>Yeni d\u00f6nemde GYODER Ba\u015fkan\u0131 olarak g\u00f6rev yapacak olan Ne\u015fecan \u00c7ekici, 2003 y\u0131l\u0131nda \u00fcye olarak kat\u0131ld\u0131\u011f\u0131 GYODER\u2019de 2011 y\u0131l\u0131ndan bu yana y\u00f6netim kurulu \u00fcyesi olarak g\u00f6rev al\u0131yordu. Son olarak Ba\u015fkan Yard\u0131mc\u0131l\u0131\u011f\u0131 g\u00f6revi yapan Ne\u015fecan \u00c7ekici bas\u0131n toplant\u0131s\u0131nda yapt\u0131\u011f\u0131 konu\u015fmada \u201cSay\u0131n Kalyoncu liderli\u011findeki y\u00f6netim kurulumuzun, de\u011ferli ba\u015fkan yard\u0131mc\u0131lar\u0131m\u0131z\u0131n, icra kurulumuzun, komitelerimizin ve \u00e7ok k\u0131ymetli \u00fcyelerimizin destekleri ile 3 y\u0131ld\u0131r bir\u00e7ok projenin ilk tohumlar\u0131n\u0131 att\u0131k ve hepsinde de sekt\u00f6r\u00fcm\u00fcze ve kamuya yarar sa\u011flayabilecek bir a\u015fama kaydettik. GYODER olarak, sekt\u00f6r\u00fcn kuvvetli deste\u011fi ile devam eden projelerimize ivme kazand\u0131rarak kararl\u0131l\u0131kla ilerleyece\u011fiz. Bu yeni d\u00f6nemde i\u015f birli\u011fi ve dayan\u0131\u015fma ruhuyla, gayrimenkul sekt\u00f6r\u00fcm\u00fcz\u00fc daha ileriye ta\u015f\u0131mak i\u00e7in birlikte \u00e7al\u0131\u015faca\u011f\u0131z\u201d dedi.<\/p>\n<p>Ne\u015fecan \u00c7ekici, bu g\u00f6revlendirme ile T\u00fcrkiye\u2019de yap\u0131 end\u00fcstrisinin ilk kad\u0131n sivil toplum kurulu\u015fu lideri oldu.<\/p>\n<h2>4T SERT\u0130F\u0130KASI GEL\u0130YOR<\/h2>\n<p>Ne\u015fecan \u00c7ekici, GYODER olarak son d\u00f6nemde Yeni Konut Modeli de dahil pek \u00e7ok yenilik\u00e7i projeye imza att\u0131klar\u0131n\u0131 s\u00f6yleyerek, \u201cBu d\u00f6nemde de GYODER\u2019in ana vizyonu olan 4T yani Teknoloji, Tasar\u0131m, Tabiat ve Toplum prensiplerini her f\u0131rsatta vurgulamaya devam edece\u011fiz. 18. GYODER Gayrimenkul Zirvesi\u2019nde de a\u00e7\u0131klad\u0131\u011f\u0131m\u0131z gibi PwC ortakl\u0131\u011f\u0131nda verece\u011fimiz 4T Sertifikas\u0131 ile t\u00fcm bu ilkelerin sekt\u00f6r\u00fcm\u00fczdeki en iyi uygulamalar\u0131n\u0131 ke\u015ffetmeye, takdir etmeye ve yayg\u0131nla\u015ft\u0131rmaya \u00e7al\u0131\u015faca\u011f\u0131z\u201d dedi.<\/p>\n<h2>\nPROPTECH HUB VE DESIGN HUB HAYATA GE\u00c7T\u0130<\/h2>\n<p>K\u0131sa zaman \u00f6nce YT\u00dc Y\u0131ld\u0131z Teknopark i\u015f birli\u011fiyle GYODER YTU Startup House-Proptech HUB Giri\u015fimcilik Merkezi\u2019ni hayata ge\u00e7irdiklerini, Design Hub ile de tasar\u0131m ekosistemini desteklediklerini s\u00f6yleyen Ne\u015fecan \u00c7ekici, \u201cGYODER olarak; \u015fehirlerimizi ba\u015fta deprem olmak \u00fczere afetlere haz\u0131r hale getirmek, yeniden yap\u0131lanma s\u00fcrecinin stratejisini olu\u015fturmak ve uygulamak hedefiyle faaliyet g\u00f6sterecek olan CITYLAB T\u00fcrkiye merkezini kurmak i\u00e7in \u00e7al\u0131\u015fmalar\u0131m\u0131za devam ediyoruz. Bu platform ile yeni fikir ve teknolojileri benimseyerek kentlerimizin daha ya\u015fanabilir, s\u00fcrd\u00fcr\u00fclebilir, her canl\u0131n\u0131n ya\u015fam hakk\u0131na sayg\u0131l\u0131, diren\u00e7li ve e\u015fitlik\u00e7i ya\u015fam alanlar\u0131 olmas\u0131n\u0131 ama\u00e7l\u0131yoruz\u201d diye konu\u015ftu.<\/p>\n<h2>\u00dcN\u0130VERS\u0130TELERLE \u0130\u015e B\u0130RL\u0130KLER\u0130M\u0130Z DEVAM EDECEK<\/h2>\n<p>E\u011fitimin her zaman kendileri i\u00e7in \u00f6ncelikli konular\u0131n ba\u015f\u0131nda yer ald\u0131\u011f\u0131n\u0131 s\u00f6yleyen \u00c7ekici, \u201cSekt\u00f6r\u00fcn geli\u015fmesi, i\u00e7inde istihdam edilen insan kayna\u011f\u0131na yat\u0131r\u0131m ile olabilir. E\u011fitim, Yay\u0131nlar ve Bilgi \u00dcretimi Komitemizin \u00e7al\u0131\u015fmalar\u0131 ile bu alanda ta\u015f\u0131y\u0131c\u0131 platformumuz olan GYODER Akademi bu kapsamda \u00f6nemli bir rol \u00fcstleniyor. Ankara \u00dcniversitesi, \u0130stanbul Ticaret \u00dcniversitesi, \u0130stanbul Teknik \u00dcniversitesi, \u00d6zye\u011fin \u00dcniversitesi ve Y\u0131ld\u0131z Teknik \u00dcniversitesi ile de \u00e7e\u015fitli akademik i\u015f birliklerimizi devam&nbsp;ettirece\u011fiz\u201d dedi.<\/p>\n<h2>PAZAR YER\u0130 \u0130LE FIRSAT\u00c7ILI\u011eIN \u00d6N\u00dcNE GE\u00c7\u0130LECEK<\/h2>\n<p style=\"text-align: center;\">\nGYODER E\u011fitim, Yay\u0131nlar ve Bilgi \u00dcretimi Komitesi \u00f6nderli\u011finde haz\u0131rlanan GYODER G\u00f6sterge ile de sekt\u00f6rle ilgili olan t\u00fcm kesimler i\u00e7in \u00f6nemli bir veri kayna\u011f\u0131 sunduklar\u0131n\u0131 hat\u0131rlatan \u00c7ekici, \u201c\u00dczerinde \u00e7al\u0131\u015fmaya devam edece\u011fimiz bir di\u011fer projemiz \u2018Konut Projeleri \u0130\u00e7in Pazar Yeri\u2019. Son d\u00f6nemde herkesin akl\u0131n\u0131 kurcalayan fiyatlar konusundaki manip\u00fclasyon ve f\u0131rsat\u00e7\u0131l\u0131k endi\u015fesini ortadan kald\u0131rmay\u0131 hedefliyoruz\u201d \u015feklinde konu\u015ftu.<\/p>\n<p><img loading=\"lazy\" class=\"alignnone size-full wp-image-44645\" src=\"https:\/\/emlaktuel.com\/wp-content\/uploads\/2023\/11\/IMG_20231104_083826.jpg\" alt=\"\" width=\"1080\" height=\"913\"><\/p>\n<p>NE\u015eECAN \u00c7EK\u0130C\u0130 HAKKINDA<\/p>\n<p>Marmara \u00dcniversitesi, \u0130ktisadi ve \u0130dari Bilimler Fak\u00fcltesi- \u0130ktisat B\u00f6l\u00fcm\u00fc mezunu olan Ne\u015fecan \u00c7ekici, \u0130stanbul \u00dcniversitesi&#8217;nde Para\/Banka Anabilim Dal\u0131nda Y\u00fcksek Lisans e\u011fitiminin ard\u0131ndan, \u0130stanbul \u00dcniversitesi \u0130\u015fletme Fak\u00fcltesi\u2019nde MBA program\u0131n\u0131 tamamlad\u0131. T\u00fcrkiye&#8217;nin \u00f6nde gelen holdinglerinde yedi y\u0131l boyunca y\u00f6neticilik g\u00f6revlerinde bulunduktan sonra 1995 y\u0131l\u0131nda gayrimenkul sekt\u00f6r\u00fcne ad\u0131m atan ve bug\u00fcne de\u011fin farkl\u0131 bir\u00e7ok projede imzas\u0131 yer alan Ne\u015fecan \u00c7ekici, Epos Gayrimenkul Dan\u0131\u015fmanl\u0131k ve De\u011ferleme A.\u015e&#8217;nin kurucusu ve y\u00f6netici orta\u011f\u0131d\u0131r.<br \/>\nSekt\u00f6rle ilgili bir\u00e7ok ara\u015ft\u0131rma, derleme ve makalesi olan \u00c7ekici, Sermaye Piyasas\u0131 Kurulu (SPK) De\u011ferleme Uzmanl\u0131\u011f\u0131 Lisans\u0131&#8217;na sahip. 2011 &#8211; 2013 d\u00f6neminde Lisansl\u0131 De\u011ferleme \u015eirketleri Birli\u011fi Derne\u011fi&#8217;nde (LideB\u0130R) Y\u00f6netim Kurulu Ba\u015fkanl\u0131\u011f\u0131 g\u00f6revinde bulundu. Ayn\u0131 zamanda bir\u00e7ok \u00fcniversitenin lisans ve y\u00fcksek lisans programlar\u0131nda sekt\u00f6r \u00f6\u011fretim g\u00f6revlisi olarak dersler veriyor. Uzun y\u0131llar T\u00fcrkiye\u2019de kad\u0131n giri\u015fimcili\u011fini geli\u015ftirmek, ekonomik ve sosyal ya\u015famda kad\u0131n\u0131n konumunu g\u00fc\u00e7lendirmek amac\u0131yla destek verdi\u011fi Kad\u0131n Giri\u015fimciler Derne\u011fi\u2019nde (KAG\u0130DER) 2023 &#8211; 2025 d\u00f6nemi Y\u00f6netim Kurulunda Asil YK \u00fcyesi olarak g\u00f6rev yap\u0131yor. Ne\u015fecan \u00c7ekici, GYODER\u2019de 2011 y\u0131l\u0131ndan bu yana aral\u0131ks\u0131z olarak Y\u00f6netim Kurullar\u0131\u2019nda en son Ba\u015fkan Yard\u0131mc\u0131l\u0131\u011f\u0131 olmak \u00fczere bir\u00e7ok g\u00f6rev ald\u0131.<br \/>\nNe\u015fecan \u00c7ekici, evli ve bir k\u0131z \u00e7ocuk annesidir.<\/p>\n","protected":false},"excerpt":{"rendered":"<p>GYODER\u2019DE BAYRAK DE\u011e\u0130\u015e\u0130M\u0130 Yeni Ba\u015fkan Ne\u015fecan \u00c7ekici oldu Gayrimenkul sekt\u00f6r\u00fcn\u00fcn \u00e7at\u0131 kurulu\u015fu olan GYODER\u2019de Ba\u015fkanl\u0131k g\u00f6revini, uzun y\u0131llard\u0131r dernekte ba\u015far\u0131l\u0131 g\u00f6revlere imza atan Ne\u015fecan \u00c7ekici devrald\u0131. \u00c7ekici, bu g\u00f6revlendirme ile yap\u0131 end\u00fcstrisinin ilk kad\u0131n sivil toplum kurulu\u015fu lideri oldu. Son 3 y\u0131ld\u0131r GYODER\u2019e Ba\u015fkanl\u0131k yapan Mehmet Kalyoncu ise yeni d\u00f6nemde GYODER Y\u00f6netim Kurulu \u00dcyesi olarak [&hellip;]<\/p>\n","protected":false},"author":1,"featured_media":44646,"comment_status":"open","ping_status":"open","sticky":false,"template":"","format":"standard","meta":{"ngg_post_thumbnail":0},"categories":[97,5388],"tags":[],"_links":{"self":[{"href":"https:\/\/emlaktuel.com\/index.php?rest_route=\/wp\/v2\/posts\/44644"}],"collection":[{"href":"https:\/\/emlaktuel.com\/index.php?rest_route=\/wp\/v2\/posts"}],"about":[{"href":"https:\/\/emlaktuel.com\/index.php?rest_route=\/wp\/v2\/types\/post"}],"author":[{"embeddable":true,"href":"https:\/\/emlaktuel.com\/index.php?rest_route=\/wp\/v2\/users\/1"}],"replies":[{"embeddable":true,"href":"https:\/\/emlaktuel.com\/index.php?rest_route=%2Fwp%2Fv2%2Fcomments&post=44644"}],"version-history":[{"count":1,"href":"https:\/\/emlaktuel.com\/index.php?rest_route=\/wp\/v2\/posts\/44644\/revisions"}],"predecessor-version":[{"id":44647,"href":"https:\/\/emlaktuel.com\/index.php?rest_route=\/wp\/v2\/posts\/44644\/revisions\/44647"}],"wp:featuredmedia":[{"embeddable":true,"href":"https:\/\/emlaktuel.com\/index.php?rest_route=\/wp\/v2\/media\/44646"}],"wp:attachment":[{"href":"https:\/\/emlaktuel.com\/index.php?rest_route=%2Fwp%2Fv2%2Fmedia&parent=44644"}],"wp:term":[{"taxonomy":"category","embeddable":true,"href":"https:\/\/emlaktuel.com\/index.php?rest_route=%2Fwp%2Fv2%2Fcategories&post=44644"},{"taxonomy":"post_tag","embeddable":true,"href":"https:\/\/emlaktuel.com\/index.php?rest_route=%2Fwp%2Fv2%2Ftags&post=44644"}],"curies":[{"name":"wp","href":"https:\/\/api.w.org\/{rel}","templated":true}]}}