{"id":4462,"date":"2016-08-17T08:30:03","date_gmt":"2016-08-17T05:30:03","guid":{"rendered":"http:\/\/emlaktuel.com\/?p=4462"},"modified":"2018-07-05T14:36:01","modified_gmt":"2018-07-05T11:36:01","slug":"capa-ve-cerrahpasa-tasinmayacak","status":"publish","type":"post","link":"https:\/\/emlaktuel.com\/?p=4462","title":{"rendered":"\u00c7apa ve Cerrahpa\u015fa ta\u015f\u0131nmayacak!"},"content":{"rendered":"<h1 class=\"news-detail-title selectionShareable\">Fatih Belediye Ba\u015fkan\u0131 Mustafa Demir, &#8220;\u00c7apa ve Cerrahpa\u015fa hastaneleri yerle\u015fkesinin \u015fehir d\u0131\u015f\u0131na \u00e7\u0131kmadan d\u00f6n\u00fc\u015f\u00fcm\u00fcn\u00fcn ger\u00e7ekle\u015ftirilmesi i\u00e7in Fatih Belediyesi prefabrik binalara arsa tahsisinde bulundu.&#8221; dedi.<\/h1>\n<div class=\"soc2 nmobilw\">\u00c7apa ve Cerrahpa\u015fa hastaneleri ile ilgili a\u00e7\u0131klama yapan Fatih Belediye Ba\u015fkan\u0131 Mustafa Demir, &#8220;Bu iki yerle\u015fkemizin \u015fehir d\u0131\u015f\u0131na \u00e7\u0131kmadan d\u00f6n\u00fc\u015f\u00fcm\u00fcn\u00fcn ger\u00e7ekle\u015ftirilmesi konusunda Fatih Belediyemiz ge\u00e7ici s\u00fcreli\u011fine sa\u011fl\u0131k e\u011fitimi ve hizmetlerinin s\u00fcrd\u00fcr\u00fclece\u011fi prefabrik binalara arsa tahsisinde bulundu. &#8220;dedi.<\/div>\n<div>\n<p><b>Fatih Belediye Ba\u015fkan\u0131 Mustafa Demir taraf\u0131ndan yap\u0131lan a\u00e7\u0131klama \u015fu \u015fekilde;<\/b><\/p>\n<p>Sevgili \u0130stanbullular, Uzun zamandan beri iki g\u00fczide sa\u011fl\u0131k ve e\u011fitim merkezimiz olan Cerrahpa\u015fa ve \u00c7apa T\u0131p Fak\u00fclteleri ve hastane binalar\u0131n\u0131n yenilenmeleri konusu ile ilgili olarak kamuoyunda bir bilgi kirlili\u011fi olu\u015fturulmu\u015f, insan\u0131m\u0131z\u0131n kanaati olumsuz anlamda etkilenmeye \u00e7al\u0131\u015f\u0131lm\u0131\u015ft\u0131r. \u00dclkemiz, milletlimiz ve tarihimiz i\u00e7in \u00f6nemli bir de\u011feri ifade eden bu konuyu ayd\u0131nl\u0131\u011fa kavu\u015fturmak gayesiyle Fatih Belediye Ba\u015fkan\u0131 olarak sizlere bir a\u00e7\u0131klama yapmak ihtiyac\u0131 hissettim.<\/p>\n<p>Bina \u00f6mr\u00fcn\u00fc tamamlad\u0131\u011f\u0131 i\u00e7in deprem riski ta\u015f\u0131yan, de\u011fi\u015fen geli\u015fen sa\u011fl\u0131k ve e\u011fitim hizmetlerine cevap veremeyen \u00c7apa ve Cerrahpa\u015fa yerle\u015fkelerinin in\u015fas\u0131 i\u00e7in uzun zamandan beri konu\u015fulanlar iyi niyetli olmayan ki\u015filer taraf\u0131ndan yanl\u0131\u015f yorumlanarak, yanl\u0131\u015f anla\u015f\u0131lmalara sebebiyet vermi\u015ftir.<\/p>\n<p>Ta\u015f\u0131-topra\u011f\u0131 k\u00fclt\u00fcr olan, medeniyetimizin Ba\u015fkenti, Sultan Fatih\u2019in azizi hat\u0131ras\u0131, insan\u0131na ve mek\u00e2n\u0131na hizmet etme onuruna sahip oldu\u011fumuz Fatihimizin her semti bizim i\u00e7in kutsald\u0131r ve hizmetin en iyisine lay\u0131kt\u0131r.<\/p>\n<p>Fatih\u2019in 8500 y\u0131ll\u0131k tarihi i\u00e7erisinde Konstantinopol\u2019\u00fcn \u00a0(Do\u011fu Roman\u2019\u0131n ba\u015fkenti) ba\u015fkenti oldu\u011fu tarihten beri ayn\u0131 adlarla an\u0131lmasa da Cerrahpa\u015fa ve \u00c7apa yerle\u015fkeleri, \u015fehrimizin \u00f6nemli semtlerindendir. Bu semtler o d\u00f6nemde de Cibali kap\u0131s\u0131ndan ba\u015flay\u0131p Yavuz Sultan Selim Camisi\u2019nin do\u011fusundan g\u00fcneye do\u011fru y\u00f6nelerek Fatih Cami\u2019ne, oradan g\u00fcneye do\u011fru ilerleyerek Likos deresini dik bir \u015fekilde kestikten sonra caminin bat\u0131s\u0131ndan (bug\u00fcnk\u00fc Vatan Caddesi) Bezmi \u00c2lem \u00dcniversitesi\u2019nin d\u0131\u015f\u0131ndan g\u00fcneye (Marmara denizine) do\u011fru bir kavis \u00e7izerek Davutpa\u015fa Cami\u2019nin bat\u0131s\u0131ndan ve Etyemez Yoku\u015fu\u2019ndan tarihi Samatya Liman\u0131\u2019na (Marmara Denizine) inen \u015fehrimizin II. tarihi kara surlar\u0131n\u0131n i\u00e7inde kal\u0131yordu. Milion ta\u015f\u0131ndan ba\u015flayan \u00fcnl\u00fc Mese yolu (Divanyolu Caddesi), bug\u00fcnk\u00fc Vezneciler\u2019de bir kolu kuzey-bat\u0131ya, di\u011fer kolu da (Langa Caddesi) bug\u00fcn oldu\u011fu gibi g\u00fcney bat\u0131ya do\u011fru \u201cY\u201d \u015feklinde uzan\u0131yordu. Bug\u00fcnk\u00fc Cerrahpa\u015fa yerle\u015fkesi ise bu yolun kuzeyinde; Konstantin d\u00f6neminde 12 b\u00f6lgeye ayr\u0131lan Konstantinopol\u2019\u00fcn 11. b\u00f6lgesinde (mahallesinde) bulunuyordu.<\/p>\n<p>O zamanlar 11. b\u00f6lgenin g\u00fcneyinden ge\u00e7en Langa Caddesi ile Marmara Denizi aras\u0131ndaki alan bostanl\u0131kt\u0131 (Vlanda). Muhtemelen bu g\u00fcnk\u00fc Cerrahpa\u015fa yerle\u015fkesinde, o g\u00fcnk\u00fc \u015fehrin sebze ihtiyac\u0131n\u0131 kar\u015f\u0131layan bah\u00e7\u0131van aileler otururdu.<\/p>\n<p>\u0130stanbul\u2019un fethinden sonra \u015fehri d\u00f6n\u00fc\u015ft\u00fcrmek i\u00e7in ba\u015flat\u0131lan imar faaliyetleri s\u00fcrecinde bu b\u00f6lgeye Cerrahpa\u015fa K\u00fclliyesi in\u015fa edilerek, buras\u0131 yeni kimli\u011fine kavu\u015fturuldu. K\u00fclliyeyi \u00fcnl\u00fc mimar Davut A\u011fa\u2019ya in\u015fa ettiren Cerrah Mehmet Pa\u015fa, Enderun\u2019dan yeti\u015fmi\u015f bir hekimdi.<\/p>\n<p>Cerrah Mehmet Pa\u015fa, III. Murat\u2019\u0131n o\u011flu II. Mehmet\u2019i ba\u015far\u0131l\u0131 bir \u015fekilde s\u00fcnnet etmesiyle \u00fcnl\u00fc olduktan sonra, devletin de\u011fi\u015fik kademelerinde y\u00f6neticilik yapm\u0131\u015f ve ard\u0131ndan bir d\u00f6nem II. Mehmet\u2019in sadrazam\u0131 olmu\u015ftur. Semtimiz Cerrah Mehmet Pa\u015fa\u2019n\u0131n in\u015fa ettirdi\u011fi k\u00fclliyeden dolay\u0131 bu adla an\u0131lmaya ba\u015flad\u0131. \u0130stanbul Belediyesi 1911 de burada bulunan Tak\u00fcyyidddin Pa\u015fa\u2019n\u0131n kona\u011f\u0131n\u0131 sat\u0131n alarak, 80 yatakl\u0131 bir hastane haline getirip o zamanki \u0130stanbul \u00dcniversitemiz olan Dar\u00fcl-F\u00fcnun\u2019un Sa\u011fl\u0131k Bilimleri b\u00f6l\u00fcm\u00fcne tahsis etti. Cumhuriyet kurulduktan sonra da bu yap\u0131 etraf\u0131na ihtiyaca g\u00f6re peyderpey yeni ilaveler yap\u0131larak bu g\u00fcnk\u00fc yap\u0131la\u015fmaya ula\u015f\u0131ld\u0131. Ancak olu\u015fturulan bu yap\u0131 toplulu\u011fu hem depreme dayan\u0131ks\u0131z, \u00a0hem mimari bak\u0131mdan de\u011fersiz, hem de modern t\u0131p e\u011fitimi ve sa\u011fl\u0131k hizmetleri bak\u0131m\u0131ndan yetersiz haldedir. Kurulu\u015fu Cumhuriyetimizden eski, y\u00fczy\u0131l\u0131 a\u015fk\u0131n s\u00fcredir verdi\u011fi sa\u011fl\u0131k hizmetleriyle ad\u0131, kadim \u015fehir Fatihimizle \u00f6zde\u015fle\u015fmi\u015f, milletimizin haf\u0131zas\u0131nda ve g\u00f6nl\u00fcnde yer etmi\u015f bu t\u0131p e\u011fitimi ve sa\u011fl\u0131k hizmetleri merkezlerinin Fatih\u2019e ve yeni T\u00fcrkiye\u2019ye yak\u0131\u015f\u0131r bir \u015fekilde yeniden in\u015fas\u0131 i\u00e7in h\u00fck\u00fcmetimizin ba\u015flatt\u0131\u011f\u0131 \u00e7al\u0131\u015fma, sa\u011fl\u0131k hizmeti ve e\u011fitimi, \u015fehircilik ve k\u00fclt\u00fcrel bak\u0131m\u0131ndan \u00e7ok \u00f6nemlidir. Bu vesileyle bu ihya projesinin \u00f6nc\u00fcs\u00fc Say\u0131n Cumhurba\u015fkan\u0131m\u0131za ve Say\u0131n Ba\u015fbakan\u0131m\u0131za ve y\u00fcklenici firma TOK\u0130\u2019ye Fatihliler ve milletimiz ad\u0131na \u015f\u00fckranlar\u0131m\u0131 sunuyorum.<\/p>\n<p>\u00dcn\u00fc ve hizmeti b\u00fct\u00fcn T\u00fcrkiye\u2019ye yay\u0131lm\u0131\u015f olan bir di\u011fer yerle\u015fkemiz T\u0131p Fak\u00fcltesi ve Sa\u011fl\u0131k hizmetleri merkezi olan \u00c7apa T\u0131p Fak\u00fcltesidir. \u00c7apa semti 20. y\u00fczy\u0131l\u0131n ortalar\u0131nda kadar \u015eehremini olarak an\u0131l\u0131rd\u0131. Ancak zamanla meydana gelen geli\u015fmeler b\u00f6lgenin ad\u0131n\u0131n de\u011fi\u015fmesine vesile oldu. Vak\u0131f Gureba Hastanesi\u2019nin Kad\u0131n Do\u011fum ve \u00c7ocuk klinikleri a\u00e7\u0131ld\u0131ktan sonra Haseki\u2019deki \u0130stanbul T\u0131p Fak\u00fcltesi\u2019nin II. Kad\u0131n Do\u011fum Klini\u011fi buraya ta\u015f\u0131nd\u0131. B\u00f6ylece \u015eehremini\u2019nin bir b\u00f6l\u00fcm\u00fc \u201cKad\u0131n Do\u011fum\u201d konusunda bir merkeze d\u00f6n\u00fc\u015ft\u00fc.<\/p>\n<p>Vak\u0131f Gureba fakirler i\u00e7in, \u0130stanbul T\u0131p da hali vakti uygun olanlar i\u00e7in bir \u00e7ekim merkezi olunca, buras\u0131 \u00e7ok say\u0131da bebe\u011fin d\u00fcnyaya geldi\u011fi, dolay\u0131s\u0131yla g\u00f6be\u011finin kesildi\u011fi yer oldu. O zamanlar Fatih\u2019te \u00e7ok say\u0131da Rum ya\u015fad\u0131\u011f\u0131 i\u00e7in onlar\u0131n da bebekleri bu do\u011fum merkezinde d\u00fcnyaya geliyordu. G\u00f6bek ba\u011f\u0131n\u0131n Rumca kar\u015f\u0131l\u0131\u011f\u0131 \u201c\u00e7\u0131pa\u201d oldu\u011fundan bu yeni do\u011fum merkezine Rumlar \u201c\u00e7\u0131pa\u201d deyince halk\u0131m\u0131z da bunu \u201c\u00e7apa\u201d olarak de\u011fi\u015ftirerek T\u00fcrk\u00e7ele\u015ftirdi. Bundan b\u00f6yle gerek fak\u00fcltenin gerek hastanenin gerekse semtin ad\u0131 \u00c7apa oldu.<\/p>\n<p>Anlatmaya \u00e7al\u0131\u015ft\u0131\u011f\u0131m gibi; gerek Cerrahpa\u015fa, gerekse \u00c7apa T\u0131p Fak\u00fclteleri ve hastaneleri bizim i\u00e7in sadece bir e\u011fitim ve sa\u011fl\u0131k hizmetini ifade etmiyor. Bununla birlikte bir semtin k\u00fclt\u00fcr tarihini, buray\u0131 de\u011fi\u015ftirmesi bak\u0131m\u0131ndan sosyolojisini ve b\u00fct\u00fcn bu olguyu ayakta tutan semt ekonomisini ifade ediyor. Her ne kadar payda\u015flar olarak \u00a0<a href=\"http:\/\/emlakkulisi.com\/keywords\/toki\">TOK\u0130<\/a>\u00a0 ile \u0130stanbul \u00dcniversitesi aras\u0131nda kararla\u015ft\u0131r\u0131lm\u0131\u015f bir proje olsa da; boyutlar\u0131 itibari ile Fatih\u2019i ilgilendirdi\u011fi ve y\u00fczy\u0131l\u0131 a\u015fan ge\u00e7mi\u015fiyle b\u00fct\u00fcn \u0130stanbul\u2019a, Anadolu\u2019ya hatta yurt d\u0131\u015f\u0131na yay\u0131lm\u0131\u015f ac\u0131 tatl\u0131 hat\u0131ralar\u0131yla t\u00fcrk\u00fclerimize bile konu oldu\u011fu i\u00e7in bu iki semtimizin ya\u015fayan olgusuna duyarl\u0131 davrand\u0131k. Bu toplumsal dokuyu olu\u015fturan 5.201 \u00f6\u011frenciye 2064 \u00f6\u011fretim \u00fcyesine, 2.211.549 hastaya ve 23.000 esnaf\u0131na sahip \u00e7\u0131kt\u0131k.<\/p>\n<p>\u015eehirler, mek\u00e2n-insan ili\u015fkisinin en y\u00fcksek d\u00fczeyde canl\u0131l\u0131k kazand\u0131\u011f\u0131 yerlerdir. Dolay\u0131s\u0131yla \u015fehirlerin de ruhu vard\u0131r. \u00c7apa ve Cerrahpa\u015fa semtlerine can veren bu olgunun yerle\u015fkenin yenilenme s\u00fcrecinde buradan Fatih\u2019in d\u0131\u015f\u0131na bir yere ta\u015f\u0131nmas\u0131, b\u00fcnyesinden ayr\u0131lan organlar\u0131ndan dolay\u0131 \u015fehir ruhunun ac\u0131 \u00e7ekmesi demektir. \u00a0Ta\u015f\u0131nman\u0131n yarataca\u011f\u0131 maddi ve manevi olumsuzluklar\u0131 ya\u015famamak ve bu iki yerle\u015fkemizin \u015fehir d\u0131\u015f\u0131na \u00e7\u0131kmadan d\u00f6n\u00fc\u015f\u00fcm\u00fcn\u00fcn ger\u00e7ekle\u015ftirilmesi konusunda Fatih Belediyemiz ge\u00e7ici s\u00fcreli\u011fine sa\u011fl\u0131k e\u011fitimi ve hizmetlerinin s\u00fcrd\u00fcr\u00fclece\u011fi prefabrik binalara arsa tahsisinde bulundu.<\/p>\n<p>Ayr\u0131ca bu iki yerle\u015fkenin Fatihimize ve 2023 T\u00fcrkiye vizyonuna yak\u0131\u015f\u0131r bir \u015fekilde yeniden imar ve ihya edilmesi i\u00e7in haz\u0131rlanan plan ve projelerin An\u0131tlar Kurulu onay\u0131ndan ge\u00e7irilmesi hususunda ciddi desteklerimiz oldu. Bir \u0130stanbul sevdal\u0131s\u0131 olan Say\u0131n Cumhurba\u015fkan\u0131m\u0131za bu b\u00fcy\u00fck d\u00f6n\u00fc\u015f\u00fcm projesine ba\u015f\u0131ndan beri verdi\u011fi samimi desteklerinden, Say\u0131n Ba\u015fbakan\u0131m\u0131za bu i\u015fe sahip \u00e7\u0131kmas\u0131ndan ve y\u00fcklenici firma TOK\u0130\u2019nin bu uygulamay\u0131 \u00fcstlenmesinden dolay\u0131 herkese ayr\u0131 ayr\u0131 \u015f\u00fckranlar\u0131m\u0131 sunuyorum.<\/p>\n<p>Bu b\u00fcy\u00fck projenin, \u0130stanbul \u00dcniversitemize, Fatihimize ve \u00fclkemize hay\u0131rl\u0131 olmas\u0131n\u0131 diliyorum.<\/p>\n<p>Ayr\u0131ca yap\u0131lan her hizmeti engellemek, kara propaganda yaparak halk\u0131m\u0131z\u0131 yan\u0131ltmak isteyenlerin bu d\u00f6n\u00fc\u015f\u00fcm b\u00f6lgeleri i\u00e7in yaymaya \u00e7al\u0131\u015ft\u0131klar\u0131 dedikodular\u0131n hi\u00e7 biri olmayacak, \u00c7apa ve Cerrahpa\u015fa semtleri \u015fu an oldu\u011fu gibi yine sa\u011fl\u0131k ama\u00e7l\u0131 yeni \u00fcnitelerle, her t\u00fcrl\u00fc modern sa\u011fl\u0131k e\u011fitimi ve hizmeti verebilecek \u015fekilde donat\u0131lacakt\u0131r.<\/p>\n<p>\u00c7apa T\u0131p Fak\u00fcltesi<\/p>\n<p><img class=\"lazy\" src=\"http:\/\/emlakkulisi.com\/resim\/tamboyut\/NzYzMzg4MD-capa-ve-cerrahpasa-tasinmayacak.jpg\" width=\"100%\" data-original=\"\/resim\/tamboyut\/NzYzMzg4MD-capa-ve-cerrahpasa-tasinmayacak.jpg\" \/><\/p>\n<p>\u00c7apa T\u0131p Fak\u00fcltesi proje g\u00f6rseli<\/p>\n<p><img class=\"lazy\" src=\"http:\/\/emlakkulisi.com\/resim\/tamboyut\/NDgxMzgzOT-capa-ve-cerrahpasa-tasinmayacak.jpg\" width=\"100%\" data-original=\"\/resim\/tamboyut\/NDgxMzgzOT-capa-ve-cerrahpasa-tasinmayacak.jpg\" \/><\/p>\n<p>Cerrahpa\u015fa T\u0131p Fak\u00fcltesi<\/p>\n<p><img class=\"lazy\" src=\"http:\/\/emlakkulisi.com\/resim\/tamboyut\/NzQ2OTI5OT-capa-ve-cerrahpasa-tasinmayacak.jpg\" width=\"100%\" data-original=\"\/resim\/tamboyut\/NzQ2OTI5OT-capa-ve-cerrahpasa-tasinmayacak.jpg\" \/><\/p>\n<p>Cerrahpa\u015fa T\u0131p Fak\u00fcltesi proje g\u00f6rseli:<\/p>\n<p><img class=\"lazy\" src=\"http:\/\/emlakkulisi.com\/resim\/tamboyut\/NTcyMDAwMD-capa-ve-cerrahpasa-tasinmayacak.jpg\" width=\"100%\" data-original=\"\/resim\/tamboyut\/NTcyMDAwMD-capa-ve-cerrahpasa-tasinmayacak.jpg\" \/><\/p>\n<p><img class=\"lazy\" src=\"http:\/\/emlakkulisi.com\/resim\/tamboyut\/MjY3Nzc1ND-capa-ve-cerrahpasa-tasinmayacak.jpg\" width=\"100%\" data-original=\"\/resim\/tamboyut\/MjY3Nzc1ND-capa-ve-cerrahpasa-tasinmayacak.jpg\" \/><\/p>\n<p>Fatih Belediyesi<\/p>\n<\/div>\n","protected":false},"excerpt":{"rendered":"<p>Fatih Belediye Ba\u015fkan\u0131 Mustafa Demir, &#8220;\u00c7apa ve Cerrahpa\u015fa hastaneleri yerle\u015fkesinin \u015fehir d\u0131\u015f\u0131na \u00e7\u0131kmadan d\u00f6n\u00fc\u015f\u00fcm\u00fcn\u00fcn ger\u00e7ekle\u015ftirilmesi i\u00e7in Fatih Belediyesi prefabrik binalara arsa tahsisinde bulundu.&#8221; dedi. \u00c7apa ve Cerrahpa\u015fa hastaneleri ile ilgili a\u00e7\u0131klama yapan Fatih Belediye Ba\u015fkan\u0131 Mustafa Demir, &#8220;Bu iki yerle\u015fkemizin \u015fehir d\u0131\u015f\u0131na \u00e7\u0131kmadan d\u00f6n\u00fc\u015f\u00fcm\u00fcn\u00fcn ger\u00e7ekle\u015ftirilmesi konusunda Fatih Belediyemiz ge\u00e7ici s\u00fcreli\u011fine sa\u011fl\u0131k e\u011fitimi ve hizmetlerinin s\u00fcrd\u00fcr\u00fclece\u011fi [&hellip;]<\/p>\n","protected":false},"author":1,"featured_media":4463,"comment_status":"open","ping_status":"open","sticky":false,"template":"","format":"standard","meta":{"ngg_post_thumbnail":0},"categories":[1,26],"tags":[2950,2949,2948,2951,11148,73,11526,106,11196,316],"_links":{"self":[{"href":"https:\/\/emlaktuel.com\/index.php?rest_route=\/wp\/v2\/posts\/4462"}],"collection":[{"href":"https:\/\/emlaktuel.com\/index.php?rest_route=\/wp\/v2\/posts"}],"about":[{"href":"https:\/\/emlaktuel.com\/index.php?rest_route=\/wp\/v2\/types\/post"}],"author":[{"embeddable":true,"href":"https:\/\/emlaktuel.com\/index.php?rest_route=\/wp\/v2\/users\/1"}],"replies":[{"embeddable":true,"href":"https:\/\/emlaktuel.com\/index.php?rest_route=%2Fwp%2Fv2%2Fcomments&post=4462"}],"version-history":[{"count":1,"href":"https:\/\/emlaktuel.com\/index.php?rest_route=\/wp\/v2\/posts\/4462\/revisions"}],"predecessor-version":[{"id":4464,"href":"https:\/\/emlaktuel.com\/index.php?rest_route=\/wp\/v2\/posts\/4462\/revisions\/4464"}],"wp:featuredmedia":[{"embeddable":true,"href":"https:\/\/emlaktuel.com\/index.php?rest_route=\/wp\/v2\/media\/4463"}],"wp:attachment":[{"href":"https:\/\/emlaktuel.com\/index.php?rest_route=%2Fwp%2Fv2%2Fmedia&parent=4462"}],"wp:term":[{"taxonomy":"category","embeddable":true,"href":"https:\/\/emlaktuel.com\/index.php?rest_route=%2Fwp%2Fv2%2Fcategories&post=4462"},{"taxonomy":"post_tag","embeddable":true,"href":"https:\/\/emlaktuel.com\/index.php?rest_route=%2Fwp%2Fv2%2Ftags&post=4462"}],"curies":[{"name":"wp","href":"https:\/\/api.w.org\/{rel}","templated":true}]}}