{"id":4453,"date":"2016-08-17T08:20:42","date_gmt":"2016-08-17T05:20:42","guid":{"rendered":"http:\/\/emlaktuel.com\/?p=4453"},"modified":"2018-07-05T14:35:53","modified_gmt":"2018-07-05T11:35:53","slug":"haydarpasa-garinin-durumu-ne-olacak","status":"publish","type":"post","link":"https:\/\/emlaktuel.com\/?p=4453","title":{"rendered":"Haydarpa\u015fa Gar\u0131&#8217;n\u0131n durumu ne olacak?"},"content":{"rendered":"<h1 class=\"news-detail-title selectionShareable\">\u00d6zelle\u015ftirme \u0130daresi\u2019nin Haydarpa\u015fa Gar\u0131 ve liman sahas\u0131 hakk\u0131nda belediyeden bilgi talep etmesi sosyal medyada tart\u0131\u015fma yaratt\u0131. Planlamaya g\u00f6re, gar binas\u0131 h\u0131zl\u0131 tren ve b\u00f6lgesel trenler i\u00e7in kullan\u0131lacak<\/h1>\n<div class=\"soc2 nmobilw\"><\/div>\n<div>\n<p>\u00d6zelle\u015ftirme \u0130daresi Ba\u015fkanl\u0131\u011f\u0131\u2019n\u0131n Haydarpa\u015fa gar sahas\u0131 hakk\u0131nda Kad\u0131k\u00f6y Belediyesi\u2019nden bilgi talep etmesi, \u00f6zelle\u015ftirme tart\u0131\u015fmalar\u0131n\u0131 alevlendirdi.<\/p>\n<p>Bin d\u00f6n\u00fcml\u00fck Haydarpa\u015fa b\u00f6lgesi i\u00e7in \u0130stanbul B\u00fcy\u00fck\u015fehir Belediyesi\u2019nin kat\u0131l\u0131m\u0131 ile y\u00fcr\u00fct\u00fclen Koruma Ama\u00e7l\u0131 \u0130mar Plan\u0131 \u00e7al\u0131\u015fmas\u0131nda son a\u015famaya gelindi. Buna g\u00f6re, gar alan\u0131 yine gar olarak kullan\u0131lacak.<\/p>\n<p>Bina, TCDD\u2019nin h\u0131zl\u0131 tren ile b\u00f6lgesel tren hizmeti i\u00e7in kullan\u0131lmaya devam edecek. Ge\u00e7mi\u015fte y\u00fck liman\u0131 olarak kullan\u0131lan liman b\u00f6lgesinin ise kruvaziyer ve yat liman\u0131 olarak \u0130stanbul\u2019a hizmet vermesi planlan\u0131yor. Gar ve liman\u0131n arkas\u0131nda bulunan sahan\u0131n ise hangi ama\u00e7la kullan\u0131laca\u011f\u0131 hen\u00fcz netle\u015fmedi.<\/p>\n<p>\u00d6zelle\u015ftirme \u0130daresi yetkilileri b\u00f6lgenin \u00f6zelle\u015ftirme kapsam\u0131nda olmad\u0131\u011f\u0131n\u0131 belirterek, proje \u00f6ncesi de\u011ferlendirme \u00e7al\u0131\u015fmalar\u0131 kapsam\u0131nda, bu t\u00fcr sahalara ili\u015fkin imar plan\u0131 ve parsel bilgilerinin g\u00fcncellendi\u011fini kaydetti.<\/p>\n<p>Habert\u00fcrk<\/p>\n<\/div>\n","protected":false},"excerpt":{"rendered":"<p>\u00d6zelle\u015ftirme \u0130daresi\u2019nin Haydarpa\u015fa Gar\u0131 ve liman sahas\u0131 hakk\u0131nda belediyeden bilgi talep etmesi sosyal medyada tart\u0131\u015fma yaratt\u0131. Planlamaya g\u00f6re, gar binas\u0131 h\u0131zl\u0131 tren ve b\u00f6lgesel trenler i\u00e7in kullan\u0131lacak \u00d6zelle\u015ftirme \u0130daresi Ba\u015fkanl\u0131\u011f\u0131\u2019n\u0131n Haydarpa\u015fa gar sahas\u0131 hakk\u0131nda Kad\u0131k\u00f6y Belediyesi\u2019nden bilgi talep etmesi, \u00f6zelle\u015ftirme tart\u0131\u015fmalar\u0131n\u0131 alevlendirdi. Bin d\u00f6n\u00fcml\u00fck Haydarpa\u015fa b\u00f6lgesi i\u00e7in \u0130stanbul B\u00fcy\u00fck\u015fehir Belediyesi\u2019nin kat\u0131l\u0131m\u0131 ile y\u00fcr\u00fct\u00fclen Koruma Ama\u00e7l\u0131 [&hellip;]<\/p>\n","protected":false},"author":1,"featured_media":4454,"comment_status":"open","ping_status":"open","sticky":false,"template":"","format":"standard","meta":{"ngg_post_thumbnail":0},"categories":[1,26],"tags":[11253,2943,2942,73,4437,11342,106,11123,118,2944],"_links":{"self":[{"href":"https:\/\/emlaktuel.com\/index.php?rest_route=\/wp\/v2\/posts\/4453"}],"collection":[{"href":"https:\/\/emlaktuel.com\/index.php?rest_route=\/wp\/v2\/posts"}],"about":[{"href":"https:\/\/emlaktuel.com\/index.php?rest_route=\/wp\/v2\/types\/post"}],"author":[{"embeddable":true,"href":"https:\/\/emlaktuel.com\/index.php?rest_route=\/wp\/v2\/users\/1"}],"replies":[{"embeddable":true,"href":"https:\/\/emlaktuel.com\/index.php?rest_route=%2Fwp%2Fv2%2Fcomments&post=4453"}],"version-history":[{"count":1,"href":"https:\/\/emlaktuel.com\/index.php?rest_route=\/wp\/v2\/posts\/4453\/revisions"}],"predecessor-version":[{"id":4455,"href":"https:\/\/emlaktuel.com\/index.php?rest_route=\/wp\/v2\/posts\/4453\/revisions\/4455"}],"wp:featuredmedia":[{"embeddable":true,"href":"https:\/\/emlaktuel.com\/index.php?rest_route=\/wp\/v2\/media\/4454"}],"wp:attachment":[{"href":"https:\/\/emlaktuel.com\/index.php?rest_route=%2Fwp%2Fv2%2Fmedia&parent=4453"}],"wp:term":[{"taxonomy":"category","embeddable":true,"href":"https:\/\/emlaktuel.com\/index.php?rest_route=%2Fwp%2Fv2%2Fcategories&post=4453"},{"taxonomy":"post_tag","embeddable":true,"href":"https:\/\/emlaktuel.com\/index.php?rest_route=%2Fwp%2Fv2%2Ftags&post=4453"}],"curies":[{"name":"wp","href":"https:\/\/api.w.org\/{rel}","templated":true}]}}