{"id":44386,"date":"2023-10-23T11:10:04","date_gmt":"2023-10-23T08:10:04","guid":{"rendered":"https:\/\/emlaktuel.com\/?p=44386"},"modified":"2023-10-23T11:10:04","modified_gmt":"2023-10-23T08:10:04","slug":"emrullah-yedikardes-ruhsat-sayisindaki-artis-yaniltmasin-2024-yilinda-konut-acigi-daha-da-artacak","status":"publish","type":"post","link":"https:\/\/emlaktuel.com\/?p=44386","title":{"rendered":"Emrullah Yedikarde\u015f: \u201cRuhsat say\u0131s\u0131ndaki art\u0131\u015f yan\u0131ltmas\u0131n\u201d 2024 YILINDA KONUT A\u00c7I\u011eI DAHA DA ARTACAK"},"content":{"rendered":"<p style=\"font-weight: 400;\"><strong>Karmar A\u015e \u0130cra Kurulu Ba\u015fkan\u0131 Emrullah Yedikarde\u015f:<\/strong><\/p>\n<p style=\"font-weight: 400;\"><strong>\u201cRuhsat say\u0131s\u0131ndaki art\u0131\u015f yan\u0131ltmas\u0131n\u201d<\/strong><\/p>\n<p style=\"font-weight: 400;\"><strong>2024 YILINDA KONUT A\u00c7I\u011eI DAHA DA ARTACAK<\/strong><\/p>\n<p style=\"font-weight: 400;\"><strong>Karmar A\u015e \u0130cra Kurulu Ba\u015fkan\u0131 Emrullah Yedikarde\u015f uyard\u0131: \u201cRuhsat say\u0131s\u0131ndaki art\u0131\u015f konut \u00fcretiminin artaca\u011f\u0131n\u0131 g\u00f6stermiyor. Sekt\u00f6r \u00fcretim konusunda isteksiz. Gelecek sene konut a\u00e7\u0131\u011f\u0131 daha fazla olacak, fiyatlar d\u00fc\u015fmeyecek. Y\u0131ll\u0131k 100 bin sosyal konut \u00fcretimi a\u00e7\u0131\u011f\u0131n derinle\u015fmesini engellese de kapatmas\u0131n\u0131 sa\u011flamayacak\u201d. Emrullah Yedikarde\u015f sekt\u00f6r\u00fcn s\u0131k\u0131nt\u0131lar\u0131ndan birinin de nitelikli personel ve usta bulma y\u00f6n\u00fcnde oldu\u011funu, istihdam rekoru k\u0131ran sekt\u00f6rde eleman s\u0131k\u0131nt\u0131s\u0131n\u0131n da zirvede oldu\u011funu s\u00f6yledi.<\/strong><\/p>\n<p style=\"font-weight: 400;\">Y\u0131l\u0131n ikinci \u00e7eyre\u011fine ait in\u015faat ruhsatlar\u0131 ge\u00e7en y\u0131l\u0131n ayn\u0131 d\u00f6nemine g\u00f6re art\u0131\u015f g\u00f6stererek sekt\u00f6rde hareketlenme \u015feklinde yorumland\u0131.&nbsp; Resmi verilere g\u00f6re, y\u0131l\u0131n ikinci \u00e7eyre\u011finde ruhsat al\u0131nan bina say\u0131s\u0131 y\u00fczde 5.7, daire say\u0131s\u0131 y\u00fczde 31.3 oran\u0131nda art\u0131\u015f g\u00f6sterdi. \u0130n\u015faat sekt\u00f6r\u00fcn\u00fcn \u00f6nde gelen temsilcilerine g\u00f6re, bu art\u0131\u015f konut \u00fcretiminin artaca\u011f\u0131 \u015feklinde yorumlanmamal\u0131, \u00e7\u00fcnk\u00fc sekt\u00f6r\u00fcn \u00fcretim konusundaki i\u015ftah\u0131 bug\u00fcnlerde olduk\u00e7a zay\u0131f\u2026<\/p>\n<p style=\"font-weight: 400;\">Sekt\u00f6rdeki geli\u015fmeleri de\u011ferlendiren Karmar A\u015e \u0130cra Kurulu Ba\u015fkan\u0131 Emrullah Yedikarde\u015f, ruhsatlardaki art\u0131\u015f\u0131n hem deprem&nbsp; b\u00f6lgesinde ba\u015flayacak konutlardan kaynakland\u0131\u011f\u0131n\u0131, hem de m\u00fcteahhitlerin sekt\u00f6r\u00fcn yeni yerel y\u00f6netimlerin se\u00e7imi \u00f6ncesi ruhsat\u0131n\u0131 almay\u0131 tercih etti\u011fini s\u00f6yledi. Emrullah Yedikarde\u015f \u201cAncak bu durum, gelecek y\u0131l daha fazla konut \u00fcretilece\u011finin garantisi gibi g\u00f6r\u00fclmemeli. \u00c7\u00fcnk\u00fc sekt\u00f6rde \u00fcretim i\u015ftah\u0131 yok. Artan maliyetler, usta ve eleman bulma s\u0131k\u0131nt\u0131s\u0131, al\u0131c\u0131lar\u0131n finansal a\u00e7\u0131dan konutlara ula\u015famamas\u0131 gibi olumsuzluklar yeni yat\u0131r\u0131m planlayanlar\u0131n ertelemesine neden oluyor. Ayn\u0131 y\u0131l hayata ge\u00e7irilmesi zorunlu olmad\u0131\u011f\u0131 i\u00e7in tedbiren ruhsatlar al\u0131n\u0131yor\u201d dedi. \u0130n\u015faat ruhsatlar\u0131n\u0131n 3 y\u0131l i\u00e7inde hayata ge\u00e7irilmesi gerekiyor, bu s\u00fcre sonunda iptal oluyor.<\/p>\n<p style=\"font-weight: 400;\">Son zamanlarda markal\u0131 \u00fcreticilerin birbiri ard\u0131na yeni proje lansman\u0131 yapmalar\u0131n\u0131n iyi bir geli\u015fme olmas\u0131na ra\u011fmen, \u00fclkedeki toplam konut ihtiyac\u0131n\u0131 gidermeye yetmeyece\u011finin alt\u0131n\u0131 \u00e7izen Emrullah Yedikarde\u015f, \u201cT\u00fcrkiye\u2019nin y\u0131ll\u0131k konut ihtiyac\u0131 1 milyon seviyesinde. \u00dcretim ise ge\u00e7en y\u0131l 642 bin adet seviyesinde kald\u0131. Her y\u0131l ortalama 400 bin konut a\u00e7\u0131\u011f\u0131 do\u011farken, bu sene herkes elindeki projeyi tamamlay\u0131p bekleme niyetinde oldu\u011fu i\u00e7in gelecek y\u0131l daha fazla konut a\u00e7\u0131\u011f\u0131 do\u011facak\u201d diye konu\u015ftu.<\/p>\n<h2 style=\"font-weight: 400;\"><strong>500 bin sosyal konut da a\u00e7\u0131\u011f\u0131 kapatmayacak<\/strong><\/h2>\n<p style=\"font-weight: 400;\">H\u00fck\u00fcmetin bar\u0131nma sorununa \u00e7\u00f6z\u00fcm olarak, 5 y\u0131ll\u0131k kalk\u0131nma plan\u0131nda toplam 500 bin, y\u0131ll\u0131k bazda ise 100 bin sosyal konut \u00fcretiminin olduk\u00e7a g\u00fczel bir haber oldu\u011funu ifade eden Emrullah Yedikarde\u015f, \u201cBu durum gelecek sene belki de 1 milyona \u00e7\u0131kacak olan konut a\u00e7\u0131\u011f\u0131n\u0131n derinle\u015fmesini engeller ama kapatmaz. Kapanmayan konut a\u00e7\u0131\u011f\u0131 da fiyatlar\u0131n do\u011fal olarak y\u00fcksek seyretmesine neden olur\u201d yorumunu yapt\u0131.<\/p>\n<h2 style=\"font-weight: 400;\"><strong>Konut fiyatlar\u0131 y\u00fckselecek<\/strong><\/h2>\n<p style=\"font-weight: 400;\">Bu nedenle konut fiyatlar\u0131na ili\u015fkin sorunun sadece malzeme fiyatlar\u0131n\u0131 dizginlemekle \u00e7\u00f6z\u00fclemeyece\u011fini ifade eden Karmar A\u015e \u0130cra Kurulu Ba\u015fkan\u0131 Emrullah Yedikarde\u015f \u201cHer \u015feyin fiyat\u0131 d\u00fc\u015f\u00fck olsa bile ortada \u00fcretim olmad\u0131\u011f\u0131 i\u00e7in konut fiyatlar\u0131 y\u00fckselecek. Bu defa insanlar kiral\u0131k konutlara y\u00f6nelecek, kiral\u0131klarda s\u0131k\u0131nt\u0131 olacak\u201d yorumunu yapt\u0131. Bunu \u00f6nlemek i\u00e7in arz\u0131 art\u0131r\u0131p finansa ula\u015f\u0131m\u0131 kolayla\u015ft\u0131rmak gerekti\u011fini ifade eden Emrullah Yedikarde\u015f, m\u00fcteahhit i\u00e7in de al\u0131c\u0131lar i\u00e7in de kredi maliyetlerinin y\u00fcksekli\u011fi ve limitlerin k\u0131s\u0131tl\u0131 olmas\u0131n\u0131n hareketleri de daraltt\u0131\u011f\u0131n\u0131 a\u00e7\u0131klad\u0131.<\/p>\n<h2 style=\"font-weight: 400;\"><strong>Nitelikli personel s\u0131k\u0131nt\u0131s\u0131 zirvede<\/strong><\/h2>\n<p style=\"font-weight: 400;\">\u0130stihdam deposu olmas\u0131 a\u00e7\u0131s\u0131ndan in\u015faat\u0131n ekonominin lokomotifi \u00f6zelli\u011fini hala korudu\u011funu anlatan Emrullah Yedikarde\u015f son rakamlara g\u00f6re sekt\u00f6rde a\u011fustos ay\u0131nda istihdam rekoru k\u0131r\u0131ld\u0131\u011f\u0131n\u0131, ancak nitelikli personel bulma s\u0131k\u0131nt\u0131s\u0131n\u0131n da zirvede oldu\u011funu a\u00e7\u0131klad\u0131. Emrullah Yedikarde\u015f s\u00f6zlerini \u015f\u00f6yle s\u00fcrd\u00fcrd\u00fc:&nbsp;<\/p>\n<p style=\"font-weight: 400;\">\u201c\u015eu anda 11 deprem kentinde \u00f6nemli miktarda konut yap\u0131m\u0131 s\u00f6z konusu. Dolay\u0131s\u0131yla b\u00fcy\u00fck\u015fehirlerde malzemeleri ge\u00e7 teslim alabiliyoruz. \u00dcst\u00fcne bir de in\u015faat ustas\u0131 s\u0131k\u0131nt\u0131s\u0131 ekleniyor. Usta, bir \u015fantiyenin en \u00f6nemli akt\u00f6rlerinden. Hatta \u00e7o\u011fu zaman yeni ba\u015flayan m\u00fchendisler baz\u0131 konular\u0131 ustalardan \u00f6\u011frenir. Ancak sekt\u00f6rdeki ustalar\u0131n hepsi alayl\u0131d\u0131r. Daha \u00f6nceki ustalar\u0131ndan ne g\u00f6rd\u00fcyse onu yaparlar. Ama in\u015faat malzemeleri, teknoloji, in\u015faatta yap\u0131m teknikleri her ge\u00e7en d\u00f6nem geli\u015fiyor. Bu nedenle sa\u011flam ve g\u00fcvenilir binalar istiyorsak \u00f6nce ustalara el at\u0131lmas\u0131 gerekir. Onlar\u0131n da en az 2 y\u0131ll\u0131k mesleki e\u011fitimden ge\u00e7irilmesinde b\u00fcy\u00fck fayda var.\u201d<\/p>\n<p style=\"font-weight: 400;\">&nbsp;<\/p>\n","protected":false},"excerpt":{"rendered":"<p>Karmar A\u015e \u0130cra Kurulu Ba\u015fkan\u0131 Emrullah Yedikarde\u015f: \u201cRuhsat say\u0131s\u0131ndaki art\u0131\u015f yan\u0131ltmas\u0131n\u201d 2024 YILINDA KONUT A\u00c7I\u011eI DAHA DA ARTACAK Karmar A\u015e \u0130cra Kurulu Ba\u015fkan\u0131 Emrullah Yedikarde\u015f uyard\u0131: \u201cRuhsat say\u0131s\u0131ndaki art\u0131\u015f konut \u00fcretiminin artaca\u011f\u0131n\u0131 g\u00f6stermiyor. Sekt\u00f6r \u00fcretim konusunda isteksiz. Gelecek sene konut a\u00e7\u0131\u011f\u0131 daha fazla olacak, fiyatlar d\u00fc\u015fmeyecek. Y\u0131ll\u0131k 100 bin sosyal konut \u00fcretimi a\u00e7\u0131\u011f\u0131n derinle\u015fmesini engellese [&hellip;]<\/p>\n","protected":false},"author":1,"featured_media":44387,"comment_status":"open","ping_status":"open","sticky":false,"template":"","format":"standard","meta":{"ngg_post_thumbnail":0},"categories":[5388],"tags":[16405],"_links":{"self":[{"href":"https:\/\/emlaktuel.com\/index.php?rest_route=\/wp\/v2\/posts\/44386"}],"collection":[{"href":"https:\/\/emlaktuel.com\/index.php?rest_route=\/wp\/v2\/posts"}],"about":[{"href":"https:\/\/emlaktuel.com\/index.php?rest_route=\/wp\/v2\/types\/post"}],"author":[{"embeddable":true,"href":"https:\/\/emlaktuel.com\/index.php?rest_route=\/wp\/v2\/users\/1"}],"replies":[{"embeddable":true,"href":"https:\/\/emlaktuel.com\/index.php?rest_route=%2Fwp%2Fv2%2Fcomments&post=44386"}],"version-history":[{"count":1,"href":"https:\/\/emlaktuel.com\/index.php?rest_route=\/wp\/v2\/posts\/44386\/revisions"}],"predecessor-version":[{"id":44388,"href":"https:\/\/emlaktuel.com\/index.php?rest_route=\/wp\/v2\/posts\/44386\/revisions\/44388"}],"wp:featuredmedia":[{"embeddable":true,"href":"https:\/\/emlaktuel.com\/index.php?rest_route=\/wp\/v2\/media\/44387"}],"wp:attachment":[{"href":"https:\/\/emlaktuel.com\/index.php?rest_route=%2Fwp%2Fv2%2Fmedia&parent=44386"}],"wp:term":[{"taxonomy":"category","embeddable":true,"href":"https:\/\/emlaktuel.com\/index.php?rest_route=%2Fwp%2Fv2%2Fcategories&post=44386"},{"taxonomy":"post_tag","embeddable":true,"href":"https:\/\/emlaktuel.com\/index.php?rest_route=%2Fwp%2Fv2%2Ftags&post=44386"}],"curies":[{"name":"wp","href":"https:\/\/api.w.org\/{rel}","templated":true}]}}