{"id":44273,"date":"2023-10-17T09:16:20","date_gmt":"2023-10-17T06:16:20","guid":{"rendered":"https:\/\/emlaktuel.com\/?p=44273"},"modified":"2023-10-17T09:16:20","modified_gmt":"2023-10-17T06:16:20","slug":"karting-6-ayakta-nefes-kesen-cekisme","status":"publish","type":"post","link":"https:\/\/emlaktuel.com\/?p=44273","title":{"rendered":"Karting 6. Ayakta Nefes Kesen \u00c7eki\u015fme"},"content":{"rendered":"<p><strong>Karting 6. Ayakta Nefes Kesen \u00c7eki\u015fme<\/strong><\/p>\n<p>2023 MOTUL T\u00fcrkiye Karting \u015eampiyonas\u0131 6. aya\u011f\u0131 olan N\u0130MOSK Karting Yar\u0131\u015f\u0131, 14-15 Ekim tarihlerinde Nimara Otomobil Spor Kul\u00fcb\u00fc (N\u0130MOSK) taraf\u0131ndan 5 ayr\u0131 kategoride 61 sporcunun kat\u0131l\u0131m\u0131 ile d\u00fczenlendi. ICRYPEX ana sponsorlu\u011funda, Marmaris Belediyesi ve Marmaris Ticaret Odas\u0131 katk\u0131lar\u0131yla TOSFED K\u00f6rfez Yar\u0131\u015f Pisti\u2019nde ger\u00e7ekle\u015fen organizasyonda, Cumartesi t\u00fcm kategorilerde ilk yar\u0131\u015flar\u0131n ard\u0131ndan Pazar g\u00fcn\u00fc iki\u015fer yar\u0131\u015f ko\u015fuldu.<\/p>\n<p>6-9 ya\u015f sporcular\u0131n kat\u0131l\u0131m\u0131na a\u00e7\u0131k micro kategoride Selim K\u00f6se birinci, Nihat Karadeniz ikinci, Olgun Y\u00fccel \u00fc\u00e7\u00fcnc\u00fc olurken, 7-12 ya\u015f aras\u0131 mini kategoride Can \u00d6zler birincili\u011fi, R\u00fczgar Evci ikincili\u011fi, Cem Karak\u00f6m\u00fcr ise \u00fc\u00e7\u00fcnc\u00fcl\u00fc\u011f\u00fc elde etti. 12-15 ya\u015f aras\u0131 junior kategoride ilk 3 s\u0131ra Ya\u011f\u0131z Topal, Hakk\u0131 Dorum, Leyla Sulyak \u015feklinde olu\u015furken, 14 ya\u015f \u00fczeri senior kategoride de G\u00fcn Ta\u015fdelen birinci, Sena Sava\u015fer ikinci, Ate\u015f Birinci \u00fc\u00e7\u00fcnc\u00fc oldu. 30 ya\u015f \u00fczeri master kategori ilk 3 s\u0131ras\u0131nda ise Muratcan E\u011filmez, \u0130lyas Vurge\u00e7 ve Murathan G\u00fcr yer ald\u0131. Kad\u0131nlar junior kategorisinde de birinci Leyla Sulyak olurken, senior kad\u0131nlarda Sena Sava\u015fer birincili\u011fi, Zeynep \u00c7ukurova ikincili\u011fi, Sudenur Yurdag\u00fcl de \u00fc\u00e7\u00fcnc\u00fcl\u00fc\u011f\u00fc elde etti. Dynamic Racing Team\u2019in tak\u0131mlar birincili\u011fini kazand\u0131\u011f\u0131 organizasyon, yar\u0131\u015f sonunda d\u00fczenlenen \u00f6d\u00fcl t\u00f6reni ile son buldu.<\/p>\n<p>2023 MOTUL T\u00fcrkiye Karting \u015eampiyonas\u0131, 25-26 Kas\u0131m tarihlerinde TOSFED K\u00f6rfez Yar\u0131\u015f Pisti\u2019nde Otomobil Sporlar\u0131nda Kad\u0131n Spor Kul\u00fcb\u00fc taraf\u0131ndan d\u00fczenlenecek 7. ayak yar\u0131\u015flar\u0131 ile son bulacak.<\/p>\n","protected":false},"excerpt":{"rendered":"<p>Karting 6. Ayakta Nefes Kesen \u00c7eki\u015fme 2023 MOTUL T\u00fcrkiye Karting \u015eampiyonas\u0131 6. aya\u011f\u0131 olan N\u0130MOSK Karting Yar\u0131\u015f\u0131, 14-15 Ekim tarihlerinde Nimara Otomobil Spor Kul\u00fcb\u00fc (N\u0130MOSK) taraf\u0131ndan 5 ayr\u0131 kategoride 61 sporcunun kat\u0131l\u0131m\u0131 ile d\u00fczenlendi. ICRYPEX ana sponsorlu\u011funda, Marmaris Belediyesi ve Marmaris Ticaret Odas\u0131 katk\u0131lar\u0131yla TOSFED K\u00f6rfez Yar\u0131\u015f Pisti\u2019nde ger\u00e7ekle\u015fen organizasyonda, Cumartesi t\u00fcm kategorilerde ilk yar\u0131\u015flar\u0131n [&hellip;]<\/p>\n","protected":false},"author":1,"featured_media":44274,"comment_status":"open","ping_status":"open","sticky":false,"template":"","format":"standard","meta":{"ngg_post_thumbnail":0},"categories":[5215],"tags":[17439],"_links":{"self":[{"href":"https:\/\/emlaktuel.com\/index.php?rest_route=\/wp\/v2\/posts\/44273"}],"collection":[{"href":"https:\/\/emlaktuel.com\/index.php?rest_route=\/wp\/v2\/posts"}],"about":[{"href":"https:\/\/emlaktuel.com\/index.php?rest_route=\/wp\/v2\/types\/post"}],"author":[{"embeddable":true,"href":"https:\/\/emlaktuel.com\/index.php?rest_route=\/wp\/v2\/users\/1"}],"replies":[{"embeddable":true,"href":"https:\/\/emlaktuel.com\/index.php?rest_route=%2Fwp%2Fv2%2Fcomments&post=44273"}],"version-history":[{"count":1,"href":"https:\/\/emlaktuel.com\/index.php?rest_route=\/wp\/v2\/posts\/44273\/revisions"}],"predecessor-version":[{"id":44275,"href":"https:\/\/emlaktuel.com\/index.php?rest_route=\/wp\/v2\/posts\/44273\/revisions\/44275"}],"wp:featuredmedia":[{"embeddable":true,"href":"https:\/\/emlaktuel.com\/index.php?rest_route=\/wp\/v2\/media\/44274"}],"wp:attachment":[{"href":"https:\/\/emlaktuel.com\/index.php?rest_route=%2Fwp%2Fv2%2Fmedia&parent=44273"}],"wp:term":[{"taxonomy":"category","embeddable":true,"href":"https:\/\/emlaktuel.com\/index.php?rest_route=%2Fwp%2Fv2%2Fcategories&post=44273"},{"taxonomy":"post_tag","embeddable":true,"href":"https:\/\/emlaktuel.com\/index.php?rest_route=%2Fwp%2Fv2%2Ftags&post=44273"}],"curies":[{"name":"wp","href":"https:\/\/api.w.org\/{rel}","templated":true}]}}