{"id":44196,"date":"2023-10-12T09:51:02","date_gmt":"2023-10-12T06:51:02","guid":{"rendered":"https:\/\/emlaktuel.com\/?p=44196"},"modified":"2023-10-12T09:51:02","modified_gmt":"2023-10-12T06:51:02","slug":"momenti-koltuk-takimi-ile-evlerinize-zarif-bir-dokunus","status":"publish","type":"post","link":"https:\/\/emlaktuel.com\/?p=44196","title":{"rendered":"Momenti koltuk tak\u0131m\u0131 ile evlerinize zarif bir dokunu\u015f"},"content":{"rendered":"<p><strong>Asalet ve zarafeti bir arada sevenlerin tercihi DO\u011eTA\u015e Momenti Koltuk Tak\u0131m\u0131 ile kullan\u0131c\u0131lar\u0131na ula\u015f\u0131yor. Momenti Koltuk Tak\u0131m\u0131, \u015f\u0131kl\u0131k ve fonksiyonelli\u011fi m\u00fckemmel bir \u015fekilde bir araya getiriyor.<\/strong><\/p>\n<p>Ev dekorasyonunda asalet ve zarafet arayanlar i\u00e7in tasarlanan Momenti Koltuk Tak\u0131m\u0131, d\u00fcz hatlar\u0131n\u0131n asil duru\u015fu ve deri dokusunun verdi\u011fi elegan g\u00f6r\u00fcn\u00fcm\u00fc ile evlerin yeni g\u00f6zdesi olmaya aday. \u00dcst\u00fcn oturum konforu sunan Momenti Koltuk Tak\u0131m\u0131, ayn\u0131 zamanda metal detayl\u0131 kol minderleri ile rahatl\u0131\u011f\u0131n\u0131z\u0131 destekliyor. Momenti Koltuk Tak\u0131m\u0131, \u015f\u0131kl\u0131k ve fonksiyonelli\u011fi m\u00fckemmel bir \u015fekilde bir araya getiriyor. Geriye takla atan s\u0131rt mekanizmas\u0131 sayesinde iste\u011fe g\u00f6re geni\u015f oturum alan\u0131 veya tek ki\u015filik yatak olarak kullanabilme imk\u00e2n\u0131 sunuyor. Bu \u00f6zellik, misafirlerinizi a\u011f\u0131rlarken veya dinlenmek istedi\u011finizde size ekstra konfor sa\u011flayacak.<\/p>\n<p><strong>KEY\u0130FL\u0130 ZAMANLARIN VAZGE\u00c7\u0130LMEZ K\u00d6\u015eES\u0130<\/strong><\/p>\n<p>Modern siyah metal ayaklar\u0131, farkl\u0131 tarz ve renkteki mobilyalar\u0131n\u0131zla kolayca kombin yapman\u0131za olanak tan\u0131rken, metal detayl\u0131 berjeri ise keyifli zamanlar\u0131n\u0131z\u0131n vazge\u00e7ilmez k\u00f6\u015fesinde yer al\u0131yor.<\/p>\n<p>Momenti Koltuk Tak\u0131m\u0131, evinize ayr\u0131cal\u0131kl\u0131 bir dokunu\u015f getirirken ayn\u0131 zamanda rahatl\u0131\u011f\u0131 da beraberinde sunuyor. Arch ve Costa koleksiyonlar\u0131 ile m\u00fckemmel bir uyum sa\u011flayarak ev dekorasyonunuzu tamaml\u0131yor. \u015e\u0131kl\u0131k ve konforu bir araya getirmek isteyenler i\u00e7in Momenti Koltuk Tak\u0131m\u0131, vazge\u00e7ilmez bir tercih olacak.&nbsp;<\/p>\n","protected":false},"excerpt":{"rendered":"<p>Asalet ve zarafeti bir arada sevenlerin tercihi DO\u011eTA\u015e Momenti Koltuk Tak\u0131m\u0131 ile kullan\u0131c\u0131lar\u0131na ula\u015f\u0131yor. Momenti Koltuk Tak\u0131m\u0131, \u015f\u0131kl\u0131k ve fonksiyonelli\u011fi m\u00fckemmel bir \u015fekilde bir araya getiriyor. Ev dekorasyonunda asalet ve zarafet arayanlar i\u00e7in tasarlanan Momenti Koltuk Tak\u0131m\u0131, d\u00fcz hatlar\u0131n\u0131n asil duru\u015fu ve deri dokusunun verdi\u011fi elegan g\u00f6r\u00fcn\u00fcm\u00fc ile evlerin yeni g\u00f6zdesi olmaya aday. \u00dcst\u00fcn oturum [&hellip;]<\/p>\n","protected":false},"author":1,"featured_media":44197,"comment_status":"open","ping_status":"open","sticky":false,"template":"","format":"standard","meta":{"ngg_post_thumbnail":0},"categories":[223,26],"tags":[17430],"_links":{"self":[{"href":"https:\/\/emlaktuel.com\/index.php?rest_route=\/wp\/v2\/posts\/44196"}],"collection":[{"href":"https:\/\/emlaktuel.com\/index.php?rest_route=\/wp\/v2\/posts"}],"about":[{"href":"https:\/\/emlaktuel.com\/index.php?rest_route=\/wp\/v2\/types\/post"}],"author":[{"embeddable":true,"href":"https:\/\/emlaktuel.com\/index.php?rest_route=\/wp\/v2\/users\/1"}],"replies":[{"embeddable":true,"href":"https:\/\/emlaktuel.com\/index.php?rest_route=%2Fwp%2Fv2%2Fcomments&post=44196"}],"version-history":[{"count":1,"href":"https:\/\/emlaktuel.com\/index.php?rest_route=\/wp\/v2\/posts\/44196\/revisions"}],"predecessor-version":[{"id":44198,"href":"https:\/\/emlaktuel.com\/index.php?rest_route=\/wp\/v2\/posts\/44196\/revisions\/44198"}],"wp:featuredmedia":[{"embeddable":true,"href":"https:\/\/emlaktuel.com\/index.php?rest_route=\/wp\/v2\/media\/44197"}],"wp:attachment":[{"href":"https:\/\/emlaktuel.com\/index.php?rest_route=%2Fwp%2Fv2%2Fmedia&parent=44196"}],"wp:term":[{"taxonomy":"category","embeddable":true,"href":"https:\/\/emlaktuel.com\/index.php?rest_route=%2Fwp%2Fv2%2Fcategories&post=44196"},{"taxonomy":"post_tag","embeddable":true,"href":"https:\/\/emlaktuel.com\/index.php?rest_route=%2Fwp%2Fv2%2Ftags&post=44196"}],"curies":[{"name":"wp","href":"https:\/\/api.w.org\/{rel}","templated":true}]}}