{"id":44168,"date":"2023-10-11T13:17:43","date_gmt":"2023-10-11T10:17:43","guid":{"rendered":"https:\/\/emlaktuel.com\/?p=44168"},"modified":"2023-10-11T13:17:43","modified_gmt":"2023-10-11T10:17:43","slug":"sylvana-istanbul-yeni-odeme-yontemiyle-luks-villa-sahibi-yapiyor","status":"publish","type":"post","link":"https:\/\/emlaktuel.com\/?p=44168","title":{"rendered":"Sylvana \u0130stanbul, Yeni \u00d6deme Y\u00f6ntemiyle L\u00fcks Villa Sahibi Yap\u0131yor"},"content":{"rendered":"<p><strong>Sylvana \u0130stanbul, Yeni \u00d6deme Y\u00f6ntemiyle L\u00fcks Villa Sahibi Yap\u0131yor<\/strong><\/p>\n<p><strong>Reportage T\u00fcrkiye<\/strong>, bah\u00e7eli s\u0131ra villalardan olu\u015fan <strong>\u201c<\/strong><strong>Sylvana \u0130stanbul\u201d <\/strong>projesiyle villa sahibi olmak isteyenlere \u00e7ok cazip bir f\u0131rsat sunuyor.<\/p>\n<p>Kampanya ile <strong>Reportage T\u00fcrkiye<\/strong>, pe\u015fin \u00f6demelerde ge\u00e7erli %40 indirimin yan\u0131 s\u0131ra, farkl\u0131 bir \u00f6deme y\u00f6ntemi olarak %15\u2019lik d\u00fc\u015f\u00fck bir pe\u015finat al\u0131p 3 ara \u00f6deme ve 24 ay boyunca e\u015fit %0,5 taksitlerle az katl\u0131, bah\u00e7eli, g\u00fcvenlikli ve bir\u00e7ok imk\u00e2n\u0131 bir arada bulunduran bir sitede ya\u015famak isteyenleri hayallerine kavu\u015fturuyor.<\/p>\n<p>Bah\u00e7eli s\u0131ra villa konseptiyle <strong>European Property Awards <\/strong>taraf\u0131ndan <strong>\u201cBest Townhouse Community\u201d <\/strong>kategorisinde \u00f6d\u00fcle uzanan <strong>Sylvana \u0130stanbul <\/strong>projesi, \u0130stanbul Bah\u00e7e\u015fehir\u2019de 44 bin metrekare alan \u00fczerinde 232 adet 4+1 b\u00fcy\u00fckl\u00fckte villalardan olu\u015fmaktad\u0131r.<\/p>\n<p>\u0130stanbul&#8217;un en g\u00f6zde ve dinamik semtlerinden birinde sakinlerine g\u00fcvenilir ve s\u00fcrd\u00fcr\u00fclebilir ya\u015fam deneyimini \u201ckendi olu\u015fturdu\u011fu konseptlerle\u201d sunan <strong>Sylvana \u0130stanbul<\/strong>, al\u0131\u015fveri\u015f merkezleri, restoranlar ve k\u00fclt\u00fcrel simge yap\u0131lar gibi \u015fehrin en g\u00f6zde cazibe merkezlerinin \u00e7o\u011funa yak\u0131n olarak konumlanmaktad\u0131r.<\/p>\n<p><strong>Reportage T\u00fcrkiye<\/strong>, <strong>Sylvana \u0130stanbul<\/strong> projesi hakk\u0131nda detayl\u0131 bilgi almak isteyenleri sat\u0131\u015f ofisinde a\u011f\u0131rlarken ayn\u0131 zamanda bo\u011faz\u0131n her iki yakas\u0131ndaki yeni projelerini de k\u0131sa zaman i\u00e7erisinde duyuracak.<\/p>\n<p>G\u00fcn\u00fcm\u00fczde Belarus, Birle\u015fik Arap Emirlikleri, Fas, M\u0131s\u0131r, Rusya Federasyonu, Suudi Arabistan, T\u00fcrkiye ve Uganda olmak \u00fczere 8 farkl\u0131 \u00fclkede faaliyet g\u00f6steren <strong>Reportage Properties<\/strong>\u2019in toplam 28 in\u015faat projesi bulunmaktad\u0131r.<\/p>\n<p>Proje hakk\u0131nda detayl\u0131 bilgi almak i\u00e7in www.reportage.com.tr adresini ziyaret edebilir veya 444 4 515 numaral\u0131 telefondan ula\u015fabilirsiniz.<\/p>\n","protected":false},"excerpt":{"rendered":"<p>Sylvana \u0130stanbul, Yeni \u00d6deme Y\u00f6ntemiyle L\u00fcks Villa Sahibi Yap\u0131yor Reportage T\u00fcrkiye, bah\u00e7eli s\u0131ra villalardan olu\u015fan \u201cSylvana \u0130stanbul\u201d projesiyle villa sahibi olmak isteyenlere \u00e7ok cazip bir f\u0131rsat sunuyor. Kampanya ile Reportage T\u00fcrkiye, pe\u015fin \u00f6demelerde ge\u00e7erli %40 indirimin yan\u0131 s\u0131ra, farkl\u0131 bir \u00f6deme y\u00f6ntemi olarak %15\u2019lik d\u00fc\u015f\u00fck bir pe\u015finat al\u0131p 3 ara \u00f6deme ve 24 ay boyunca [&hellip;]<\/p>\n","protected":false},"author":1,"featured_media":44169,"comment_status":"open","ping_status":"open","sticky":false,"template":"","format":"standard","meta":{"ngg_post_thumbnail":0},"categories":[219,5388],"tags":[17421,17418,17420,17419],"_links":{"self":[{"href":"https:\/\/emlaktuel.com\/index.php?rest_route=\/wp\/v2\/posts\/44168"}],"collection":[{"href":"https:\/\/emlaktuel.com\/index.php?rest_route=\/wp\/v2\/posts"}],"about":[{"href":"https:\/\/emlaktuel.com\/index.php?rest_route=\/wp\/v2\/types\/post"}],"author":[{"embeddable":true,"href":"https:\/\/emlaktuel.com\/index.php?rest_route=\/wp\/v2\/users\/1"}],"replies":[{"embeddable":true,"href":"https:\/\/emlaktuel.com\/index.php?rest_route=%2Fwp%2Fv2%2Fcomments&post=44168"}],"version-history":[{"count":1,"href":"https:\/\/emlaktuel.com\/index.php?rest_route=\/wp\/v2\/posts\/44168\/revisions"}],"predecessor-version":[{"id":44170,"href":"https:\/\/emlaktuel.com\/index.php?rest_route=\/wp\/v2\/posts\/44168\/revisions\/44170"}],"wp:featuredmedia":[{"embeddable":true,"href":"https:\/\/emlaktuel.com\/index.php?rest_route=\/wp\/v2\/media\/44169"}],"wp:attachment":[{"href":"https:\/\/emlaktuel.com\/index.php?rest_route=%2Fwp%2Fv2%2Fmedia&parent=44168"}],"wp:term":[{"taxonomy":"category","embeddable":true,"href":"https:\/\/emlaktuel.com\/index.php?rest_route=%2Fwp%2Fv2%2Fcategories&post=44168"},{"taxonomy":"post_tag","embeddable":true,"href":"https:\/\/emlaktuel.com\/index.php?rest_route=%2Fwp%2Fv2%2Ftags&post=44168"}],"curies":[{"name":"wp","href":"https:\/\/api.w.org\/{rel}","templated":true}]}}