{"id":43990,"date":"2023-09-29T10:13:10","date_gmt":"2023-09-29T07:13:10","guid":{"rendered":"https:\/\/emlaktuel.com\/?p=43990"},"modified":"2023-09-29T10:13:10","modified_gmt":"2023-09-29T07:13:10","slug":"akanada-cennetten-bir-gece","status":"publish","type":"post","link":"https:\/\/emlaktuel.com\/?p=43990","title":{"rendered":"Akana&#8217;da cennetten bir gece!"},"content":{"rendered":"<p style=\"font-weight: 400;\"><strong><u>MAHAL BODRUM EMLAK SEKT\u00d6R\u00dcNE TANITILDI<\/u><\/strong><\/p>\n<p style=\"font-weight: 400;\"><strong>AKANA\u2019DA CENNET\u2019TEN B\u0130R GECE!<\/strong><\/p>\n<p style=\"font-weight: 400;\"><strong>\u0130mza projeleriyle Bodrum turizmine b\u00fcy\u00fck katk\u0131 sa\u011flayan \u00c7a\u011fda\u015f Holding, Decosta Grup ortakl\u0131\u011f\u0131nda geli\u015ftirdi\u011fi&nbsp; Mahal Bodrum projesinin lansman\u0131n\u0131, Akana Cennet Koyu\u2019nda Bodrum emlak piyasas\u0131n\u0131n nabz\u0131n\u0131 tutan sekt\u00f6r i\u015f birlik\u00e7ilerinin kat\u0131l\u0131m\u0131yla d\u00fczenlenen g\u00f6rkemli bir davet ile ger\u00e7ekle\u015ftirdi.<\/strong><\/p>\n<p style=\"font-weight: 400;\">&nbsp;<\/p>\n<p style=\"font-weight: 400;\">30 y\u0131l\u0131 a\u015fk\u0131n s\u00fcredir Bodrum\u2019un turizminde marka imaj\u0131n\u0131 g\u00fc\u00e7lendirecek projelere ve i\u015f birliklerine imza atan \u00c7a\u011fda\u015f Holding, Decosta Grup ortakl\u0131\u011f\u0131yla geli\u015ftirdi\u011fi Mahal Bodrum projesinin lansman\u0131n\u0131, Bodrum emlak piyasas\u0131n\u0131n nabz\u0131n\u0131 tutan gayrimenkul uzmanlar\u0131n\u0131n ve&nbsp; emlak sekt\u00f6r\u00fcn\u00fcn \u00f6nc\u00fclerinin kat\u0131l\u0131m\u0131yla ger\u00e7ekle\u015ftirdi.<\/p>\n<p><img loading=\"lazy\" class=\"alignnone size-full wp-image-43992\" src=\"https:\/\/emlaktuel.com\/wp-content\/uploads\/2023\/09\/IMG_20230929_100731.jpg\" alt=\"\" width=\"1080\" height=\"619\"><\/p>\n<p style=\"font-weight: 400;\">\u00c7a\u011fda\u015f Holding Y\u00f6netim Kurulu \u00fcyesi Da\u011flarca \u00c7a\u011flar\u2019\u0131n ev sahipli\u011finde,&nbsp; Bodrum\u2019un en g\u00f6zde butik otellerinden biri olan&nbsp; Akana Cennet Koyu\u2019nun otantik atmosferinde d\u00fczenlenen lansman gecesi,&nbsp;davetlilerin b\u00fcy\u00fck be\u011fenisini toplad\u0131. Lansman,&nbsp; Bodrum emlak piyasas\u0131n\u0131n nabz\u0131n\u0131 tutan kurumsal ve bireysel emlak \u015firketlerinin kat\u0131l\u0131m\u0131yla ger\u00e7ekle\u015ftirildi.&nbsp; Yakla\u015f\u0131k 400 emlak\u00e7\u0131n\u0131n kat\u0131ld\u0131\u011f\u0131 davette davette,&nbsp;<strong>\u00c7a\u011fda\u015f Holding Y\u00f6netim Kurulu \u00fcyesi Da\u011flarca \u00c7a\u011flar<\/strong>&nbsp;projenin \u00f6zellikleri ve ayr\u0131cal\u0131klar\u0131ndan bahsetti.&nbsp;Da\u011flarca \u00c7a\u011flar Konac\u0131k mahallesindeki 2\u2019ici projelerine ba\u015flad\u0131klar\u0131n\u0131 ifade ederek \u201c\u0130lk etab\u0131m\u0131zda m\u00fcstakil havuzlu villalar\u0131m\u0131z\u0131 tamamlam\u0131\u015ft\u0131k. 2\u2019inci etab\u0131m\u0131zda yakla\u015f\u0131k 40 anahtar\u0131m\u0131z olacak bunlarda 16 tane bah\u00e7eli daire, 24 adet m\u00fcstakil villam\u0131z olacak. Bunlar\u0131n yan\u0131 s\u0131ra 1700 metre karelik bir sosyal ya\u015fam alan\u0131 olacak. Projemizde ev sahiplerimizin t\u00fcm ihtiya\u00e7lar\u0131n\u0131 kar\u015f\u0131layacak bir ya\u015fam alan\u0131 ve mahalle s\u0131cakl\u0131\u011f\u0131 olu\u015faca\u011f\u0131m\u0131z\u0131 d\u00fc\u015f\u00fcnd\u00fc\u011f\u00fcm\u00fcz i\u00e7in Mahal Bodrum ismini verdik. \u00c7ok nitelikli, de\u011fer katan bir i\u015f olaca\u011f\u0131na inan\u0131yoruz. \u0130n\u015fallah \u00f6n\u00fcm\u00fczdeki ay in\u015faat s\u00fcrecine de ba\u015flam\u0131\u015f olaca\u011f\u0131z. \u0130n\u015faat s\u00fcrecimiz yakla\u015f\u0131k 2 y\u0131l s\u00fcrecek 2025 May\u0131s ay\u0131nda evleri teslim edece\u011fimizi \u00f6n g\u00f6r\u00fcyoruz. Bodrum\u2019un 2 in\u015faat sezonun da projemizi anahtar teslim hale getirmi\u015f olaca\u011f\u0131z. Biz Bodrum\u2019un 12 ay ya\u015fan\u0131l\u0131r oldu\u011funa inanan insanlar\u0131z. Burada ya\u015f\u0131yor ve g\u00f6r\u00fcyoruz bu talebi. Bodrum\u2019un 12 ay ya\u015fam noktas\u0131nda yeni bir yap\u0131la\u015fmaya ihtiyac\u0131 var. Konac\u0131k buna \u00e7ok m\u00fcsait. Bodrum\u2019un hem merkezinde hem de tepede sessizli\u011fin i\u00e7erisindesiniz. 12 ay ya\u015fama uygun hem yerli hem yabanc\u0131lar\u0131n taleplerini kar\u015f\u0131layaca\u011f\u0131m\u0131z bir proje oldu\u201d dedi.&nbsp;<\/p>\n<p style=\"font-weight: 400;\">Emir Ersoy ve orkestras\u0131n\u0131n sahne performans\u0131yla g\u00f6n\u00fcllerince e\u011flenerek yaza veda eden davetlilier, bir anda bast\u0131ran ya\u011fmura ald\u0131r\u0131\u015f etmeden bir yandan e\u011flendi di\u011fer yandan ise projeyi inceledi.<\/p>\n<h2 style=\"font-weight: 400;\"><strong>KENT\u0130N KALB\u0130NDE, DO\u011eA \u0130LE \u0130\u00c7 \u0130\u00c7E<\/strong><\/h2>\n<p style=\"font-weight: 400;\">Mahal Bodrum, segmentinin en \u00f6zel projelerinden biri olarak dikkat \u00e7ekiyor., her villaya \u00f6zel y\u00fczme havuzu, bah\u00e7e ve otopark\u0131n bulundu\u011fu 24 adet villa ve 16 daireden olu\u015fan proje, Bodrum\u2019un yeni i\u015f, sosyal ve ya\u015fam merkezi haline d\u00f6n\u00fc\u015fen Konac\u0131k\u2019ta konumlan\u0131yor.<\/p>\n<p style=\"font-weight: 400;\">Kent merkezinde ya\u015faman\u0131n sundu\u011fu avantajlarla, muhte\u015fem bir manzaraya kar\u015f\u0131 zaman\u0131n durdu\u011fu huzurlu bir sessizlik ve dinginli\u011fi bir arada ya\u015fatan Mahal Bodrum, estetik mimarisi, inceliklerle donat\u0131lm\u0131\u015f fonksiyonel ya\u015fam alanlar\u0131, projeye \u00f6zel sosyal tesisi ve kent merkezine yak\u0131n konumu ile Konac\u0131k\u2019\u0131n geli\u015fen ya\u015fam ve yat\u0131r\u0131m trendine y\u00f6n verecek se\u00e7kin ve ayr\u0131cal\u0131klarla dolu bir ya\u015fam sunuyor.<\/p>\n<h2 style=\"font-weight: 400;\"><strong>PANORAM\u0130K MANZARASIYLA D\u0130KKAT \u00c7EK\u0130YOR<\/strong><\/h2>\n<p style=\"font-weight: 400;\">Do\u011fal y\u00fckseltilerden olu\u015fan tepe yamac\u0131ndaki konumu ile yama\u00e7 korunun kollar\u0131nda, kentin kalbinde, denizin tam kar\u015f\u0131s\u0131nda bulunan Mahal Bodrum\u2019da her mevsim denizin ve do\u011fan\u0131n b\u00fcr\u00fcnd\u00fc\u011f\u00fc onlarca renge sahip e\u015fsiz panoramik manzaray\u0131 evinizin her k\u00f6\u015fesinden izlemeniz m\u00fcmk\u00fcn. Yama\u00e7 korunun kucaklad\u0131\u011f\u0131 Mahal Bodrum, Karaada manzaras\u0131ndan G\u00fcmbet, Bitez ve Yah\u015fi koyu da dahil olmak \u00fczere Bodrum Yar\u0131madas\u0131\u2019n\u0131n t\u00fcm g\u00fcney k\u0131y\u0131lar\u0131n\u0131n do\u011fal sil\u00fcetini g\u00f6zler \u00f6n\u00fcne seriyor.<\/p>\n<h2 style=\"font-weight: 400;\"><strong>\u0130K\u0130NC\u0130 KAT DA\u0130RELERDE B\u0130LE BAH\u00c7E KEYF\u0130<\/strong><\/h2>\n<p style=\"font-weight: 400;\">Yama\u00e7ta boylu boyunca uzanan konumu sayesinde t\u00fcm dairelerin alt kat veya \u00fcst kat farketmesizin konuta \u00f6zel bah\u00e7esi bulunan projede, her ev Bodrum\u2019un manzaras\u0131na kar\u015f\u0131 konumlanm\u0131\u015f seyir teras\u0131 ayr\u0131cal\u0131\u011f\u0131 ta\u015f\u0131yor.&nbsp; Bodrum\u2019un kas\u0131m ay\u0131na kadar s\u00fcren ve sar\u0131 yaz olarak adland\u0131r\u0131lan uzun yaz mevsiminde \u00f6nemli bir yer tutan bah\u00e7e kullan\u0131m\u0131n\u0131 ikinci kat dairelere de ta\u015f\u0131yan proje, dairelere de villa keyfini ya\u015fat\u0131yor.<\/p>\n<h2 style=\"font-weight: 400;\"><strong>12 AY BODRUM YA\u015eAMINA UYUMLU<\/strong><\/h2>\n<p style=\"font-weight: 400;\">Projelerinde kulland\u0131\u011f\u0131 in\u015faat malzemeleri, kalitesi ve g\u00fcvenirli\u011fi konusunda 30 y\u0131ld\u0131r g\u00fcvenin sembol\u00fc haline gelen \u00c7a\u011fda\u015f Holding, bu projede de hem malzeme kalitesi hem de ya\u015fam alanlar\u0131yla incelikli ve fonksiyonel detaylar\u0131 bir arada sunuyor. Cephedeki do\u011fayla uyumlu ta\u015f kaplamas\u0131ndan i\u00e7 mekanda yerden \u0131s\u0131tmas\u0131na, geni\u015f bah\u00e7e alanlar\u0131ndan tam donan\u0131ml\u0131 sosyal tesisine kadar Mahal Bodrum, Bodrum\u2019da 12 ay t\u00fcm beklentileri kar\u015f\u0131layacak dolu dolu bir ya\u015fam vadediyor.&nbsp;<\/p>\n","protected":false},"excerpt":{"rendered":"<p>MAHAL BODRUM EMLAK SEKT\u00d6R\u00dcNE TANITILDI AKANA\u2019DA CENNET\u2019TEN B\u0130R GECE! \u0130mza projeleriyle Bodrum turizmine b\u00fcy\u00fck katk\u0131 sa\u011flayan \u00c7a\u011fda\u015f Holding, Decosta Grup ortakl\u0131\u011f\u0131nda geli\u015ftirdi\u011fi&nbsp; Mahal Bodrum projesinin lansman\u0131n\u0131, Akana Cennet Koyu\u2019nda Bodrum emlak piyasas\u0131n\u0131n nabz\u0131n\u0131 tutan sekt\u00f6r i\u015f birlik\u00e7ilerinin kat\u0131l\u0131m\u0131yla d\u00fczenlenen g\u00f6rkemli bir davet ile ger\u00e7ekle\u015ftirdi. &nbsp; 30 y\u0131l\u0131 a\u015fk\u0131n s\u00fcredir Bodrum\u2019un turizminde marka imaj\u0131n\u0131 g\u00fc\u00e7lendirecek projelere [&hellip;]<\/p>\n","protected":false},"author":1,"featured_media":43991,"comment_status":"open","ping_status":"open","sticky":false,"template":"","format":"standard","meta":{"ngg_post_thumbnail":0},"categories":[219,5388],"tags":[],"_links":{"self":[{"href":"https:\/\/emlaktuel.com\/index.php?rest_route=\/wp\/v2\/posts\/43990"}],"collection":[{"href":"https:\/\/emlaktuel.com\/index.php?rest_route=\/wp\/v2\/posts"}],"about":[{"href":"https:\/\/emlaktuel.com\/index.php?rest_route=\/wp\/v2\/types\/post"}],"author":[{"embeddable":true,"href":"https:\/\/emlaktuel.com\/index.php?rest_route=\/wp\/v2\/users\/1"}],"replies":[{"embeddable":true,"href":"https:\/\/emlaktuel.com\/index.php?rest_route=%2Fwp%2Fv2%2Fcomments&post=43990"}],"version-history":[{"count":1,"href":"https:\/\/emlaktuel.com\/index.php?rest_route=\/wp\/v2\/posts\/43990\/revisions"}],"predecessor-version":[{"id":43993,"href":"https:\/\/emlaktuel.com\/index.php?rest_route=\/wp\/v2\/posts\/43990\/revisions\/43993"}],"wp:featuredmedia":[{"embeddable":true,"href":"https:\/\/emlaktuel.com\/index.php?rest_route=\/wp\/v2\/media\/43991"}],"wp:attachment":[{"href":"https:\/\/emlaktuel.com\/index.php?rest_route=%2Fwp%2Fv2%2Fmedia&parent=43990"}],"wp:term":[{"taxonomy":"category","embeddable":true,"href":"https:\/\/emlaktuel.com\/index.php?rest_route=%2Fwp%2Fv2%2Fcategories&post=43990"},{"taxonomy":"post_tag","embeddable":true,"href":"https:\/\/emlaktuel.com\/index.php?rest_route=%2Fwp%2Fv2%2Ftags&post=43990"}],"curies":[{"name":"wp","href":"https:\/\/api.w.org\/{rel}","templated":true}]}}