{"id":43956,"date":"2023-09-27T12:11:13","date_gmt":"2023-09-27T09:11:13","guid":{"rendered":"https:\/\/emlaktuel.com\/?p=43956"},"modified":"2023-09-27T12:11:13","modified_gmt":"2023-09-27T09:11:13","slug":"tkyd-anadolu-panelleri-eskisehirde-duzenlendi-eskisehir-kurumsal-yonetimde-rol-model-sehir-olabilir","status":"publish","type":"post","link":"https:\/\/emlaktuel.com\/?p=43956","title":{"rendered":"TKYD \u201cAnadolu Panelleri\u201d Eski\u015fehir\u2019de d\u00fczenlendi. Eski\u015fehir, Kurumsal Y\u00f6netimde Rol Model \u015eehir Olabilir"},"content":{"rendered":"<p><strong><u>TKYD \u201cAnadolu Panelleri\u201d Eski\u015fehir\u2019de d\u00fczenlendi. <\/u><\/strong><strong>Eski\u015fehir, Kurumsal Y\u00f6netimde Rol Model \u015eehir Olabilir<\/strong><\/p>\n<p><strong>T\u00fcrkiye Kurumsal Y\u00f6netim Derne\u011fi\u2019nin (TKYD), kurumsal y\u00f6netimi yurt \u00e7ap\u0131na yaymak amac\u0131yla s\u00fcrd\u00fcrd\u00fc\u011f\u00fc faaliyetler kapsam\u0131nda d\u00fczenledi\u011fi \u201cAnadolu Panelleri\u201dnin yeni dura\u011f\u0131 Eski\u015fehir oldu. TKYD Y\u00f6netim Kurulu Ba\u015fkan\u0131 Dr. Tamer Saka, TKYD\u2019nin kurumsal y\u00f6netim temel bile\u015fenlerinin daha iyi anla\u015f\u0131ld\u0131\u011f\u0131, daha fazla i\u00e7selle\u015ftirildi\u011fi ve ger\u00e7ek anlamda hayata ge\u00e7irildi\u011fi bir anlay\u0131\u015f\u0131n yerle\u015fmesine katk\u0131 sa\u011flamay\u0131 hedefledi\u011fini belirtti. <\/strong><\/p>\n<p><strong>&nbsp;<\/strong><strong>T\u00fcrkiye Kurumsal Y\u00f6netim Derne\u011fi (TKYD)<\/strong>, kurumsal y\u00f6netimi yurt \u00e7ap\u0131na yaymak amac\u0131yla s\u00fcrd\u00fcrd\u00fc\u011f\u00fc faaliyetler kapsam\u0131nda 2022 y\u0131l\u0131nda 10 ilde d\u00fczenledi\u011fi \u201cAnadolu Panelleri\u201dne, 2023 y\u0131l\u0131nda da devam ediyor. Bu y\u0131lki temas\u0131 <strong>&#8220;Kurumsal Y\u00f6netim ve S\u00fcrd\u00fcr\u00fclebilirlik&#8221;<\/strong> olan etkinli\u011fin ilk dura\u011f\u0131 26 Eyl\u00fcl\u2019de Eski\u015fehir oldu.<\/p>\n<p>Eski\u015fehir Sanayi Odas\u0131\u2019nda ger\u00e7ekle\u015fen a\u00e7\u0131l\u0131\u015f konu\u015fmalar\u0131n\u0131n ard\u0131ndan d\u00fczenlenen panelde moderat\u00f6rl\u00fc\u011f\u00fcn\u00fc Nas\u0131l Bir Ekonomi Gazetesi Genel Koordinat\u00f6r\u00fc ve K\u00f6\u015fe Yazar\u0131 <strong>Vahap Munyar<\/strong> yaparken, T\u00fcrkiye Kurumsal Y\u00f6netim Derne\u011fi Y\u00f6netim Kurulu Ba\u015fkan\u0131 <strong>Dr. Tamer Saka<\/strong>, Eski\u015fehir Sanayi Odas\u0131 Y\u00f6netim Kurulu Ba\u015fkan\u0131 <strong>Celalettin Kesikba\u015f<\/strong>, T\u00fcrkiye Raporu Direkt\u00f6r\u00fc ve TKYD Ekonomi Dan\u0131\u015fman\u0131 <strong>Can Sel\u00e7uki<\/strong> konu\u015fmac\u0131 olarak yer ald\u0131.<\/p>\n<h2><strong>Eski\u015fehir Sanayisi Olarak De\u011fi\u015fimin Her Zaman \u00d6nc\u00fcs\u00fcy\u00fcz<\/strong><\/h2>\n<p>Etkinli\u011fin a\u00e7\u0131l\u0131\u015f konu\u015fmas\u0131n\u0131 yapan <strong>Eski\u015fehir Sanayi Odas\u0131 Y\u00f6netim Kurulu Ba\u015fkan\u0131 Celalettin Kesikba\u015f,<\/strong> \u00e7ok \u00f6nemli bir panelin i\u00e7inde olmaktan mutluluk duydu\u011funu belirterek, \u201cEski\u015fehir Sanayi Odas\u0131 ev sahipli\u011finde \u00f6nemli bir panel ger\u00e7ekle\u015ftirdik. Kurumsal y\u00f6netim ve s\u00fcrd\u00fcr\u00fclebilirlik \u015firketlerimizin olmazsa olmazlar\u0131ndan. D\u00fcnya de\u011fi\u015fiyor, paradigmalar de\u011fi\u015fiyor, \u00fcretim \u015fekillerimiz de\u011fi\u015fiyor, d\u00fcnyaya bak\u0131\u015f ve ileti\u015fim \u015fekillerimiz de\u011fi\u015fiyor. Bu anlamda Eski\u015fehir sanayisi olarak da bu de\u011fi\u015fimin her zaman \u00f6nc\u00fcs\u00fcy\u00fcz ancak mutlaka geli\u015ftirmemiz ve \u00fcst seviyeye getirmemiz gerekiyor.\u201d dedi.<\/p>\n<h2><strong>T\u00fcm Alanlarda Yol G\u00f6sterici Olma Misyonuyla Hareket Ediyoruz<\/strong><\/h2>\n<p><strong>TKYD Y\u00f6netim Kurulu Ba\u015fkan\u0131 Dr. Tamer Saka <\/strong>\u201cTKYD olarak \u2018Kurumsal Y\u00f6netim\u2019 anlay\u0131\u015f\u0131n\u0131n \u00fclkede tan\u0131nmas\u0131, geli\u015fmesi ve en iyi uygulamalar\u0131yla hayata ge\u00e7irilmesi amac\u0131yla 2003 y\u0131l\u0131ndan itibaren faaliyetlerimizi y\u00fcr\u00fct\u00fcyoruz. Adillik, \u015feffafl\u0131k, hesap verebilirlik ve sorumluluk ilkeleri \u00fczerine in\u015fa edilen kurumsal y\u00f6netim anlay\u0131\u015f\u0131n\u0131n, etki etti\u011fi t\u00fcm alanlarda yol g\u00f6sterici olma misyonuyla hareket ediyoruz.<\/p>\n<h2><strong>Eski\u015fehir Avrupa \u00dclkelerini Yakalad\u0131<\/strong><\/h2>\n<p>Eski\u015fehir, tarihin her d\u00f6neminde, \u00f6nemli bir ticari, ekonomik ve stratejik noktada olmu\u015ftur. Geni\u015f ve verimli ovalar\u0131, Anadolu&#8217;yu bat\u0131 do\u011fu ve kuzey g\u00fcney do\u011frultular\u0131nda kesen do\u011fal yollar\u0131n Eski\u015fehir&#8217;de bulu\u015fmas\u0131, bu yollar\u0131n askeri ve ticari \u00f6nemi, b\u00f6lgenin hep g\u00f6\u00e7 almas\u0131n\u0131n temel nedenleri aras\u0131ndad\u0131r. Eski\u015fehir, yenilemeye ve geli\u015fmeye doymayan bir \u015fehirdir. Her g\u00fcn yeni bir proje ile kar\u015f\u0131m\u0131za \u00e7\u0131kan Eski\u015fehir, g\u00f6r\u00fcnt\u00fcs\u00fc ile art\u0131k Avrupa \u00fclkelerini yakalam\u0131\u015ft\u0131r.<\/p>\n<h2><strong>\u0130yi Y\u00f6netim, \u0130yi Yat\u0131r\u0131m \u00c7eker<\/strong><\/h2>\n<p>TKYD olarak kurumsal y\u00f6netim temel bile\u015fenlerinin daha iyi anla\u015f\u0131ld\u0131\u011f\u0131, daha fazla i\u00e7selle\u015ftirildi\u011fi ve ger\u00e7ek anlamda hayata ge\u00e7irildi\u011fi bir anlay\u0131\u015f\u0131n yerle\u015fmesine katk\u0131 sa\u011flamay\u0131 hedefliyoruz. Bu de\u011fi\u015fimi yaln\u0131zca kendi \u015firketimiz i\u00e7in de\u011fil, \u00fclkemizin, toplumumuzun refah\u0131 i\u00e7in de ger\u00e7ekle\u015ftirmeliyiz. \u00c7\u00fcnk\u00fc t\u00fcm d\u00fcnyada oldu\u011fu gibi \u00fclkemizde de iyi y\u00f6netim, iyi yat\u0131r\u0131m \u00e7eker. \u015eirketlerin \u00e7ok daha uzun \u00f6m\u00fcrl\u00fc olabilmeleri, rekabet edebilirlikleri ne kadar kurumsal y\u00f6netildiklerine ba\u011fl\u0131d\u0131r.<\/p>\n<h2><strong>Eski\u015fehir\u2019e Kurumsal Y\u00f6netim Deste\u011fine Haz\u0131r\u0131z<\/strong><\/h2>\n<p><strong>Saka<\/strong>, panel sonunda yapt\u0131\u011f\u0131 kapan\u0131\u015f konu\u015fmas\u0131nda da \u201cYeterli seviyede olursa Eski\u015fehir&#8217;e yat\u0131r\u0131m yapmaya haz\u0131r\u0131z. Eski\u015fehir&#8217;deki gen\u00e7lerimizi \u0130stanbul&#8217;daki mentorlarla bir araya getirebiliriz. Y\u00f6netim Kurulu \u00dcyeli\u011fi Mentorluk ve Geli\u015ftirme program\u0131m\u0131z ve Kurumsal Y\u00f6netim Olgunluk Testi hizmetimiz var. Gen\u00e7lerimizin de \u015firketlerin gelece\u011fi a\u00e7\u0131s\u0131ndan bu faaliyetlerimizde yer almas\u0131n\u0131 isteriz. Biz bu konuyu kendisine ama\u00e7 edinmi\u015f bir toplulu\u011fuz ve her t\u00fcrl\u00fc deste\u011fe haz\u0131r\u0131z.\u201d diyerek s\u00f6zlerini tamamlad\u0131.<\/p>\n<h2><strong>2024 y\u0131l\u0131nda daha k\u00fc\u00e7\u00fck bir b\u00fcy\u00fcme bizi bekliyor<\/strong><\/h2>\n<p>Panel \u00f6ncesinde &#8220;T\u00fcrkiye&#8217;nin Politik ve Ekonomik G\u00fcndemi&#8221; ile ilgili a\u00e7\u0131klamalarda bulunan T\u00fcrkiye Raporu Direkt\u00f6r\u00fc ve TKYD Ekonomi Dan\u0131\u015fman\u0131 <strong>Can Sel\u00e7uki <\/strong>de<strong>, \u201c<\/strong>T\u00fcrkiye s\u0131k\u0131nt\u0131l\u0131 bir d\u00f6nemden ge\u00e7iyor, akut makroekonomik s\u0131k\u0131nt\u0131lar mevcut. Cumhuriyet kuruldu\u011fundan beri b\u00fcy\u00fcme rakamlar\u0131na bak\u0131ld\u0131\u011f\u0131nda y\u00fczde 5.5-7 aras\u0131 de\u011fi\u015fti\u011fini g\u00f6r\u00fcyoruz. 2024 y\u0131l\u0131nda daha k\u00fc\u00e7\u00fck bir b\u00fcy\u00fcme bizi bekliyor. Merkez Bankas\u0131&#8217;n\u0131n att\u0131\u011f\u0131 ad\u0131mlar son derece do\u011fru. T\u00fcrkiye muadil \u00fclkelere ra\u011fmen \u00e7ok y\u00fcksek reel, negatif faiz veriyor. Birinci meselemiz bu, ikincisi ise \u00f6n\u00fcm\u00fczdeki yerel se\u00e7imden dolay\u0131 s\u0131k\u0131la\u015fmas\u0131 gereken mali para politikas\u0131n\u0131n ne kadar s\u00fcrece\u011fi. 2024 y\u0131l\u0131 i\u00e7in cari a\u00e7\u0131\u011f\u0131m\u0131z\u0131n \u00f6ng\u00f6r\u00fclenden daha fazla olaca\u011f\u0131n\u0131 de\u011ferlendiriyorum. \u00d6zel sekt\u00f6r\u00fcn k\u0131sa vadeli yabanc\u0131 para cinsinden bor\u00e7lanma miktar\u0131 hala \u00e7ok fazla.\u201d \u015feklinde g\u00f6r\u00fc\u015flerini dile getirdi.<\/p>\n<p>&nbsp;<\/p>\n<p>&nbsp;<\/p>\n","protected":false},"excerpt":{"rendered":"<p>TKYD \u201cAnadolu Panelleri\u201d Eski\u015fehir\u2019de d\u00fczenlendi. Eski\u015fehir, Kurumsal Y\u00f6netimde Rol Model \u015eehir Olabilir T\u00fcrkiye Kurumsal Y\u00f6netim Derne\u011fi\u2019nin (TKYD), kurumsal y\u00f6netimi yurt \u00e7ap\u0131na yaymak amac\u0131yla s\u00fcrd\u00fcrd\u00fc\u011f\u00fc faaliyetler kapsam\u0131nda d\u00fczenledi\u011fi \u201cAnadolu Panelleri\u201dnin yeni dura\u011f\u0131 Eski\u015fehir oldu. TKYD Y\u00f6netim Kurulu Ba\u015fkan\u0131 Dr. Tamer Saka, TKYD\u2019nin kurumsal y\u00f6netim temel bile\u015fenlerinin daha iyi anla\u015f\u0131ld\u0131\u011f\u0131, daha fazla i\u00e7selle\u015ftirildi\u011fi ve ger\u00e7ek anlamda hayata [&hellip;]<\/p>\n","protected":false},"author":1,"featured_media":43957,"comment_status":"open","ping_status":"open","sticky":false,"template":"","format":"standard","meta":{"ngg_post_thumbnail":0},"categories":[26],"tags":[17381,11518,17380],"_links":{"self":[{"href":"https:\/\/emlaktuel.com\/index.php?rest_route=\/wp\/v2\/posts\/43956"}],"collection":[{"href":"https:\/\/emlaktuel.com\/index.php?rest_route=\/wp\/v2\/posts"}],"about":[{"href":"https:\/\/emlaktuel.com\/index.php?rest_route=\/wp\/v2\/types\/post"}],"author":[{"embeddable":true,"href":"https:\/\/emlaktuel.com\/index.php?rest_route=\/wp\/v2\/users\/1"}],"replies":[{"embeddable":true,"href":"https:\/\/emlaktuel.com\/index.php?rest_route=%2Fwp%2Fv2%2Fcomments&post=43956"}],"version-history":[{"count":1,"href":"https:\/\/emlaktuel.com\/index.php?rest_route=\/wp\/v2\/posts\/43956\/revisions"}],"predecessor-version":[{"id":43958,"href":"https:\/\/emlaktuel.com\/index.php?rest_route=\/wp\/v2\/posts\/43956\/revisions\/43958"}],"wp:featuredmedia":[{"embeddable":true,"href":"https:\/\/emlaktuel.com\/index.php?rest_route=\/wp\/v2\/media\/43957"}],"wp:attachment":[{"href":"https:\/\/emlaktuel.com\/index.php?rest_route=%2Fwp%2Fv2%2Fmedia&parent=43956"}],"wp:term":[{"taxonomy":"category","embeddable":true,"href":"https:\/\/emlaktuel.com\/index.php?rest_route=%2Fwp%2Fv2%2Fcategories&post=43956"},{"taxonomy":"post_tag","embeddable":true,"href":"https:\/\/emlaktuel.com\/index.php?rest_route=%2Fwp%2Fv2%2Ftags&post=43956"}],"curies":[{"name":"wp","href":"https:\/\/api.w.org\/{rel}","templated":true}]}}