{"id":43939,"date":"2023-09-27T11:18:28","date_gmt":"2023-09-27T08:18:28","guid":{"rendered":"https:\/\/emlaktuel.com\/?p=43939"},"modified":"2023-09-27T11:18:28","modified_gmt":"2023-09-27T08:18:28","slug":"d-marin-akdenizde-deniz-turizminin-guclenmesi-icin-azimut-benetti-grubuyla-guclerini-birlestirdi","status":"publish","type":"post","link":"https:\/\/emlaktuel.com\/?p=43939","title":{"rendered":"D-Marin Akdeniz&#8217;de Deniz turizminin g\u00fc\u00e7lenmesi i\u00e7in AZ\u0130MUT\/BENETT\u0130 grubuyla g\u00fc\u00e7lerini birle\u015ftirdi"},"content":{"rendered":"<p><em>Atina, Yunanistan, 27 Eyl\u00fcl 2023 \u2013&nbsp;<\/em>Se\u00e7kin marinalar\u0131 b\u00fcnyesinde bar\u0131nd\u0131ran D-Marin, yat\u00e7\u0131l\u0131k sekt\u00f6r\u00fcn\u00fcn \u00f6nde gelen l\u00fcks grubu Azimut Benetti ile yapaca\u011f\u0131 i\u015f birli\u011fi sayesinde deniz turizminin geli\u015fimini desteklemek amac\u0131yla Akdeniz\u2019deki marinalarda zenginle\u015ftirilmi\u015f bir yat\u00e7\u0131l\u0131k deneyimi sunmay\u0131 hedefliyor.&nbsp;<\/p>\n<p>D-Marin ve Vitelli ailesinin vizyonu, yeni standartlar belirleyen bir marina a\u011f\u0131 ile Akdeniz\u2019de yat\u00e7\u0131l\u0131\u011f\u0131n ba\u015flat\u0131lmas\u0131, yenilenmesi ve kolayla\u015ft\u0131r\u0131lmas\u0131n\u0131 kaps\u0131yor.&nbsp;G\u00fcc\u00fcn\u00fc Vitelli ailesinin stratejik vizyonundan alan Azimut Benetti, 30 y\u0131l\u0131 a\u015fk\u0131n s\u00fcredir temel altyap\u0131 olarak marinalar\u0131n yat\u00e7\u0131l\u0131k sekt\u00f6r\u00fcn\u00fcn geli\u015fimi i\u00e7in ta\u015f\u0131d\u0131\u011f\u0131 \u00f6neme ili\u015fkin fark\u0131ndal\u0131kla hareket ediyor.&nbsp;<\/p>\n<p>\u0130ki devin g\u00fc\u00e7lerini birle\u015ftirmesiyle birlikte D-Marin\u2019in say\u0131s\u0131 halihaz\u0131rda 20 olan premium marinalar\u0131na 3 yeni marina ve toplam 1.800 ba\u011flama yeri daha eklendi. D-Marin, Marina di Valetta ile Livorno\u2019daki Porto Mediceo Marinalar\u0131nda \u00f6nemli oranda hisse sat\u0131n alman\u0131n yan\u0131 s\u0131ra \u00f6d\u00fcll\u00fc Varazze Marinayla ticari operasyonlar\u0131n entegrasyonu s\u00fcrecini ba\u015flatt\u0131. Marina di Valletta ile Livorno\u2019daki Porto Mediceo\u2019daki hisselerin sat\u0131n al\u0131nmas\u0131 i\u015flemi, d\u00fczenleyici makamlardan gerekli izinlerin ve onaylar\u0131n al\u0131nmas\u0131n\u0131n ard\u0131ndan tamamlanacak.<\/p>\n<p>Azimut Benetti Grubu\u2019nun kurucusu Paolo Vitelli, i\u015f birli\u011finin arkas\u0131ndaki motivasyonu \u015fu s\u00f6zlerle a\u00e7\u0131kl\u0131yor: \u201cAzimut Benetti ve D-Marin\u2019in temel de\u011ferleri aras\u0131ndaki uyum, keyifli bir yat\u00e7\u0131l\u0131k deneyimi sunulmas\u0131n\u0131 m\u00fcmk\u00fcn k\u0131l\u0131yor.&nbsp;D-Marin\u2019in \u00fcst\u00fcn m\u00fc\u015fteri deneyimi, a\u011f\u0131n\u0131n tamam\u0131nda sundu\u011fu hizmetler, sahip oldu\u011fu ticari m\u00fckemmellik, s\u00fcrd\u00fcr\u00fclebilirlik taahh\u00fctleri ve dijital inovasyon \u00e7al\u0131\u015fmalar\u0131 sayesinde Azimut Benetti ve ailemizin halihaz\u0131rda d\u00fcnya standartlar\u0131ndaki l\u00fcks marinalar\u0131 daha da zenginle\u015fecek. Geni\u015f bir yelpazede uzanan hizmetlerin sunuldu\u011fu bu marina a\u011f\u0131 sayesinde Azimut Benetti Grubu yatlar\u0131n\u0131n sahipleri ayr\u0131cal\u0131kl\u0131 \u015fekilde a\u011f\u0131rlanabilecek.\u201d<\/p>\n<p>D-Marin CEO\u2019su Oliver D\u00f6rschuck\u2019un konuya ili\u015fkin yorumlar\u0131 ise \u015fu \u015fekilde: \u201cBu g\u00fczel marinalarda Vitelli ailesiyle birlikte \u00e7al\u0131\u015faca\u011f\u0131m\u0131z ve marinalara ili\u015fkin uzmanl\u0131\u011f\u0131m\u0131z sayesinde tesislerin daha da geli\u015fmesine destek olaca\u011f\u0131m\u0131z i\u00e7in son derece heyecanl\u0131y\u0131z. Bu, bizim i\u00e7in heyecan verici ve bir an \u00f6nce ba\u015flatmak istedi\u011fimiz bir ortakl\u0131k. Akdeniz\u2019de deniz turizmini g\u00fc\u00e7lendirmek ve yolculuklar\u0131n her a\u015famas\u0131nda birinci s\u0131n\u0131f marina hizmetleri sunmak istiyoruz.\u201d<\/p>\n<p>Yat sahipleri, kapsaml\u0131 D-Marin marinalar\u0131 se\u00e7kisi sayesinde Akdeniz\u2019de sorunsuz bir \u015fekilde seyahat ederken, T\u00fcrkiye, Yunanistan, H\u0131rvatistan, Karada\u011f, \u0130spanya, \u0130talya ve Malta\u2019daki yolculuklar\u0131n\u0131n her dura\u011f\u0131nda premium marina hizmetlerinden faydalanabilecekler. Azimut Benetti ortakl\u0131\u011f\u0131, A\u011fustos 2022\u2019den bu yana \u0130spanya, \u0130talya ve Yunanistan\u2019da be\u015f marinay\u0131 b\u00fcnyesine katan D-Marin\u2019in att\u0131\u011f\u0131 \u00f6nemli ad\u0131mlar\u0131n en g\u00fcnceli olma niteli\u011fi ta\u015f\u0131yor.<\/p>\n","protected":false},"excerpt":{"rendered":"<p>Atina, Yunanistan, 27 Eyl\u00fcl 2023 \u2013&nbsp;Se\u00e7kin marinalar\u0131 b\u00fcnyesinde bar\u0131nd\u0131ran D-Marin, yat\u00e7\u0131l\u0131k sekt\u00f6r\u00fcn\u00fcn \u00f6nde gelen l\u00fcks grubu Azimut Benetti ile yapaca\u011f\u0131 i\u015f birli\u011fi sayesinde deniz turizminin geli\u015fimini desteklemek amac\u0131yla Akdeniz\u2019deki marinalarda zenginle\u015ftirilmi\u015f bir yat\u00e7\u0131l\u0131k deneyimi sunmay\u0131 hedefliyor.&nbsp; D-Marin ve Vitelli ailesinin vizyonu, yeni standartlar belirleyen bir marina a\u011f\u0131 ile Akdeniz\u2019de yat\u00e7\u0131l\u0131\u011f\u0131n ba\u015flat\u0131lmas\u0131, yenilenmesi ve kolayla\u015ft\u0131r\u0131lmas\u0131n\u0131 kaps\u0131yor.&nbsp;G\u00fcc\u00fcn\u00fc [&hellip;]<\/p>\n","protected":false},"author":1,"featured_media":43940,"comment_status":"open","ping_status":"open","sticky":false,"template":"","format":"standard","meta":{"ngg_post_thumbnail":0},"categories":[5388],"tags":[17370,17369],"_links":{"self":[{"href":"https:\/\/emlaktuel.com\/index.php?rest_route=\/wp\/v2\/posts\/43939"}],"collection":[{"href":"https:\/\/emlaktuel.com\/index.php?rest_route=\/wp\/v2\/posts"}],"about":[{"href":"https:\/\/emlaktuel.com\/index.php?rest_route=\/wp\/v2\/types\/post"}],"author":[{"embeddable":true,"href":"https:\/\/emlaktuel.com\/index.php?rest_route=\/wp\/v2\/users\/1"}],"replies":[{"embeddable":true,"href":"https:\/\/emlaktuel.com\/index.php?rest_route=%2Fwp%2Fv2%2Fcomments&post=43939"}],"version-history":[{"count":1,"href":"https:\/\/emlaktuel.com\/index.php?rest_route=\/wp\/v2\/posts\/43939\/revisions"}],"predecessor-version":[{"id":43941,"href":"https:\/\/emlaktuel.com\/index.php?rest_route=\/wp\/v2\/posts\/43939\/revisions\/43941"}],"wp:featuredmedia":[{"embeddable":true,"href":"https:\/\/emlaktuel.com\/index.php?rest_route=\/wp\/v2\/media\/43940"}],"wp:attachment":[{"href":"https:\/\/emlaktuel.com\/index.php?rest_route=%2Fwp%2Fv2%2Fmedia&parent=43939"}],"wp:term":[{"taxonomy":"category","embeddable":true,"href":"https:\/\/emlaktuel.com\/index.php?rest_route=%2Fwp%2Fv2%2Fcategories&post=43939"},{"taxonomy":"post_tag","embeddable":true,"href":"https:\/\/emlaktuel.com\/index.php?rest_route=%2Fwp%2Fv2%2Ftags&post=43939"}],"curies":[{"name":"wp","href":"https:\/\/api.w.org\/{rel}","templated":true}]}}