{"id":43805,"date":"2023-09-21T10:47:36","date_gmt":"2023-09-21T07:47:36","guid":{"rendered":"https:\/\/emlaktuel.com\/?p=43805"},"modified":"2023-09-21T10:47:36","modified_gmt":"2023-09-21T07:47:36","slug":"fiat-500e-3-kez-en-iyi-elektrikli-kucuk-otomobil-secildi","status":"publish","type":"post","link":"https:\/\/emlaktuel.com\/?p=43805","title":{"rendered":"Fiat 500e, 3. Kez \u2018En \u0130yi Elektrikli K\u00fc\u00e7\u00fck Otomobil\u2019 Se\u00e7ildi  \u00a0"},"content":{"rendered":"<p><strong><u>Fiat 500e, 3. Kez <\/u><\/strong><strong><u>\u2018En \u0130yi Elektrikli K\u00fc\u00e7\u00fck Otomobil\u2019 Se\u00e7ildi<\/u><\/strong><\/p>\n<p><strong>&nbsp;<\/strong><\/p>\n<p><strong>%100 Elektrikli Fiat 500e,bu y\u0131l da &nbsp;\u2018What Car? Elektrikli Otomobil \u00d6d\u00fclleri\u2019nde \u2018En \u0130yi Elektrikli K\u00fc\u00e7\u00fck Otomobil\u2019 unvan\u0131n\u0131 korudu.<\/strong><\/p>\n<p><strong>FIAT\u2019\u0131n yeni ve tamamen elektrikli modeli&nbsp;<\/strong><strong>500e, etkileyici menzili, retro ve ayn\u0131 zamanda \u00e7ekici g\u00fcncel tasar\u0131m\u0131, keyifli s\u00fcr\u00fc\u015f dinamikleri ile \u00f6ne \u00e7\u0131kmaya devam ediyor.<\/strong><\/p>\n<p><strong>&nbsp;<\/strong><\/p>\n<p>\u0130lk kez d\u00fcnya yollar\u0131yla bulu\u015ftu\u011fu 1957 y\u0131l\u0131ndan bu yana, otomobil d\u00fcnyas\u0131n\u0131n ikonik modelleri aras\u0131nda yer alan Fiat 500\u2019\u00fcn, yeni ve tamamen elektikli versiyonu 500e, \u2018What Car?\u2019 taraf\u0131ndan d\u00fczenlenen 2023 Elektrikli Otomobil \u00d6d\u00fclleri\u2019nde bir kez daha \u2018En \u0130yi Elektrikli K\u00fc\u00e7\u00fck Otomobil\u2019 \u00f6d\u00fcl\u00fcn\u00fc alarak, \u00fcst \u00fcste \u00fc\u00e7\u00fcnc\u00fc kez kategori birincisi oldu. Elektrikli 500e\u2019nin i\u00e7 ve d\u0131\u015f tasar\u0131m\u0131ndaki ay\u0131rt edici retro stilin yan\u0131 s\u0131ra, en son teknolojinin otomobile kusursuz entegrasyonu ile What Car? j\u00fcrisini bu y\u0131l da etkiledi. J\u00fcri, Yeni 500e\u2019nin tamam\u0131yla \u015fehir dostu bir otomobil oldu\u011funu, dar sokaklarda kolayl\u0131k sa\u011flayan manevra kabiliyetine ve e\u011flenceli s\u00fcr\u00fc\u015f karakterine sahip oldu\u011funu vurgulad\u0131.<\/p>\n<p>Mart ay\u0131ndan itibaren T\u00fcrkiye\u2019deki FIAT showroomlar\u0131ndaki yerini alan 500e, teknolojik donan\u0131mlar\u0131, geli\u015fmi\u015f ba\u011flanabilirlik \u00e7\u00f6z\u00fcmleri ve h\u0131zl\u0131 \u015farj se\u00e7enekleri ile s\u0131f\u0131r emisyonlu ula\u015f\u0131m\u0131n ikonik modeli olmaya haz\u0131rlan\u0131yor.&nbsp;<\/p>\n<p><strong>FIAT CEO\u2019su ve Stellantis Global CMO\u2019su Olivier Francois<\/strong>, \u00f6d\u00fcl\u00fc de\u011ferlendirdi\u011fi konu\u015fmas\u0131nda \u201cYeni 500e\u2019nin toplad\u0131\u011f\u0131 \u00f6d\u00fcller bizi \u015fa\u015f\u0131rtmaya ve bize gurur vermeye devam ediyor. 500e, gelmi\u015f ge\u00e7mi\u015f en \u00e7ok \u00f6d\u00fcll\u00fc FIAT olma \u00f6zelli\u011fine sahip, \u015fimdi de 41\u2019inci \u00f6d\u00fcl\u00fcn\u00fc ald\u0131. What Car? gibi prestijli bir derginin 500e\u2019yi \u00fcst \u00fcste \u00fc\u00e7\u00fcnc\u00fc kez \u2018En \u0130yi Elektrikli K\u00fc\u00e7\u00fck Otomobil\u2019 se\u00e7mesi, ikonumuza, zamans\u0131z tasar\u0131m\u0131na, marka de\u011ferine ve segmentindeki teknoloji liderli\u011fine y\u00f6nelik takdirlerini, di\u011fer bir ifadeyle projenin b\u00fcy\u00fckl\u00fc\u011f\u00fcn\u00fc g\u00f6steriyor. Bu \u00f6d\u00fcl\u00fc bizim i\u00e7in daha b\u00fcy\u00fck bir gurur vesilesi yapan \u015feyse, \u00f6d\u00fcl\u00fcn \u0130ngiltere gibi geni\u015f bir otomobil k\u00fclt\u00fcr\u00fcne ve \u00f6nemli bir otomobil tutkusuna sahip olan bir \u00fclkeden gelmi\u015f olmas\u0131\u201d dedi.<\/p>\n<h2><strong><u>FIAT\u2019\u0131n En \u00c7ok \u00d6d\u00fcl Alan Modeli<\/u><\/strong><\/h2>\n<p>Fiat 500e, d\u00fcnya pazarlar\u0131na sunuldu\u011fu Mart 2020&#8217;den beri Frans\u0131z Otomobil \u00d6d\u00fclleri\u2019nde \u201cYe\u015fil Otomobil\u201d, Driving Electric\u2019te \u201cY\u0131l\u0131n Otomobili ve En \u0130yi K\u00fc\u00e7\u00fck Elektrikli Otomobil\u201d se\u00e7ilen 500, ayr\u0131ca Alman \u201cauto motor und sport\u201d dergisi taraf\u0131ndan \u201c2020 En \u0130yi Tasar\u0131m\u201d \u00f6d\u00fcl\u00fc ile uluslararas\u0131 \u201cRed Dot Tasar\u0131m \u00d6d\u00fclleri\u201dnde \u201cEn \u0130yi Tasar\u0131m Konsepti, \u201dDiesel&amp;EcoCar Magazine taraf\u0131ndan \u2018En \u0130yi Elektrikli \u015eehir Otomobili\u2019, Parkers Yeni Otomobil \u00d6d\u00fclleri\u2019nde \u2018En \u0130yi K\u00fc\u00e7\u00fck Elektrikli Otomobil\u2019, Carbuyer En \u0130yi Otomobil \u00d6d\u00fclleri\u2019nde \u2018En \u0130yi K\u00fc\u00e7\u00fck Elektrikli Otomobil\u2019, Auto Express \u00d6d\u00fclleri\u2019nde \u2018En \u0130yi \u015eehir Otomobili\u2019 ve Autocar \u00d6d\u00fclleri\u2019nde \u2018En \u0130yi K\u00fc\u00e7\u00fck Otomobil\u2019 dahil olmak \u00fczere, pek \u00e7ok \u00f6d\u00fcle lay\u0131k<\/p>\n","protected":false},"excerpt":{"rendered":"<p>Fiat 500e, 3. Kez \u2018En \u0130yi Elektrikli K\u00fc\u00e7\u00fck Otomobil\u2019 Se\u00e7ildi &nbsp; %100 Elektrikli Fiat 500e,bu y\u0131l da &nbsp;\u2018What Car? Elektrikli Otomobil \u00d6d\u00fclleri\u2019nde \u2018En \u0130yi Elektrikli K\u00fc\u00e7\u00fck Otomobil\u2019 unvan\u0131n\u0131 korudu. FIAT\u2019\u0131n yeni ve tamamen elektrikli modeli&nbsp;500e, etkileyici menzili, retro ve ayn\u0131 zamanda \u00e7ekici g\u00fcncel tasar\u0131m\u0131, keyifli s\u00fcr\u00fc\u015f dinamikleri ile \u00f6ne \u00e7\u0131kmaya devam ediyor. &nbsp; \u0130lk kez [&hellip;]<\/p>\n","protected":false},"author":1,"featured_media":43806,"comment_status":"open","ping_status":"open","sticky":false,"template":"","format":"standard","meta":{"ngg_post_thumbnail":0},"categories":[5215],"tags":[17338,17337],"_links":{"self":[{"href":"https:\/\/emlaktuel.com\/index.php?rest_route=\/wp\/v2\/posts\/43805"}],"collection":[{"href":"https:\/\/emlaktuel.com\/index.php?rest_route=\/wp\/v2\/posts"}],"about":[{"href":"https:\/\/emlaktuel.com\/index.php?rest_route=\/wp\/v2\/types\/post"}],"author":[{"embeddable":true,"href":"https:\/\/emlaktuel.com\/index.php?rest_route=\/wp\/v2\/users\/1"}],"replies":[{"embeddable":true,"href":"https:\/\/emlaktuel.com\/index.php?rest_route=%2Fwp%2Fv2%2Fcomments&post=43805"}],"version-history":[{"count":1,"href":"https:\/\/emlaktuel.com\/index.php?rest_route=\/wp\/v2\/posts\/43805\/revisions"}],"predecessor-version":[{"id":43807,"href":"https:\/\/emlaktuel.com\/index.php?rest_route=\/wp\/v2\/posts\/43805\/revisions\/43807"}],"wp:featuredmedia":[{"embeddable":true,"href":"https:\/\/emlaktuel.com\/index.php?rest_route=\/wp\/v2\/media\/43806"}],"wp:attachment":[{"href":"https:\/\/emlaktuel.com\/index.php?rest_route=%2Fwp%2Fv2%2Fmedia&parent=43805"}],"wp:term":[{"taxonomy":"category","embeddable":true,"href":"https:\/\/emlaktuel.com\/index.php?rest_route=%2Fwp%2Fv2%2Fcategories&post=43805"},{"taxonomy":"post_tag","embeddable":true,"href":"https:\/\/emlaktuel.com\/index.php?rest_route=%2Fwp%2Fv2%2Ftags&post=43805"}],"curies":[{"name":"wp","href":"https:\/\/api.w.org\/{rel}","templated":true}]}}