{"id":43710,"date":"2023-09-13T10:50:16","date_gmt":"2023-09-13T07:50:16","guid":{"rendered":"https:\/\/emlaktuel.com\/?p=43710"},"modified":"2023-09-13T10:50:16","modified_gmt":"2023-09-13T07:50:16","slug":"mesadan-24-ay-vadeye-sifir-faiz-kampanyasi","status":"publish","type":"post","link":"https:\/\/emlaktuel.com\/?p=43710","title":{"rendered":"Mesa\u2019dan \u201c24 Ay Vadeye S\u0131f\u0131r Faiz\u201d Kampanyas\u0131!"},"content":{"rendered":"<p><strong>Mesa\u2019dan \u201c24 Ay Vadeye S\u0131f\u0131r Faiz\u201d Kampanyas\u0131!<\/strong><\/p>\n<p><strong>55 y\u0131ld\u0131r g\u00fcven ve kalite in\u015fa eden Mesa\u2019n\u0131n \u0130stanbul Anadolu yakas\u0131nda bulunan Mesa Panorama Maltepe projesinde s\u0131n\u0131rl\u0131 say\u0131da daire i\u00e7in % 0 faizli 24 ay vadeyle \u00f6deme kampanyas\u0131 %1 KDV avantaj\u0131 ile ba\u015flad\u0131.&nbsp;<\/strong><\/p>\n<p>T\u00fcrkiye\u2019de t\u00fcnel kal\u0131p teknolojisini ilk \u00fcreten ve uygulayan marka olan Mesa kalitesi ile in\u015fa edilmekte olan Mesa Panorama Maltepe hem g\u00fcvenli hem de ferah bir ya\u015fam sunuyor.<\/p>\n<p>Detayl\u0131 d\u00fc\u015f\u00fcn\u00fclm\u00fc\u015f mimarisi, ileri m\u00fchendislik gerektiren y\u00fcksek katl\u0131 ya\u015fam\u0131, konforlu metrekareleri, kara, deniz, hava t\u00fcm ula\u015f\u0131m hatlar\u0131na ula\u015f\u0131m kolayl\u0131\u011f\u0131 ve merkezi konumu ile Maltepe\u2019de konumlanan Mesa Panorama \u2019da kampanya s\u0131n\u0131rl\u0131 say\u0131da daire i\u00e7in ge\u00e7erli.<\/p>\n<p>Nefes kesen adalar manzaras\u0131na sahip Mesa Panorama Maltepe, 1+1\u2019den 4+1\u2019e kadar farkl\u0131 metre karelere sahip dairelerle \u015fehrin t\u00fcm imkanlar\u0131na sahip bir noktada konumlan\u0131yor. Ayr\u0131ca \u00e7ocuklar\u0131n ve ailelerin g\u00fcvenle zaman ge\u00e7irebilece\u011fi sosyal alanlarda; kapal\u0131 ve a\u00e7\u0131k oyun alanlar\u0131, a\u00e7\u0131k y\u00fczme havuzu, geni\u015f meydanlar\u0131n yan\u0131nda sessiz avlu, aromatik hobi bah\u00e7esi, y\u00fcr\u00fcy\u00fc\u015f ve spor alanlar\u0131 projeyi di\u011ferlerinden ay\u0131r\u0131yor.&nbsp;<\/p>\n<p>S\u0131n\u0131rl\u0131 say\u0131da daire i\u00e7in ge\u00e7erli olacak s\u0131f\u0131r faizli 24 ay vadeli \u00f6deme kampanyas\u0131 f\u0131rsatlar\u0131 hakk\u0131nda bilgi sahibi olmak i\u00e7in:&nbsp;mesapanorama.com&nbsp;ve 444 9 366.<\/p>\n","protected":false},"excerpt":{"rendered":"<p>Mesa\u2019dan \u201c24 Ay Vadeye S\u0131f\u0131r Faiz\u201d Kampanyas\u0131! 55 y\u0131ld\u0131r g\u00fcven ve kalite in\u015fa eden Mesa\u2019n\u0131n \u0130stanbul Anadolu yakas\u0131nda bulunan Mesa Panorama Maltepe projesinde s\u0131n\u0131rl\u0131 say\u0131da daire i\u00e7in % 0 faizli 24 ay vadeyle \u00f6deme kampanyas\u0131 %1 KDV avantaj\u0131 ile ba\u015flad\u0131.&nbsp; T\u00fcrkiye\u2019de t\u00fcnel kal\u0131p teknolojisini ilk \u00fcreten ve uygulayan marka olan Mesa kalitesi ile in\u015fa edilmekte [&hellip;]<\/p>\n","protected":false},"author":1,"featured_media":43711,"comment_status":"open","ping_status":"open","sticky":false,"template":"","format":"standard","meta":{"ngg_post_thumbnail":0},"categories":[97,5388],"tags":[17315],"_links":{"self":[{"href":"https:\/\/emlaktuel.com\/index.php?rest_route=\/wp\/v2\/posts\/43710"}],"collection":[{"href":"https:\/\/emlaktuel.com\/index.php?rest_route=\/wp\/v2\/posts"}],"about":[{"href":"https:\/\/emlaktuel.com\/index.php?rest_route=\/wp\/v2\/types\/post"}],"author":[{"embeddable":true,"href":"https:\/\/emlaktuel.com\/index.php?rest_route=\/wp\/v2\/users\/1"}],"replies":[{"embeddable":true,"href":"https:\/\/emlaktuel.com\/index.php?rest_route=%2Fwp%2Fv2%2Fcomments&post=43710"}],"version-history":[{"count":1,"href":"https:\/\/emlaktuel.com\/index.php?rest_route=\/wp\/v2\/posts\/43710\/revisions"}],"predecessor-version":[{"id":43712,"href":"https:\/\/emlaktuel.com\/index.php?rest_route=\/wp\/v2\/posts\/43710\/revisions\/43712"}],"wp:featuredmedia":[{"embeddable":true,"href":"https:\/\/emlaktuel.com\/index.php?rest_route=\/wp\/v2\/media\/43711"}],"wp:attachment":[{"href":"https:\/\/emlaktuel.com\/index.php?rest_route=%2Fwp%2Fv2%2Fmedia&parent=43710"}],"wp:term":[{"taxonomy":"category","embeddable":true,"href":"https:\/\/emlaktuel.com\/index.php?rest_route=%2Fwp%2Fv2%2Fcategories&post=43710"},{"taxonomy":"post_tag","embeddable":true,"href":"https:\/\/emlaktuel.com\/index.php?rest_route=%2Fwp%2Fv2%2Ftags&post=43710"}],"curies":[{"name":"wp","href":"https:\/\/api.w.org\/{rel}","templated":true}]}}