{"id":4366,"date":"2016-08-15T12:13:56","date_gmt":"2016-08-15T09:13:56","guid":{"rendered":"http:\/\/emlaktuel.com\/?p=4366"},"modified":"2018-07-05T14:34:56","modified_gmt":"2018-07-05T11:34:56","slug":"toyadan-7-projesinde-dev-firsatlar","status":"publish","type":"post","link":"https:\/\/emlaktuel.com\/?p=4366","title":{"rendered":"Toya\u2019dan 7 projesinde dev f\u0131rsatlar"},"content":{"rendered":"<p>Toya Gayrimenkul, Gayrimenkul ve Gayrimenkul Yat\u0131r\u0131m Ortakl\u0131\u011f\u0131 Derne\u011fi\u2019nin (GYODER) ba\u015flad\u0131\u011f\u0131 \u201cGayrimenkulde G\u00fc\u00e7 Birli\u011fi, Daha G\u00fc\u00e7l\u00fc T\u00fcrkiye\u201d kampanyas\u0131na 7 projesiyle dahil oldu.<\/p>\n<div class=\"entry\">\n<p>Kampanya kapsam\u0131nda Toya Moda, Toya Downtown, Toya Vista, Toya Next, Avc\u0131lar Park, Q Studio ve QENT \u0130stinye projeleri 120 ay vadeli ve ayl\u0131k y\u00fczde 0.70\u2019lik kredi faizi ile sat\u0131\u015fa sunuluyor.<\/p>\n<p>Kampanya 1-31 A\u011fustos tarihleri aras\u0131nda ge\u00e7erli olacak ve kampanyada sat\u0131lacak konutlar i\u00e7in pe\u015finat y\u00fczde 25 yerine y\u00fczde 20\u2019ye indiriliyor.<\/p>\n<p>Sekt\u00f6re 1970 y\u0131l\u0131nda arazi geli\u015ftirmeyle ba\u015flayan Toya, 2008 y\u0131l\u0131ndaki E-5 \u00fczerinde yer alan Toya Plaza ofis projesinin ard\u0131ndan 2013 y\u0131l\u0131nda Avc\u0131lar Park, Toya Vista, 2015 y\u0131l\u0131nda Q Studio ve Porsche Design Studio\u2019nun i\u00e7 tasar\u0131mlar\u0131na imza att\u0131\u011f\u0131 QENT \u0130stinye projelerini tamamlad\u0131.<\/p>\n<p>Toya Gayrimenkul\u2019un projeleri ve genel \u00f6zellikleri ise \u015fu \u015fekilde:<\/p>\n<p>QENT \u0130stinye: Eski \u0130stanbul konaklar\u0131na yeni bir mimari yakla\u015f\u0131m getiren Qent \u0130stinye, Bo\u011fazi\u00e7i arka g\u00f6r\u00fcn\u00fcm kurallar\u0131na uygun, \u00f6ncelikle siluetin korunmas\u0131n\u0131 \u00f6ng\u00f6ren ve \u00f6zellikle Bo\u011faz\u2019la b\u00fct\u00fcnle\u015fmi\u015f ev ve ya\u015fam k\u00fclt\u00fcr\u00fcn\u00fc referans alan \u00e7a\u011fda\u015f bir konut ve mimarl\u0131k anlay\u0131\u015f\u0131 ile planland\u0131.<br \/>\nBo\u011faz\u2019a ve \u0130stinye yoku\u015funa bakan manzaraya sahip \u00f6d\u00fcll\u00fc proje, eski \u0130stanbul konaklar\u0131nda oldu\u011fu gibi ortak ve yine de m\u00fcstakil konut ya\u015fam\u0131 ko\u015fullar\u0131n\u0131 g\u00fcn\u00fcm\u00fcze ta\u015f\u0131yor.<br \/>\n\u00c7evre ile uyumlu az katl\u0131, 3 blok ve her biri kendine \u00f6zel 21 ya\u015fam \u00fcnitesinden olu\u015fan Qent Istinye\u2019de; ferah, y\u00fcksek tavanl\u0131, g\u00fcne\u015f \u0131\u015f\u0131\u011f\u0131 ve manzaradan optimum yararlanan, do\u011fayla i\u00e7i\u00e7e, 1+1\u2019den 5+1\u2019e kadar farkl\u0131 ya\u015fam ihtiya\u00e7lar\u0131na cevap veren daireler, l\u00fcks ve prestijin birle\u015fti\u011fi butik konseptiyle \u0130stanbul\u2019da sakinleriyle bulu\u015fuyor.<\/p>\n<p>TOYA V\u0130STA: Bir taraftan Marmara Denizi\u2019nin manzaras\u0131n\u0131 sunan proje, di\u011fer tarafta ise g\u00f6l manzaras\u0131yla \u00e7evreleniyor.<br \/>\nFerah, \u00f6zg\u00fcn, ayd\u0131nl\u0131k 132 konut ve ma\u011fazalardan olu\u015fan Toya Vista\u2019da her ya\u015fama uygun bir se\u00e7enek var. Konutlar 2+1 ve 3+1 tipinde.<\/p>\n<p>AVCILAR PARK: Avc\u0131lar Park\u2019ta toplam 39 bin metrekarelik alan\u0131n 24 bin metrekaresi ye\u015fil alan ve bah\u00e7e olarak d\u00fczenleniyor. \u0130\u00e7inde meyve a\u011fa\u00e7lan, rengarenk \u00e7i\u00e7ekler ve s\u00fcs havuzlar\u0131, \u015felalelerin bulunaca\u011f\u0131 Avc\u0131lar Park, hayat\u0131n merkezine do\u011fay\u0131 koymay\u0131 ama\u00e7l\u0131yor. Avc\u0131lar Park, 1500 metrekarelik sosyal tesis, a\u00e7\u0131k kapal\u0131 y\u00fczme havuzlar\u0131 ve SPA Merkezi gibi donat\u0131 alanlar\u0131 sunuyor. Otoyola 1 km, Deniz Otob\u00fcs\u00fc iskelesine 1.5 km, Atat\u00fcrk Havaalan\u0131\u2019na 9 km mesafede yer alan projede, 275 daire ile birlikte 50 ma\u011faza ve 1500 metrekarelik s\u00fcpermarket bulunuyor.<\/p>\n<p>Q STUD\u0130O: Toya Yap\u0131 taraf\u0131ndan \u0130stanbul\u2019un merkezi \u015ei\u015fli Esentepe\u2019de in\u015fa edilen Q Studio Esentepe tek bir residence blo\u011funda 1+1 ve 2+1 se\u00e7enekleri ile kullan\u0131\u015fl\u0131 ve konforlu bir hayat\u0131n kap\u0131lar\u0131n\u0131 a\u00e7\u0131yor. 4 bin metrekare in\u015faat alan\u0131na sahip olan Q Studio Esentepe, bah\u00e7e kat\u0131, 3 kat ve \u00e7at\u0131 kat\u0131 olarak in\u015fa ediliyor. 38 konuttan olu\u015fan Q Studio konforun yan\u0131s\u0131ra sosyal imkanlar\u0131 ve ula\u015f\u0131m kolayl\u0131\u011f\u0131 ile de di\u011fer projelerden ayr\u0131l\u0131yor.<\/p>\n<p>TOYA MODA: 2016 sonunda teslimine haz\u0131rlanan Bas\u0131n Ekspres\u2019te konumlanan Toya Moda projesi, i\u00e7 mimarisi Dice Kayek taraf\u0131ndan tasarlanan, ad\u0131 gibi modaya dokunan, renk se\u00e7imlerinden, kap\u0131 numaralar\u0131na kadar detaylara \u00f6nem veren \u2018\u00e7ok moda\u2019 bir proje.<br \/>\nProjenin mimarisi de \u00f6d\u00fcll\u00fc mimar B\u00fcnyamin Derman imzas\u0131 ta\u015f\u0131yor. L\u00fcks ve konforu bir arada bulunduran estetik \u00e7izgileri \u00f6n planda, \u00e7evreye duyarl\u0131, geni\u015f peyzaj alan\u0131, sosyal tesisleri ile de huzurlu ve sa\u011fl\u0131kl\u0131 bir ya\u015fam i\u00e7in ideal tam bir aile projesi olarak \u00f6ne \u00e7\u0131k\u0131yor.<\/p>\n<p>TOYA DOWNTOWN: May\u0131s ay\u0131nda lanse edilen Toya Downtown projesi, \u0130stanbul\u2019un en \u00f6nemli caddesi B\u00fcy\u00fckdere\u2019de, Gayrettepe ve Mecidiyek\u00f6y\u2019\u00fcn birle\u015fti\u011fi en prestijli noktada home office konseptiyle tasarlanan ve Porsche Design Studio imzal\u0131 home office ve sosyal ya\u015fam alanlar\u0131yla ayr\u0131cal\u0131kl\u0131 bir yat\u0131r\u0131m olarak \u00f6ne \u00e7\u0131k\u0131yor. 1200 metrekare arsa \u00fczerine konumlanan Toya Downtown projesinde ayr\u0131cal\u0131kl\u0131 yat\u0131r\u0131m f\u0131rsat\u0131n\u0131 1+0, 1+1 ve 2+1 se\u00e7enekleri home office\u2019lerde veya rezidanslarda de\u011ferlendirmek isteyenleri y\u00fczde 1 KDV avantaj\u0131 bekliyor.<\/p>\n<\/div>\n","protected":false},"excerpt":{"rendered":"<p>Toya Gayrimenkul, Gayrimenkul ve Gayrimenkul Yat\u0131r\u0131m Ortakl\u0131\u011f\u0131 Derne\u011fi\u2019nin (GYODER) ba\u015flad\u0131\u011f\u0131 \u201cGayrimenkulde G\u00fc\u00e7 Birli\u011fi, Daha G\u00fc\u00e7l\u00fc T\u00fcrkiye\u201d kampanyas\u0131na 7 projesiyle dahil oldu. Kampanya kapsam\u0131nda Toya Moda, Toya Downtown, Toya Vista, Toya Next, Avc\u0131lar Park, Q Studio ve QENT \u0130stinye projeleri 120 ay vadeli ve ayl\u0131k y\u00fczde 0.70\u2019lik kredi faizi ile sat\u0131\u015fa sunuluyor. Kampanya 1-31 A\u011fustos tarihleri [&hellip;]<\/p>\n","protected":false},"author":1,"featured_media":4367,"comment_status":"open","ping_status":"open","sticky":false,"template":"","format":"standard","meta":{"ngg_post_thumbnail":0},"categories":[221,26,219],"tags":[4721,11532,11204,73,80,4474,9977,106,2906,227,233,747,2905,11402],"_links":{"self":[{"href":"https:\/\/emlaktuel.com\/index.php?rest_route=\/wp\/v2\/posts\/4366"}],"collection":[{"href":"https:\/\/emlaktuel.com\/index.php?rest_route=\/wp\/v2\/posts"}],"about":[{"href":"https:\/\/emlaktuel.com\/index.php?rest_route=\/wp\/v2\/types\/post"}],"author":[{"embeddable":true,"href":"https:\/\/emlaktuel.com\/index.php?rest_route=\/wp\/v2\/users\/1"}],"replies":[{"embeddable":true,"href":"https:\/\/emlaktuel.com\/index.php?rest_route=%2Fwp%2Fv2%2Fcomments&post=4366"}],"version-history":[{"count":1,"href":"https:\/\/emlaktuel.com\/index.php?rest_route=\/wp\/v2\/posts\/4366\/revisions"}],"predecessor-version":[{"id":4368,"href":"https:\/\/emlaktuel.com\/index.php?rest_route=\/wp\/v2\/posts\/4366\/revisions\/4368"}],"wp:featuredmedia":[{"embeddable":true,"href":"https:\/\/emlaktuel.com\/index.php?rest_route=\/wp\/v2\/media\/4367"}],"wp:attachment":[{"href":"https:\/\/emlaktuel.com\/index.php?rest_route=%2Fwp%2Fv2%2Fmedia&parent=4366"}],"wp:term":[{"taxonomy":"category","embeddable":true,"href":"https:\/\/emlaktuel.com\/index.php?rest_route=%2Fwp%2Fv2%2Fcategories&post=4366"},{"taxonomy":"post_tag","embeddable":true,"href":"https:\/\/emlaktuel.com\/index.php?rest_route=%2Fwp%2Fv2%2Ftags&post=4366"}],"curies":[{"name":"wp","href":"https:\/\/api.w.org\/{rel}","templated":true}]}}