{"id":43638,"date":"2023-09-07T12:12:07","date_gmt":"2023-09-07T09:12:07","guid":{"rendered":"https:\/\/emlaktuel.com\/?p=43638"},"modified":"2023-09-07T12:12:07","modified_gmt":"2023-09-07T09:12:07","slug":"elektrikli-ve-hibrit-araclar-surus-haftasi-basliyor","status":"publish","type":"post","link":"https:\/\/emlaktuel.com\/?p=43638","title":{"rendered":"Elektrikli ve Hibrit Ara\u00e7lar S\u00fcr\u00fc\u015f Haftas\u0131 Ba\u015fl\u0131yor!"},"content":{"rendered":"<ol start=\"4\">\n<li><strong> Elektrikli ve Hibrit Ara\u00e7lar S\u00fcr\u00fc\u015f Haftas\u0131 Ba\u015fl\u0131yor!<\/strong><\/li>\n<\/ol>\n<p><strong>En Yeni Elektrikli ve Hibrit Ara\u00e7lar, 9-10 Eyl\u00fcl\u2019de Yenikap\u0131\u2019da Deneyimleniyor! <\/strong><\/p>\n<p><strong>T\u00fcrkiye\u2019de ilk kez 2019 y\u0131l\u0131nda d\u00fczenlenen Elektrikli ve Hibrit S\u00fcr\u00fc\u015f Haftas\u0131\u2019n\u0131n d\u00f6rd\u00fcnc\u00fcs\u00fc, Bridgestone\u2019un ana sponsorlu\u011funda, 9-10 Eyl\u00fcl 2023 tarihlerinde, saat 10:00 ile 18:00 aras\u0131nda, Yenikap\u0131 &#8211; \u0130stanbul\u2019da ger\u00e7ekle\u015ftirilecek. T\u00fcrkiye Elektrikli ve Hibrid Ara\u00e7lar Derne\u011fi (TEHAD) deste\u011fiyle, Bridgestone\u2019un ana sponsorlu\u011funda, Akbank\u2019\u0131n Green Carpet sponsorlu\u011funda, \u0130stanbul B\u00fcy\u00fck\u015fehir Belediyesi ve \u0130stanbul Enerji A.\u015e. i\u015f birli\u011fiyle, Electric Hybrid Cars Dergisi taraf\u0131ndan d\u00fczenlenen etkinlik kapsam\u0131nda, otomobil ve teknoloji merakl\u0131lar\u0131 hafta sonu boyunca, elektrikli ara\u00e7lar\u0131 pist \u00fczerinde deneyimleme \u015fans\u0131 bulabilecek. Etkinlik kapsam\u0131nda ABB, Castrol, Citro\u00ebn, E-Garaj, EniSolar, G-Charge, Honda, Hongqi, KIA, Lexus, Lixhium, Lumhouse, MG, Renault, Suzuki, Skywell, Sharz, Toyota, Voyah ve Wallbox gibi markalar\u0131n\u0131n en yeni modelleri test edilebilecek, \u00fcr\u00fcn ve hizmetleri incelenebilecek. T\u00fcrkiye\u2019nin ilk ve tek t\u00fcketici deneyim odakl\u0131 elektrikli s\u00fcr\u00fc\u015f etkinli\u011fi, halka a\u00e7\u0131k ve \u00fccretsiz olarak ger\u00e7ekle\u015ftirilecek. Kat\u0131l\u0131m i\u00e7in kay\u0131tlar, etkinlik g\u00fcn\u00fc alandaki kay\u0131t masalar\u0131ndan veya <\/strong>elektriklisurushaftasi.com <strong>web sitesi \u00fczerinden<\/strong> <strong>yap\u0131labilecek. \u201cDuymak Yetmez, Denemek Gerek\u201d slogan\u0131yla ger\u00e7ekle\u015ftirilecek etkinlik kapsam\u0131nda ayr\u0131ca TEHAD \u00f6nc\u00fcl\u00fc\u011f\u00fcnde 9 Eyl\u00fcl D\u00fcnya Elektrikli Ara\u00e7lar G\u00fcn\u00fc de kutlanacak.<\/strong><\/p>\n<p>T\u00fcrkiye Elektrikli ve Hibrid Ara\u00e7lar Derne\u011fi (TEHAD) ve Electric Hybrid Cars Dergisi taraf\u0131ndan bu y\u0131l d\u00f6rd\u00fcnc\u00fcs\u00fc d\u00fczenlenen Elektrikli ve Hibrit S\u00fcr\u00fc\u015f Haftas\u0131, 9-10 Eyl\u00fcl 2023 tarihleri aras\u0131nda, saat 10:00\u2019da ba\u015flayarak saat 18:00\u2019e kadar, \u0130stanbul &#8211; Yenikap\u0131\u2019da bulunan etkinlik alan\u0131nda ger\u00e7ekle\u015ftiriliyor. T\u00fcrkiye\u2019de ilk kez 2019 y\u0131l\u0131nda d\u00fczenlenen, bu y\u0131l Bridgestone\u2019un ana sponsorlu\u011funda, Akbank\u2019\u0131n Green Carpet sponsorlu\u011fu, \u0130stanbul B\u00fcy\u00fck\u015fehir Belediyesi ve \u0130stanbul Enerji A.\u015e. i\u015f birli\u011fiyle, Electric Hybrid Cars Dergisi taraf\u0131ndan d\u00fczenlenen \u201cElektrikli ve Hibrit S\u00fcr\u00fc\u015f Haftas\u0131\u201dnda, aralar\u0131nda, ABB, Castrol, Citro\u00ebn, E-Garaj, EniSolar, G-Charge, Honda, Hongqi, KIA, Lexus, Lixhium, Lumhouse, MG, Renault, Suzuki, Skywell, Sharz, Toyota, Voyah ve Wallbox gibi markalar\u0131n, \u00e7evreci, sessiz ve teknoloji odakl\u0131 en yeni elektrikli ve hibrit modelleri de test edilebilecek.<\/p>\n<p>Ge\u00e7ti\u011fimiz senelerde oldu\u011fu gibi 2023 y\u0131l\u0131nda da otomotiv, teknoloji, finans, mobilite markalar\u0131n\u0131n destekledi\u011fi etkinlikte, \u00fclkemizde pazara sunulan modellerden, hen\u00fcz T\u00fcrkiye\u2019de yollara \u00e7\u0131kmayan modellere kadar, birbirinden \u00f6zel elektrikli ve hibrit ara\u00e7lar boy g\u00f6steriyor. Ayn\u0131 zamanda, \u00fcniversitelerin ve giri\u015fimcilerin kat\u0131l\u0131m\u0131yla yerli projeler de misafirlerin be\u011fenisine sunuluyor. Etkinlik kapsam\u0131nda, otomobil ve teknoloji merakl\u0131lar\u0131 bir hafta sonu boyunca elektrikli ara\u00e7lar\u0131 pist \u00fczerinde deneyimleme \u015fans\u0131 buluyor. Bununla birlikte ziyaret\u00e7iler, drone yar\u0131\u015flar\u0131, otonom ara\u00e7 parkuru, elektrikli karavan \u00e7al\u0131\u015fmalar\u0131, elektrikli deniz ara\u00e7lar\u0131 ve solar destekli \u015farj \u00fcniteleri gibi bir\u00e7ok farkl\u0131 \u00e7al\u0131\u015fmay\u0131 yak\u0131ndan izleme \u015fans\u0131na sahip oluyor. Elektrikli ve Hibrit S\u00fcr\u00fc\u015f Haftas\u0131 kapsam\u0131ndaki t\u00fcm aktiviteler halka a\u00e7\u0131k ve \u00fccretsiz olarak ger\u00e7ekle\u015ftiriliyor. Kat\u0131l\u0131mc\u0131lar kay\u0131tlar\u0131n\u0131 etkinlik alan\u0131nda veya elektriklisurushaftasi.com web sitesi \u00fczerinden yapabilecekler.<\/p>\n<p>&nbsp;<\/p>\n","protected":false},"excerpt":{"rendered":"<p>Elektrikli ve Hibrit Ara\u00e7lar S\u00fcr\u00fc\u015f Haftas\u0131 Ba\u015fl\u0131yor! En Yeni Elektrikli ve Hibrit Ara\u00e7lar, 9-10 Eyl\u00fcl\u2019de Yenikap\u0131\u2019da Deneyimleniyor! T\u00fcrkiye\u2019de ilk kez 2019 y\u0131l\u0131nda d\u00fczenlenen Elektrikli ve Hibrit S\u00fcr\u00fc\u015f Haftas\u0131\u2019n\u0131n d\u00f6rd\u00fcnc\u00fcs\u00fc, Bridgestone\u2019un ana sponsorlu\u011funda, 9-10 Eyl\u00fcl 2023 tarihlerinde, saat 10:00 ile 18:00 aras\u0131nda, Yenikap\u0131 &#8211; \u0130stanbul\u2019da ger\u00e7ekle\u015ftirilecek. T\u00fcrkiye Elektrikli ve Hibrid Ara\u00e7lar Derne\u011fi (TEHAD) deste\u011fiyle, Bridgestone\u2019un ana [&hellip;]<\/p>\n","protected":false},"author":1,"featured_media":43639,"comment_status":"open","ping_status":"open","sticky":false,"template":"","format":"standard","meta":{"ngg_post_thumbnail":0},"categories":[5215],"tags":[16007,5722,7536],"_links":{"self":[{"href":"https:\/\/emlaktuel.com\/index.php?rest_route=\/wp\/v2\/posts\/43638"}],"collection":[{"href":"https:\/\/emlaktuel.com\/index.php?rest_route=\/wp\/v2\/posts"}],"about":[{"href":"https:\/\/emlaktuel.com\/index.php?rest_route=\/wp\/v2\/types\/post"}],"author":[{"embeddable":true,"href":"https:\/\/emlaktuel.com\/index.php?rest_route=\/wp\/v2\/users\/1"}],"replies":[{"embeddable":true,"href":"https:\/\/emlaktuel.com\/index.php?rest_route=%2Fwp%2Fv2%2Fcomments&post=43638"}],"version-history":[{"count":1,"href":"https:\/\/emlaktuel.com\/index.php?rest_route=\/wp\/v2\/posts\/43638\/revisions"}],"predecessor-version":[{"id":43640,"href":"https:\/\/emlaktuel.com\/index.php?rest_route=\/wp\/v2\/posts\/43638\/revisions\/43640"}],"wp:featuredmedia":[{"embeddable":true,"href":"https:\/\/emlaktuel.com\/index.php?rest_route=\/wp\/v2\/media\/43639"}],"wp:attachment":[{"href":"https:\/\/emlaktuel.com\/index.php?rest_route=%2Fwp%2Fv2%2Fmedia&parent=43638"}],"wp:term":[{"taxonomy":"category","embeddable":true,"href":"https:\/\/emlaktuel.com\/index.php?rest_route=%2Fwp%2Fv2%2Fcategories&post=43638"},{"taxonomy":"post_tag","embeddable":true,"href":"https:\/\/emlaktuel.com\/index.php?rest_route=%2Fwp%2Fv2%2Ftags&post=43638"}],"curies":[{"name":"wp","href":"https:\/\/api.w.org\/{rel}","templated":true}]}}