{"id":4334,"date":"2016-08-15T07:16:56","date_gmt":"2016-08-15T04:16:56","guid":{"rendered":"http:\/\/emlaktuel.com\/?p=4334"},"modified":"2018-07-05T14:34:26","modified_gmt":"2018-07-05T11:34:26","slug":"konut-kredisi-faizleri-daha-fazla-duser-mi","status":"publish","type":"post","link":"https:\/\/emlaktuel.com\/?p=4334","title":{"rendered":"Konut kredisi faizleri daha fazla d\u00fc\u015fer mi?"},"content":{"rendered":"<h1 class=\"news-detail-title selectionShareable\">Ba\u015fbakan Yard\u0131mc\u0131s\u0131 Mehmet \u015eim\u015fek, &#8221;Konut kredi faizlerinin daha fazla d\u00fc\u015f\u00fcp d\u00fc\u015fmeyece\u011fine y\u00f6nelik sorular soruluyor. Bunun bankalar\u0131n maliyetleri, enflasyon ve \u00fclkenin kaynak \u00e7abas\u0131yla ilgili bir konu&#8221;dedi.<\/h1>\n<div class=\"soc2 nmobilw\"><\/div>\n<div class=\"centerAd\"><\/div>\n<div class=\"clear-01\">\u00a0Ba\u015fbakan Yard\u0131mc\u0131s\u0131 Mehmet \u015eim\u015fek, uluslararas\u0131 kredi derecelendirme kurulu\u015flar\u0131ndan bir not indirimi beklemedi\u011fini vurgulayarak, &#8220;Notumuz d\u00fc\u015f\u00fcr\u00fcl\u00fcrse ki beklemiyorum ve bunun b\u00fcy\u00fck bir haks\u0131zl\u0131k olaca\u011f\u0131na inan\u0131yorum ama b\u00f6yle bir\u015fey olursa notumuzun hemen art\u0131r\u0131lmas\u0131 i\u00e7in gereken \u00e7abalara devam edecece\u011fiz.&#8221; dedi.<\/div>\n<div>\n<h2>&#8220;Eyl\u00fcl ay\u0131nda Bat\u0131l\u0131 yat\u0131r\u0131mc\u0131larla bir araya gelece\u011fiz&#8221;<\/h2>\n<p>Ba\u015fbakan Yard\u0131mc\u0131s\u0131 \u015eim\u015fek, muhalefet partilerinin ekonomi kurmaylar\u0131n\u0131n da yurtd\u0131\u015f\u0131 seyahatlere davet edilmesinin m\u00fcmk\u00fcn olup olmayaca\u011f\u0131n\u0131n sorulmas\u0131 \u00fczerine, bunun yap\u0131labilece\u011fini kaydetti. Kendisinin hitap etti\u011fi kesimin uzmanla\u015fm\u0131\u015f kesimle bir araya geldi\u011fini anlatan \u015eim\u015fek, ancak bunun d\u00fc\u015f\u00fcn\u00fclebilece\u011fini s\u00f6yledi.<\/p>\n<p>Darbe giri\u015fiminin ard\u0131ndan 2000&#8217;e yak\u0131n yat\u0131r\u0131mc\u0131 ile g\u00f6r\u00fc\u015ft\u00fcklerini belirten \u015eim\u015fek, &#8220;A\u011fustos ay\u0131 tatil ay\u0131. Bu ay\u0131n ikinci yar\u0131s\u0131nda Asya-Pasifik&#8217;teki insanlar tatilden d\u00f6n\u00fcyorlar. Bu ay\u0131n 22&#8217;si ile ba\u015flayan hafta belki oraya giderim sonra da Eyl\u00fcl&#8217;\u00fcn b\u00fcy\u00fck bir k\u0131sm\u0131n\u0131 Bat\u0131&#8217;da yat\u0131r\u0131mc\u0131larla, finans \u00e7evreleriyle bir araya gelerek T\u00fcrkiye&#8217;ye olan fon ak\u0131\u015f\u0131n\u0131, yat\u0131r\u0131mlar\u0131 s\u00fcrd\u00fcrme \u00e7abas\u0131na girece\u011fiz.&#8221; diye konu\u015ftu.<\/p>\n<p>\u015eim\u015fek, bu s\u00fcre\u00e7te ekonominin koordinasyonunda bir planlama zorlulu\u011fu olup olmad\u0131\u011f\u0131n\u0131n sorulmas\u0131 \u00fczerine de Ba\u015fbakan Binali Y\u0131ld\u0131r\u0131m&#8217;\u0131n Ekonomi Koordinasyon Kurulu&#8217;nun ba\u015fkan\u0131 oldu\u011funu vurgulayarak, koordinasyonun Ba\u015fbakan&#8217;\u0131n yapt\u0131\u011f\u0131n\u0131 dile getirdi.<\/p>\n<p>\u00c7izilen politika \u00e7er\u00e7evesine g\u00f6re herkesin \u00fcst\u00fcne d\u00fc\u015feni yapt\u0131\u011f\u0131n\u0131 anlatan \u015eim\u015fek, &#8220;Eskiden teknik d\u00fczeyde \u00e7ok daha g\u00fc\u00e7l\u00fc bir koordinasyon vard\u0131. \u015eimdi teknik d\u00fczeyde biraz daha az, siyasi d\u00fczeyde daha \u00e7ok bir koordinasyon s\u00f6z konusu.&#8221; dedi.<\/p>\n<h2>&#8220;Notumuzu d\u00fc\u015f\u00fcr\u00fcrlerse haks\u0131zl\u0131k yapm\u0131\u015f olurlar&#8221;<\/h2>\n<p>\u015eim\u015fek, kredi derecelendirme kurulu\u015flar\u0131ndan beklentisinin sorulmas\u0131 \u00fczerine, &#8220;Darbe giri\u015fimi olmu\u015f bir \u00fclke not noktas\u0131nda hemen indirselerdi s\u00fcrpriz olmazd\u0131. Fakat biz ola\u011fan\u00fcst\u00fc \u00e7abayla &#8216;Size anlatal\u0131m, dediklerimiz \u00e7\u0131kmazsa bildi\u011finizi okuyun&#8217; dedik.&#8221; diye konu\u015ftu.<\/p>\n<p>Bu s\u00fcre\u00e7te kredi derecelendirme kurulu\u015flar\u0131n\u0131n beklentilerinin ger\u00e7ekle\u015fmedi\u011finin alt\u0131n\u0131 \u00e7izen \u015eim\u015fek, &#8220;FET\u00d6 \u00e7\u00f6kertildi\u011fi i\u00e7in T\u00fcrkiye rahatlayacak. \u00dclkenin demokrasisi, ekonomisi g\u00fc\u00e7lenmi\u015ftir. OHAL&#8217;de bile reformlardan geri durmad\u0131k.&#8221; ifadelerini kulland\u0131.<\/p>\n<p>\u015eim\u015fek, kredi derecelendirme kurulu\u015flar\u0131na T\u00fcrkiye&#8217;nin temellerinin g\u00fc\u00e7l\u00fc oldu\u011funu anlatt\u0131klar\u0131n\u0131 belirterek, darbe giri\u015fimi yap\u0131lm\u0131\u015f bir \u00fclkenin kredi notunun d\u00fc\u015f\u00fcr\u00fclmesinin ola\u011fan\u00fcst\u00fc olmayaca\u011f\u0131n\u0131 ancak T\u00fcrkiye \u00f6zelinde bak\u0131ld\u0131\u011f\u0131nda b\u00f6yle bir durumun haks\u0131zl\u0131k olarak g\u00f6r\u00fclece\u011fini s\u00f6yledi.<\/p>\n<p>Bu s\u00fcre\u00e7te \u00fclkenin kredi notunun d\u00fc\u015f\u00fcr\u00fclmesini beklemedi\u011fini ve bunun b\u00fcy\u00fck bir haks\u0131zl\u0131k olaca\u011f\u0131n\u0131 belirten \u015eim\u015fek, b\u00f6yle bir\u015fey olmas\u0131 durumunda notun art\u0131r\u0131lmas\u0131 i\u00e7in gereken \u00e7abalara devam edeceklerini dile getirdi.<\/p>\n<p>Bu kurulu\u015flar\u0131n manip\u00fclasyonlara a\u00e7\u0131k olup olmad\u0131\u011f\u0131n\u0131n sorulmas\u0131 \u00fczerine \u015eim\u015fek, \u015funlar\u0131 kaydetti:<\/p>\n<p>&#8220;Burada \u00e7al\u0131\u015fan insanlar da birer analisttir; o derginin, o gazetenin, o \u00e7evrenin yapt\u0131\u011f\u0131 de\u011ferlendirmelerin etkisi alt\u0131nda kalabilir. Ben derecelendirme kurulu\u015flar\u0131n\u0131n objektif bir \u015fekilde i\u015fini yapmaya \u00e7al\u0131\u015ft\u0131klar\u0131na inanmaya \u00e7al\u0131\u015f\u0131yorum. \u00c7\u00fcnk\u00fc onlarla muhatab\u0131z, bu t\u00fcr komplo teorileri \u00fcreterek benim T\u00fcrkiye&#8217;ye bir faydam olmaz.<\/p>\n<p>Benim derdim; T\u00fcrkiye&#8217;nin ger\u00e7eklerini onlara anlatmak ve onlar\u0131 ikna etmek ve bu sayede T\u00fcrkiye&#8217;nin yat\u0131r\u0131m yap\u0131labilir pozisyonunu korumakt\u0131r. D\u00fc\u015f\u00fck bir olas\u0131l\u0131k ama T\u00fcrkiye o notu da kaybederse hemen ertesi g\u00fcnden devam ederek biz notumuz geri kazanmak i\u00e7in \u00e7abalayaca\u011f\u0131z. E\u011fer biz bunlar\u0131 yaparsak kimse o notu kale almaz.&#8221;<\/p>\n<h2>&#8220;B\u00fcy\u00fcmede a\u015fa\u011f\u0131 do\u011fru riskler artt\u0131&#8221;<\/h2>\n<p>Ba\u015fbakan Yard\u0131mc\u0131s\u0131 \u015eim\u015fek, y\u00fczde 4,5&#8217;lik b\u00fcy\u00fcme oran\u0131n\u0131n ger\u00e7ekle\u015fmeyece\u011fi kayg\u0131lar\u0131n\u0131n hat\u0131rlat\u0131lmas\u0131 \u00fczerine, bunun do\u011fru oldu\u011funu s\u00f6yledi. B\u00fcy\u00fcmede a\u015fa\u011f\u0131 do\u011fru risklerin artt\u0131\u011f\u0131na dikkati \u00e7eken \u015eim\u015fek, &#8220;Biz y\u00fczde 4,5&#8217;lik b\u00fcy\u00fcmeyi tahmin ederken k\u00fcresel ve yerel anlamda \u00e7ok farkl\u0131 bir ortam vard\u0131.&#8221; dedi.<\/p>\n<p>Konut kredi faizlerinin daha fazla d\u00fc\u015f\u00fcp d\u00fc\u015fmeyece\u011fine y\u00f6nelik sorular \u00fczerine \u015eim\u015fek, bunun bankalar\u0131n maliyetleri, enflasyon ve \u00fclkenin kaynak \u00e7abas\u0131yla ilgili bir konu oldu\u011funu belirtti.<\/p>\n<p>\u015eim\u015fek, T\u00fcrkiye&#8217;de tasarruflar\u0131n artmas\u0131 gerekti\u011finin alt\u0131n\u0131 \u00e7izerek, &#8220;T\u00fcrkiye&#8217;nin en temel makro sorunu d\u00fc\u015f\u00fck tasarruf sorunudur. O nedenle ini\u015f \u00e7\u0131k\u0131\u015flar ya\u015fan\u0131yor. Tutum ekonomisine ge\u00e7elim, daha \u00e7ok tasarruf yap\u0131ls\u0131n, daha \u00e7ok yat\u0131r\u0131m yap\u0131ls\u0131n ve \u00fclkemiz zenginle\u015fsin. Modelimiz bu.&#8221; diye konu\u015ftu.<\/p>\n<p>Bireysel Emeklilik Sistemi (BES) konusundaki soru \u00fczerine de \u015eim\u015fek, bunun b\u00fct\u00e7eye maliyetinin 500 milyon liray\u0131 a\u015fmayaca\u011f\u0131n\u0131 bildirdi. Bu sistemle vatanda\u015fa tasarruf al\u0131\u015fkanl\u0131\u011f\u0131 kazand\u0131rmaya \u00e7al\u0131\u015ft\u0131klar\u0131n\u0131 kaydeden \u015eim\u015fek, &#8220;Vatanda\u015f\u0131m\u0131z 100 lira tasarruf etse biz kendisine 25 lira veriyoruz. D\u00fcnyada e\u015fi benzeri olmayan c\u00f6mert bir sistem. Buna itiraz edenleri anlamakta zorlan\u0131yorum.&#8221; dedi.<\/p>\n<\/div>\n","protected":false},"excerpt":{"rendered":"<p>Ba\u015fbakan Yard\u0131mc\u0131s\u0131 Mehmet \u015eim\u015fek, &#8221;Konut kredi faizlerinin daha fazla d\u00fc\u015f\u00fcp d\u00fc\u015fmeyece\u011fine y\u00f6nelik sorular soruluyor. Bunun bankalar\u0131n maliyetleri, enflasyon ve \u00fclkenin kaynak \u00e7abas\u0131yla ilgili bir konu&#8221;dedi. \u00a0Ba\u015fbakan Yard\u0131mc\u0131s\u0131 Mehmet \u015eim\u015fek, uluslararas\u0131 kredi derecelendirme kurulu\u015flar\u0131ndan bir not indirimi beklemedi\u011fini vurgulayarak, &#8220;Notumuz d\u00fc\u015f\u00fcr\u00fcl\u00fcrse ki beklemiyorum ve bunun b\u00fcy\u00fck bir haks\u0131zl\u0131k olaca\u011f\u0131na inan\u0131yorum ama b\u00f6yle bir\u015fey olursa notumuzun hemen [&hellip;]<\/p>\n","protected":false},"author":1,"featured_media":4337,"comment_status":"open","ping_status":"open","sticky":false,"template":"","format":"standard","meta":{"ngg_post_thumbnail":0},"categories":[26,27],"tags":[505,2434,80,11091,951,954,2892,277,11322,11433],"_links":{"self":[{"href":"https:\/\/emlaktuel.com\/index.php?rest_route=\/wp\/v2\/posts\/4334"}],"collection":[{"href":"https:\/\/emlaktuel.com\/index.php?rest_route=\/wp\/v2\/posts"}],"about":[{"href":"https:\/\/emlaktuel.com\/index.php?rest_route=\/wp\/v2\/types\/post"}],"author":[{"embeddable":true,"href":"https:\/\/emlaktuel.com\/index.php?rest_route=\/wp\/v2\/users\/1"}],"replies":[{"embeddable":true,"href":"https:\/\/emlaktuel.com\/index.php?rest_route=%2Fwp%2Fv2%2Fcomments&post=4334"}],"version-history":[{"count":1,"href":"https:\/\/emlaktuel.com\/index.php?rest_route=\/wp\/v2\/posts\/4334\/revisions"}],"predecessor-version":[{"id":4338,"href":"https:\/\/emlaktuel.com\/index.php?rest_route=\/wp\/v2\/posts\/4334\/revisions\/4338"}],"wp:featuredmedia":[{"embeddable":true,"href":"https:\/\/emlaktuel.com\/index.php?rest_route=\/wp\/v2\/media\/4337"}],"wp:attachment":[{"href":"https:\/\/emlaktuel.com\/index.php?rest_route=%2Fwp%2Fv2%2Fmedia&parent=4334"}],"wp:term":[{"taxonomy":"category","embeddable":true,"href":"https:\/\/emlaktuel.com\/index.php?rest_route=%2Fwp%2Fv2%2Fcategories&post=4334"},{"taxonomy":"post_tag","embeddable":true,"href":"https:\/\/emlaktuel.com\/index.php?rest_route=%2Fwp%2Fv2%2Ftags&post=4334"}],"curies":[{"name":"wp","href":"https:\/\/api.w.org\/{rel}","templated":true}]}}