{"id":43164,"date":"2023-07-26T15:48:52","date_gmt":"2023-07-26T12:48:52","guid":{"rendered":"https:\/\/emlaktuel.com\/?p=43164"},"modified":"2023-07-26T15:48:52","modified_gmt":"2023-07-26T12:48:52","slug":"yilda-714-ton-karbon-saliniminin-onune-gececek","status":"publish","type":"post","link":"https:\/\/emlaktuel.com\/?p=43164","title":{"rendered":"Y\u0131lda 714 ton karbon sal\u0131n\u0131m\u0131n\u0131n \u00f6n\u00fcne ge\u00e7ecek"},"content":{"rendered":"<p><strong><em>\u0130nsana ve do\u011faya sayg\u0131l\u0131 \u00fcr\u00fcnleriyle \u00f6ne \u00e7\u0131kan Ekobord \u00fcretimde de yenilenebilir enerjiye ge\u00e7ti. Bilecik\u2019teki fibercement levha \u00fcretim tesisine G\u00fcne\u015f Enerji Santrali kuran Ekobord, fabrikada ihtiya\u00e7 duyulan elektrik enerjisinin b\u00fcy\u00fck bir b\u00f6l\u00fcm\u00fcn\u00fc bu santralden kar\u015f\u0131layacak. <\/em><\/strong><\/p>\n<p>Ekobord \u00fcretim tesisi \u00e7at\u0131s\u0131na kurdu\u011fu 1152 kWp g\u00fcc\u00fcndeki G\u00fcne\u015f Enerji Santraliyle (GES) karbon sal\u0131n\u0131m\u0131 y\u0131lda 714 ton azaltmay\u0131 hedefliyor.<strong><em>&nbsp;<\/em><\/strong><\/p>\n<h2><strong><em>ORHAN G\u00dcNER; \u201cS\u00dcRD\u00dcR\u00dcLEB\u0130L\u0130R B\u0130R \u00c7EVRE VE \u00dcRET\u0130M \u0130\u00c7\u0130N YATIRIMLARIMIZI ARTIRACA\u011eIZ\u201d<\/em><\/strong><\/h2>\n<p><img loading=\"lazy\" class=\"alignnone size-full wp-image-43165\" src=\"https:\/\/emlaktuel.com\/wp-content\/uploads\/2023\/07\/Orhan-Gu\u0308ner_.jpg\" alt=\"\" width=\"500\" height=\"353\"><\/p>\n<p><strong><em>&nbsp;<\/em><\/strong><strong><em>Vefa Group Y\u00f6netim Kurulu Ba\u015fkan\u0131 Orhan G\u00fcner;<\/em><\/strong> <em>\u201c<\/em><em>\u00dclke olarak enerjide d\u0131\u015fa ba\u011f\u0131ml\u0131 oldu\u011fumuz ve enerji ihtiyac\u0131n\u0131n her ge\u00e7en g\u00fcn artt\u0131\u011f\u0131n\u0131n bilincinde olarak GES yat\u0131r\u0131mlar\u0131na b\u00fcy\u00fck \u00f6nem veriyoruz.&nbsp;T\u00fcrkiye\u2019deki \u00fc\u00e7 fibercement \u00fcreticisinden biri olan Ekobord \u00fcretim tesisimizde g\u00fcne\u015f enerji santrali yat\u0131r\u0131m\u0131 yaparak yenilenebilir enerji kayna\u011f\u0131 kullan\u0131m\u0131na ge\u00e7tik. \u00dcretimde t\u00fcketilen elektrik enerjisinin %50\u2019sinden fazlas\u0131n\u0131 g\u00fcne\u015f enerji santralinden elde edece\u011fiz. Bilecik fabrikam\u0131zda kurdu\u011fumuz santralin hayata ge\u00e7mesiyle birlikte grup markalar\u0131m\u0131z i\u00e7in de GES yat\u0131r\u0131mlar\u0131 yapmak \u00fczere \u00e7al\u0131\u015fmalar\u0131m\u0131za devam ediyoruz.\u201d<\/em><\/p>\n<h2><strong>ORHAN G\u00dcNER; \u201cGER\u0130 D\u00d6N\u00dc\u015e\u00dcML\u00dc HAMMADDEN\u0130N ARDINDAN YEN\u0130LENEB\u0130L\u0130R ENERJ\u0130 \u0130LE \u00c7OK DAHA \u00c7EVREC\u0130 B\u0130R \u00dcRET\u0130ME GE\u00c7T\u0130K\u201d<\/strong><\/h2>\n<p>\u00dclkemizin de taraf oldu\u011fu Paris Anla\u015fmas\u0131 ve AB Ye\u015fil Mutabakat\u0131 kapsam\u0131nda karbon emisyonunun azalt\u0131lmas\u0131nda yenilebilir enerji kaynaklar\u0131n\u0131n b\u00fcy\u00fck \u00f6nem ta\u015f\u0131d\u0131\u011f\u0131na de\u011finen <strong><em>Orhan G\u00fcner<\/em><\/strong>; <em>\u201cS\u00fcrd\u00fcr\u00fclebilir \u00fcretim ve \u00e7evre duyarl\u0131l\u0131\u011f\u0131 grup olarak ilk g\u00fcnden bug\u00fcne \u00f6ncelik verdi\u011fimiz konular. Halihaz\u0131rda k\u0131s\u0131tl\u0131 olan enerji kaynaklar\u0131ndan maksimum d\u00fczeyde tasarruf yaparak ger\u00e7ekle\u015ftirdi\u011fimiz \u00fcretimle gelecek nesiller i\u00e7in de ya\u015fanabilir bir \u00e7evre b\u0131rakma \u00e7abas\u0131nday\u0131z. \u00c7evreci yakla\u015f\u0131m\u0131m\u0131z\u0131 \u00fcretimimizin her a\u015famas\u0131na yans\u0131t\u0131yoruz. Geri d\u00f6n\u00fc\u015f\u00fcml\u00fc hammadde kullan\u0131yoruz, geri d\u00f6n\u00fc\u015f\u00fcml\u00fc \u00fcr\u00fcnler \u00fcretiyoruz. Daha \u00f6nce <\/em><em>kendi enerjisini kendi \u00fcreten, minimum karbon sal\u0131n\u0131ml\u0131 olarak hayata ge\u00e7irdi\u011fimiz \u2018Ekolojik Ev\u2019 sa\u011flad\u0131\u011f\u0131 izolasyon de\u011ferleri ile enerji kay\u0131plar\u0131n\u0131 minimum seviyeye indirdi. Bug\u00fcn de Ekobord \u00fcretim tesisimize yapt\u0131\u011f\u0131m\u0131z g\u00fcne\u015f enerji santrali yat\u0131r\u0131m\u0131m\u0131zla <\/em><em>hem \u00fcretimde kullan\u0131lan enerjide %50\u2019den fazlas\u0131n\u0131 tasarruf ediyor hem de \u00e7evreyle dost bir \u00fcretim ger\u00e7ekle\u015ftirmi\u015f oluyoruz.\u201d<\/em> dedi.<\/p>\n","protected":false},"excerpt":{"rendered":"<p>\u0130nsana ve do\u011faya sayg\u0131l\u0131 \u00fcr\u00fcnleriyle \u00f6ne \u00e7\u0131kan Ekobord \u00fcretimde de yenilenebilir enerjiye ge\u00e7ti. Bilecik\u2019teki fibercement levha \u00fcretim tesisine G\u00fcne\u015f Enerji Santrali kuran Ekobord, fabrikada ihtiya\u00e7 duyulan elektrik enerjisinin b\u00fcy\u00fck bir b\u00f6l\u00fcm\u00fcn\u00fc bu santralden kar\u015f\u0131layacak. Ekobord \u00fcretim tesisi \u00e7at\u0131s\u0131na kurdu\u011fu 1152 kWp g\u00fcc\u00fcndeki G\u00fcne\u015f Enerji Santraliyle (GES) karbon sal\u0131n\u0131m\u0131 y\u0131lda 714 ton azaltmay\u0131 hedefliyor.&nbsp; ORHAN G\u00dcNER; [&hellip;]<\/p>\n","protected":false},"author":1,"featured_media":43166,"comment_status":"open","ping_status":"open","sticky":false,"template":"","format":"standard","meta":{"ngg_post_thumbnail":0},"categories":[26],"tags":[],"_links":{"self":[{"href":"https:\/\/emlaktuel.com\/index.php?rest_route=\/wp\/v2\/posts\/43164"}],"collection":[{"href":"https:\/\/emlaktuel.com\/index.php?rest_route=\/wp\/v2\/posts"}],"about":[{"href":"https:\/\/emlaktuel.com\/index.php?rest_route=\/wp\/v2\/types\/post"}],"author":[{"embeddable":true,"href":"https:\/\/emlaktuel.com\/index.php?rest_route=\/wp\/v2\/users\/1"}],"replies":[{"embeddable":true,"href":"https:\/\/emlaktuel.com\/index.php?rest_route=%2Fwp%2Fv2%2Fcomments&post=43164"}],"version-history":[{"count":1,"href":"https:\/\/emlaktuel.com\/index.php?rest_route=\/wp\/v2\/posts\/43164\/revisions"}],"predecessor-version":[{"id":43167,"href":"https:\/\/emlaktuel.com\/index.php?rest_route=\/wp\/v2\/posts\/43164\/revisions\/43167"}],"wp:featuredmedia":[{"embeddable":true,"href":"https:\/\/emlaktuel.com\/index.php?rest_route=\/wp\/v2\/media\/43166"}],"wp:attachment":[{"href":"https:\/\/emlaktuel.com\/index.php?rest_route=%2Fwp%2Fv2%2Fmedia&parent=43164"}],"wp:term":[{"taxonomy":"category","embeddable":true,"href":"https:\/\/emlaktuel.com\/index.php?rest_route=%2Fwp%2Fv2%2Fcategories&post=43164"},{"taxonomy":"post_tag","embeddable":true,"href":"https:\/\/emlaktuel.com\/index.php?rest_route=%2Fwp%2Fv2%2Ftags&post=43164"}],"curies":[{"name":"wp","href":"https:\/\/api.w.org\/{rel}","templated":true}]}}