{"id":43161,"date":"2023-07-26T15:37:35","date_gmt":"2023-07-26T12:37:35","guid":{"rendered":"https:\/\/emlaktuel.com\/?p=43161"},"modified":"2023-07-26T15:37:35","modified_gmt":"2023-07-26T12:37:35","slug":"dunyanin-en-onemli-arkeolojik-kesiflerinden-bathonea-antik-kenti-mercedes-benz-turk-sponsorlugunda-gun-yuzune-cikmaya-devam-ediyor","status":"publish","type":"post","link":"https:\/\/emlaktuel.com\/?p=43161","title":{"rendered":"D\u00fcnyan\u0131n En \u00d6nemli Arkeolojik Ke\u015fiflerinden Bathonea Antik Kenti Mercedes-Benz T\u00fcrk sponsorlu\u011funda g\u00fcn y\u00fcz\u00fcne \u00e7\u0131kmaya devam ediyor"},"content":{"rendered":"<p><strong>D\u00fcnyan\u0131n En \u00d6nemli Arkeolojik Ke\u015fiflerinden Bathonea Antik Kenti Mercedes-Benz T\u00fcrk sponsorlu\u011funda g\u00fcn y\u00fcz\u00fcne \u00e7\u0131kmaya devam ediyor<\/strong><\/p>\n<p><strong><u>Bathonea Antik Kenti\u2019nde imza t\u00f6reni ger\u00e7ekle\u015fti&nbsp;<\/u><\/strong><strong>&nbsp;<\/strong><\/p>\n<div>\n<ul>\n<li><strong>\u201cD\u00fcnyan\u0131n En \u00d6nemli Arkeolojik Ke\u015fiflerinin \u0130lk On Listesi\u201dnde de yer alan ve 2009\u2019dan bu yana kaz\u0131 \u00e7al\u0131\u015fmalar\u0131na devam edilen Bathonea Antik Kenti kaz\u0131lar\u0131 iki y\u0131ld\u0131r Mercedes-Benz T\u00fcrk sponsorlu\u011funda devam ediyor.&nbsp;<\/strong><strong>&nbsp;<\/strong><\/li>\n<\/ul>\n<\/div>\n<div>\n<ul>\n<li><strong>Bathonea Antik Kenti\u2019nde ilk defa d\u00fczenlenen imza t\u00f6reninde, Mercedes-Benz T\u00fcrk \u0130cra Kurulu Ba\u015fkan\u0131 S\u00fcer S\u00fcl\u00fcn, K\u00fclt\u00fcr ve Turizm Bakanl\u0131\u011f\u0131 Kaz\u0131lar Dairesi Ba\u015fkanl\u0131\u011f\u0131 \u015eube M\u00fcd\u00fcr\u00fc Nihal Metin, \u0130stanbul \u0130l K\u00fclt\u00fcr M\u00fcd\u00fcr Yard\u0131mc\u0131s\u0131 B\u00fclent Avnamak, Kocaeli \u00dcniversitesi Rekt\u00f6r\u00fc Prof. Dr. Nuh Zafer Cant\u00fcrk ve Bathonea Antik Kenti Kaz\u0131 Ba\u015fkan\u0131 Prof. Dr. \u015eeng\u00fcl Ayd\u0131ng\u00fcn kaz\u0131 \u00e7al\u0131\u015fmalar\u0131n\u0131n detaylar\u0131n\u0131 kamuoyuyla payla\u015ft\u0131lar.<\/strong><strong>&nbsp;<\/strong><\/li>\n<\/ul>\n<\/div>\n<p>T\u00fcrkiye a\u011f\u0131r ticari ara\u00e7 end\u00fcstrisinin \u00f6nc\u00fcs\u00fc olarak faaliyet g\u00f6steren Mercedes-Benz T\u00fcrk, tarihi bug\u00fcne ula\u015ft\u0131rmak ve gelece\u011fe ta\u015f\u0131mak misyonuyla desteklerini s\u00fcrd\u00fcrmeye devam ediyor. Bu hedef do\u011frultusunda Mercedes-Benz T\u00fcrk,&nbsp;T.C. Cumhurba\u015fkanl\u0131\u011f\u0131 karar\u0131yla T.C. K\u00fclt\u00fcr ve Turizm Bakanl\u0131\u011f\u0131 ile Kocaeli \u00dcniversitesi taraf\u0131ndan ger\u00e7ekle\u015ftirilen Bathonea Antik Kenti kaz\u0131 \u00e7al\u0131\u015fmalar\u0131n\u0131n bu y\u0131lki sponsorlu\u011funu da \u00fcstlendi. \u0130stanbul\u2019un tarihi ve arkeolojik miras\u0131n\u0131n ortaya \u00e7\u0131kar\u0131lmas\u0131 ve korunmas\u0131nda \u00f6nemli bir rol \u00fcstlenen Bathonea Antik Kenti\u2019nde, Mercedes-Benz T\u00fcrk\u2019\u00fcn ev sahipli\u011finde ger\u00e7ekle\u015fen imza t\u00f6renine, Avc\u0131lar Belediye Ba\u015fkan\u0131 Turan Han\u00e7erli, Polonya Cumhuriyeti \u0130stanbul Ba\u015fkonsoloslu\u011funu temsilen&nbsp;Muavin Konsolos Tomasz Krakowiak ve K\u00fclt\u00fcrden Sorumlu Muavin Konsolos Dorota Andrzejak ile Kocaeli \u00dcniversitesi Rekt\u00f6r\u00fc Prof. Dr. Nuh Zafer Cant\u00fcrk, Kocaeli \u00dcniversitesi Fen Edebiyat Fak\u00fcltesi Dekan\u0131 Prof. Dr. \u00dcmit Ay ve \u00e7e\u015fitli \u00fcniversitelerin rekt\u00f6r, rekt\u00f6r yard\u0131mc\u0131lar\u0131 ve dekanlar\u0131 ile akademisyenler kat\u0131ld\u0131. \u0130mza t\u00f6reninde, K\u00fclt\u00fcr ve Turizm Bakanl\u0131\u011f\u0131 K\u00fclt\u00fcr Varl\u0131klar\u0131 ve M\u00fczeler Genel M\u00fcd\u00fcrl\u00fc\u011f\u00fc&nbsp;Kaz\u0131lar Dairesi Ba\u015fkanl\u0131\u011f\u0131 \u015eube M\u00fcd\u00fcr\u00fc Nihal Metin, Bathonea Kaz\u0131 Ba\u015fkan\u0131 Prof. Dr. \u015eeng\u00fcl Ayd\u0131ng\u00fcn, Kocaeli \u00dcniversitesi Rekt\u00f6r\u00fc Prof. Dr. Nuh Zafer Cant\u00fcrk &nbsp;ve Mercedes-Benz T\u00fcrk \u0130cra Kurulu Ba\u015fkan\u0131 S\u00fcer S\u00fcl\u00fcn konu\u015fma yapt\u0131.&nbsp;<strong>&nbsp;<\/strong><strong>&nbsp;<\/strong><\/p>\n<h2><strong>S\u00fcer S\u00fcl\u00fcn: \u201cK\u00fclt\u00fcrel miras\u0131n gelecek nesillere aktar\u0131lmas\u0131na destek oluyoruz\u201d<\/strong><\/h2>\n<p>Ger\u00e7ekle\u015ftirdi\u011fi konu\u015fmada, Bathonea Antik Kenti\u2019nin kaz\u0131 \u00e7al\u0131\u015fmalar\u0131n\u0131n destek\u00e7isi olduklar\u0131 i\u00e7in &nbsp;duyduklar\u0131 gururun alt\u0131n\u0131 \u00e7izen&nbsp;<strong>Mercedes-Benz T\u00fcrk \u0130cra Kurulu Ba\u015fkan\u0131 S\u00fcer S\u00fcl\u00fcn,<\/strong>&nbsp;\u015fu a\u00e7\u0131klamalarda bulundu: \u201cE\u015fsiz konumuyla bir\u00e7ok medeniyete ev sahipli\u011fi yapan \u015fehrimiz, yer \u00fcst\u00fcnde g\u00f6rd\u00fcklerimizin \u00f6tesinde yer alt\u0131nda da ke\u015ffedilmeyi bekleyen zengin bir mirasa sahip. Biz de Mercedes-Benz T\u00fcrk olarak bu k\u00fclt\u00fcrel miras\u0131n gelecek nesillere aktar\u0131lmas\u0131na destek olmaktan dolay\u0131 gurur duyuyoruz. \u0130malat s\u00fcre\u00e7lerimizin yan\u0131nda, sosyal faydalar\u0131m\u0131zla da \u00fclkemize hizmet etmeye devam ediyoruz.&nbsp;Mercedes-Benz T\u00fcrk olarak&nbsp;sosyal fayda \u00e7at\u0131m\u0131z\u0131 e\u011fitimin, e\u015fitli\u011fin, k\u00fclt\u00fcr sanat\u0131n ve sporun #daimayan\u0131nda olmak \u00fczere belirledik. Bu hedef do\u011frultusunda da&nbsp;tarihi bug\u00fcne ula\u015ft\u0131rmak ve gelece\u011fe ta\u015f\u0131mak misyonuyla desteklerimizi s\u00fcrd\u00fcr\u00fcyoruz. Bunu da en iyi bildi\u011fimiz \u015fekilde y\u00fck ve yolcu ta\u015f\u0131mac\u0131l\u0131\u011f\u0131ndan yola \u00e7\u0131karak ger\u00e7ekle\u015ftiriyoruz. Daha \u00f6nce Truva Antik Kenti\u2019nde oldu\u011fu gibi bug\u00fcn Bathonea\u2019da da ayn\u0131 \u00f6zveri ve adanm\u0131\u015fl\u0131kla desteklerimizi s\u00fcrd\u00fcr\u00fcyoruz. \u00c7\u00fcnk\u00fc biliyoruz ki bu \u00e7al\u0131\u015fmalar hem \u0130stanbul\u2019un tarih \u00f6ncesi kronolojisindeki b\u00fcy\u00fck bo\u015fluklar\u0131n doldurulmas\u0131na katk\u0131 sunacak hem de \u00fclkemize de\u011fer katacak.\u201d<strong>&nbsp;<\/strong><\/p>\n<h2><strong>Dr. \u015eeng\u00fcl Ayd\u0131ng\u00fcn: \u201cBathonea kaz\u0131lar\u0131, \u00fclkemizdeki en b\u00fcy\u00fck bilim heyetlerinden birine sahip\u201d<\/strong><\/h2>\n<p><strong>Bathonea Antik Kenti Kaz\u0131 Ba\u015fkan\u0131 Prof. Dr. \u015eeng\u00fcl Ayd\u0131ng\u00fcn&nbsp;<\/strong>ise konu\u015fmas\u0131nda \u015fu a\u00e7\u0131klamalarda bulundu:&nbsp;\u201cKaz\u0131lar\u0131m\u0131z Avc\u0131lar\u2019\u0131n Firuzk\u00f6y yar\u0131madas\u0131 olarak adland\u0131r\u0131lan yar\u0131mada \u00fczerinde \u00fc\u00e7 noktada ger\u00e7ekle\u015fiyor: Yar\u0131madan\u0131n en ucundaki B\u00fcy\u00fck Liman, orta noktadaki K\u00fc\u00e7\u00fck Liman ve en kuzeyde bulunan ve bu y\u0131l ki kaz\u0131 \u00e7al\u0131\u015fmalar\u0131m\u0131z\u0131 y\u00fcr\u00fctt\u00fc\u011f\u00fcm\u00fcz \u2018Sur i\u00e7i\u2019 olarak adland\u0131r\u0131lan b\u00f6lge. Burada \u00e7al\u0131\u015fmalar\u0131m\u0131z\u0131 120 bilim insan\u0131yla ger\u00e7ekle\u015ftiriyoruz. Bathonea kaz\u0131lar\u0131n\u0131n \u00fclkemizdeki en b\u00fcy\u00fck bilim heyetlerinden birine sahip uluslararas\u0131 g\u00fc\u00e7l\u00fc bilim insanlar\u0131ndan olu\u015fan bir ekibe ev sahipli\u011fi yapt\u0131\u011f\u0131n\u0131 s\u00f6yleyebiliriz. Bunun yan\u0131nda arkeolojik kaz\u0131larda kas g\u00fcc\u00fcn\u00fcn b\u00fcy\u00fck \u00f6nem arz etti\u011fini ve bu \u00e7al\u0131\u015fmalarda, kazma sallayan, toprak atan, el arabas\u0131 ta\u015f\u0131yan her bir i\u015f\u00e7imizin de katk\u0131s\u0131n\u0131n \u00e7ok k\u0131ymetli oldu\u011funun da alt\u0131n\u0131 \u00e7izmek ister ve kendilerine te\u015fekk\u00fcrlerimizi sunar\u0131z. Ayr\u0131ca burada birlikte olmaktan b\u00fcy\u00fck mutluluk duydu\u011fumuz Mercedes-Benz T\u00fcrk\u2019e de bir kez daha te\u015fekk\u00fcrlerimizi sunar, bu g\u00fczel beraberli\u011fimizin uzun y\u0131llar devam etmesini dileriz.\u201d<strong>&nbsp;<\/strong><\/p>\n","protected":false},"excerpt":{"rendered":"<p>D\u00fcnyan\u0131n En \u00d6nemli Arkeolojik Ke\u015fiflerinden Bathonea Antik Kenti Mercedes-Benz T\u00fcrk sponsorlu\u011funda g\u00fcn y\u00fcz\u00fcne \u00e7\u0131kmaya devam ediyor Bathonea Antik Kenti\u2019nde imza t\u00f6reni ger\u00e7ekle\u015fti&nbsp;&nbsp; \u201cD\u00fcnyan\u0131n En \u00d6nemli Arkeolojik Ke\u015fiflerinin \u0130lk On Listesi\u201dnde de yer alan ve 2009\u2019dan bu yana kaz\u0131 \u00e7al\u0131\u015fmalar\u0131na devam edilen Bathonea Antik Kenti kaz\u0131lar\u0131 iki y\u0131ld\u0131r Mercedes-Benz T\u00fcrk sponsorlu\u011funda devam ediyor.&nbsp;&nbsp; Bathonea Antik Kenti\u2019nde [&hellip;]<\/p>\n","protected":false},"author":1,"featured_media":43162,"comment_status":"open","ping_status":"open","sticky":false,"template":"","format":"standard","meta":{"ngg_post_thumbnail":0},"categories":[26],"tags":[],"_links":{"self":[{"href":"https:\/\/emlaktuel.com\/index.php?rest_route=\/wp\/v2\/posts\/43161"}],"collection":[{"href":"https:\/\/emlaktuel.com\/index.php?rest_route=\/wp\/v2\/posts"}],"about":[{"href":"https:\/\/emlaktuel.com\/index.php?rest_route=\/wp\/v2\/types\/post"}],"author":[{"embeddable":true,"href":"https:\/\/emlaktuel.com\/index.php?rest_route=\/wp\/v2\/users\/1"}],"replies":[{"embeddable":true,"href":"https:\/\/emlaktuel.com\/index.php?rest_route=%2Fwp%2Fv2%2Fcomments&post=43161"}],"version-history":[{"count":1,"href":"https:\/\/emlaktuel.com\/index.php?rest_route=\/wp\/v2\/posts\/43161\/revisions"}],"predecessor-version":[{"id":43163,"href":"https:\/\/emlaktuel.com\/index.php?rest_route=\/wp\/v2\/posts\/43161\/revisions\/43163"}],"wp:featuredmedia":[{"embeddable":true,"href":"https:\/\/emlaktuel.com\/index.php?rest_route=\/wp\/v2\/media\/43162"}],"wp:attachment":[{"href":"https:\/\/emlaktuel.com\/index.php?rest_route=%2Fwp%2Fv2%2Fmedia&parent=43161"}],"wp:term":[{"taxonomy":"category","embeddable":true,"href":"https:\/\/emlaktuel.com\/index.php?rest_route=%2Fwp%2Fv2%2Fcategories&post=43161"},{"taxonomy":"post_tag","embeddable":true,"href":"https:\/\/emlaktuel.com\/index.php?rest_route=%2Fwp%2Fv2%2Ftags&post=43161"}],"curies":[{"name":"wp","href":"https:\/\/api.w.org\/{rel}","templated":true}]}}