{"id":43115,"date":"2023-07-22T13:56:23","date_gmt":"2023-07-22T10:56:23","guid":{"rendered":"https:\/\/emlaktuel.com\/?p=43115"},"modified":"2023-07-22T13:56:23","modified_gmt":"2023-07-22T10:56:23","slug":"ald-automotive-leaseplan-yeni-genel-mudurunu-duyurdu","status":"publish","type":"post","link":"https:\/\/emlaktuel.com\/?p=43115","title":{"rendered":"ALD Automotive | LeasePlan yeni genel m\u00fcd\u00fcr\u00fcn\u00fc duyurdu\u00a0\u00a0\u00a0\u00a0"},"content":{"rendered":"<p>ALD Automotive | LeasePlan yeni genel m\u00fcd\u00fcr\u00fcn\u00fc duyurdu&nbsp;&nbsp;&nbsp;&nbsp;<\/p>\n<p>ALD Automotive, d\u00fcnyan\u0131n \u00f6nde gelen filo y\u00f6netimi ve mobilite \u015firketlerinden LeasePlan&#8217;in global sat\u0131n alma i\u015flemini 22 May\u0131s 2023 tarihinde ba\u015far\u0131yla tamamlad\u0131. Sat\u0131n alma i\u015fleminin tamamlanmas\u0131n\u0131n ard\u0131ndan, ALD Automotive ve LeasePlan yasal onaylara tabi olarak tek bir \u015firkete entegre olma s\u00fcrecini ba\u015flatt\u0131.<\/p>\n<p>22 May\u0131s 2023 tarihinde ALD Automotive, LeasePlan&#8217;in %100&#8217;\u00fcn\u00fcn global sat\u0131n alma i\u015flemini ba\u015far\u0131yla tamamlad\u0131. Bu sat\u0131n alma i\u015fleminin tamamlanmas\u0131n\u0131n ard\u0131ndan, T\u00fcrkiye&#8217;deki ALD Automotive ve LeasePlan, yasal onaylara tabi olarak tek bir \u015firkete entegre olma s\u00fcrecine ba\u015flam\u0131\u015ft\u0131r. ALD Automotive | LeasePlan \u0130cra Kurulu Ba\u015fkan\u0131 Tim Albertsen, T\u00fcrkiye&#8217;deki birle\u015fik kurulu\u015fun stratejik geli\u015fimine liderlik etmek \u00fczere, daha \u00f6nce T\u00fcrkiye&#8217;de LeasePlan Genel M\u00fcd\u00fcr\u00fc olan T\u00fcrkay Oktay&#8217;\u0131 \u00dclke Genel M\u00fcd\u00fcr\u00fc olarak atad\u0131. Bu atama derhal y\u00fcr\u00fcrl\u00fc\u011fe girmi\u015ftir. ALD Automotive T\u00fcrkiye Genel M\u00fcd\u00fcr\u00fc Timur Ka\u00e7ar, Grup i\u00e7inde farkl\u0131 g\u00f6revler i\u00e7in de\u011ferlendirilecektir. Oktay, hem ALD Automotive hem de LeasePlan&#8217;den se\u00e7ilen ve birle\u015fen grubun ileriye d\u00f6n\u00fck zorlu entegrasyon plan\u0131n\u0131 uygulamak ve \u00f6n\u00fcm\u00fczdeki aylarda ve y\u0131llarda hedeflenen stratejik geli\u015fim b\u00fcy\u00fcmesini ba\u015far\u0131yla sa\u011flamak i\u00e7in en iyi konumda olan kilit yeteneklerden biridir.<\/p>\n<p><strong>Biyografi<\/strong><\/p>\n<p>T\u00fcrkay Oktay, 2008 y\u0131l\u0131nda LeasePlan T\u00fcrkiye Genel M\u00fcd\u00fcr\u00fc olarak atanm\u0131\u015ft\u0131r. Kariyerine \u00e7e\u015fitli bankalar\u0131n hazine, varl\u0131k ve fon y\u00f6netimi b\u00f6l\u00fcmlerinde \u00e7al\u0131\u015farak ba\u015flad\u0131. LeasePlan T\u00fcrkiye&#8217;ye kat\u0131lmadan \u00f6nce 2004-2008 y\u0131llar\u0131 aras\u0131nda Derindere Otomotiv Grubu&#8217;nda Genel M\u00fcd\u00fcr ve 2001-2004 y\u0131llar\u0131 aras\u0131nda Ak Menkul De\u011ferler&#8217;de Genel M\u00fcd\u00fcr olarak g\u00f6rev alm\u0131\u015ft\u0131r. ODT\u00dc Elektrik ve Elektronik M\u00fchendisli\u011fi b\u00f6l\u00fcm\u00fcnden mezun olan Oktay, Bilkent \u00dcniversitesi&#8217;nden MBA derecesine sahiptir. Oktay, 2015-2018 y\u0131llar\u0131 aras\u0131nda TOKKDER (Ara\u00e7 Kiralama ve Leasing Derne\u011fi) ba\u015fkanl\u0131\u011f\u0131 g\u00f6revini de y\u00fcr\u00fctm\u00fc\u015ft\u00fcr.<\/p>\n","protected":false},"excerpt":{"rendered":"<p>ALD Automotive | LeasePlan yeni genel m\u00fcd\u00fcr\u00fcn\u00fc duyurdu&nbsp;&nbsp;&nbsp;&nbsp; ALD Automotive, d\u00fcnyan\u0131n \u00f6nde gelen filo y\u00f6netimi ve mobilite \u015firketlerinden LeasePlan&#8217;in global sat\u0131n alma i\u015flemini 22 May\u0131s 2023 tarihinde ba\u015far\u0131yla tamamlad\u0131. Sat\u0131n alma i\u015fleminin tamamlanmas\u0131n\u0131n ard\u0131ndan, ALD Automotive ve LeasePlan yasal onaylara tabi olarak tek bir \u015firkete entegre olma s\u00fcrecini ba\u015flatt\u0131. 22 May\u0131s 2023 tarihinde ALD Automotive, [&hellip;]<\/p>\n","protected":false},"author":1,"featured_media":43116,"comment_status":"open","ping_status":"open","sticky":false,"template":"","format":"standard","meta":{"ngg_post_thumbnail":0},"categories":[5215],"tags":[17194],"_links":{"self":[{"href":"https:\/\/emlaktuel.com\/index.php?rest_route=\/wp\/v2\/posts\/43115"}],"collection":[{"href":"https:\/\/emlaktuel.com\/index.php?rest_route=\/wp\/v2\/posts"}],"about":[{"href":"https:\/\/emlaktuel.com\/index.php?rest_route=\/wp\/v2\/types\/post"}],"author":[{"embeddable":true,"href":"https:\/\/emlaktuel.com\/index.php?rest_route=\/wp\/v2\/users\/1"}],"replies":[{"embeddable":true,"href":"https:\/\/emlaktuel.com\/index.php?rest_route=%2Fwp%2Fv2%2Fcomments&post=43115"}],"version-history":[{"count":1,"href":"https:\/\/emlaktuel.com\/index.php?rest_route=\/wp\/v2\/posts\/43115\/revisions"}],"predecessor-version":[{"id":43117,"href":"https:\/\/emlaktuel.com\/index.php?rest_route=\/wp\/v2\/posts\/43115\/revisions\/43117"}],"wp:featuredmedia":[{"embeddable":true,"href":"https:\/\/emlaktuel.com\/index.php?rest_route=\/wp\/v2\/media\/43116"}],"wp:attachment":[{"href":"https:\/\/emlaktuel.com\/index.php?rest_route=%2Fwp%2Fv2%2Fmedia&parent=43115"}],"wp:term":[{"taxonomy":"category","embeddable":true,"href":"https:\/\/emlaktuel.com\/index.php?rest_route=%2Fwp%2Fv2%2Fcategories&post=43115"},{"taxonomy":"post_tag","embeddable":true,"href":"https:\/\/emlaktuel.com\/index.php?rest_route=%2Fwp%2Fv2%2Ftags&post=43115"}],"curies":[{"name":"wp","href":"https:\/\/api.w.org\/{rel}","templated":true}]}}