{"id":4301,"date":"2016-08-14T12:17:46","date_gmt":"2016-08-14T09:17:46","guid":{"rendered":"http:\/\/emlaktuel.com\/?p=4301"},"modified":"2018-07-05T14:34:13","modified_gmt":"2018-07-05T11:34:13","slug":"evora-denizlide-yuzde-12-indirim-firsati","status":"publish","type":"post","link":"https:\/\/emlaktuel.com\/?p=4301","title":{"rendered":"Evora Denizli&#8217;de y\u00fczde 12 indirim f\u0131rsat\u0131!"},"content":{"rendered":"<h1 class=\"news-detail-title selectionShareable\">Teknik Yap\u0131 taraf\u0131ndan hayata ge\u00e7irilen, Emlak Konut GYO\u2019nun Denizli\u2019deki ilk rezidans projesi olan Evora Denizli\u2019nin rezidans etab\u0131 sat\u0131\u015fa \u00e7\u0131kt\u0131. Projede Emlak Konut kampanyas\u0131na ek olarak y\u00fczde 12 indirim yap\u0131l\u0131yor<\/h1>\n<div class=\"clear\"><\/div>\n<div class=\"centerAd\"><\/div>\n<div class=\"clear\"><\/div>\n<div>\n<p>Toplam 171 rezidans daireden olu\u015fan ve home office tarz\u0131ndaki 1+1 ve 2+1 tipindeki daireler 189 bin liradan sat\u0131\u015fa sunuldu. Rezidans etab\u0131n\u0131n ya\u015fam\u0131 kolayla\u015ft\u0131ran hizmetler ve sundu\u011fu sosyal imkanlarla \u00f6n planda olaca\u011f\u0131n\u0131 ifade eden Teknik Yap\u0131 Y\u00f6netim Kurulu Ba\u015fkan Yard\u0131mc\u0131s\u0131 Umut Durbakay\u0131m, \u201cDaire sahiplerinin konforlu ya\u015fam ve i\u015f hayat\u0131n\u0131 ayn\u0131 mekanda ya\u015fayabilmesi i\u00e7in rezidans b\u00f6l\u00fcm\u00fcnde toplant\u0131 odalar\u0131n\u0131n yan\u0131s\u0131ra house keeping, resepsiyon ve g\u00fcvenlik hizmetleri gibi servisler verilecek\u201d dedi.<\/p>\n<h2>Y\u00fczde 12 indirim<\/h2>\n<p>Rezidans dairelerin, Emlak Konut\u2019un ba\u015flatt\u0131\u011f\u0131 0.70 faiz oran\u0131yla 120 ay vadeli \u2018tarihi konut kampanyas\u0131na\u2019 ek olarak y\u00fczde 12 indirim yap\u0131laca\u011f\u0131n\u0131 belirten Durbakay\u0131m, \u201cBu avantajlara ek olarak pe\u015fin al\u0131mlarda y\u00fczde 12 indirim yaparak g\u00fc\u00e7 birli\u011finin sembol\u00fc olan kampanyaya deste\u011fimizi art\u0131r\u0131yoruz. Lansman kampanyas\u0131 31 A\u011fustos\u2019a kadar s\u00fcrecek. Ticari birimler ise daha sonra sat\u0131\u015fa \u00e7\u0131kacak\u201d dedi.<\/p>\n<p>Yakla\u015f\u0131k 1500 daireden olu\u015fan Evora Denizli projesindeki ticari \u00fcniteler ve spor alanlar\u0131n\u0131 b\u00fcnyesinde bar\u0131nd\u0131ran rezidans b\u00f6l\u00fcm\u00fcnde 117 adet 1+1 ve 54 adet 2+1 tipi rezidans daire yer al\u0131yor. Daire b\u00fcy\u00fckl\u00fckleri ise br\u00fct 58.55 ile 111.18 metrekare aral\u0131\u011f\u0131nda de\u011fi\u015fiyor. Ayr\u0131ca projeye bir asans\u00f6r mesafesi uzakl\u0131kta bulunan 18 ticari \u00fcnite hem projeye, hem de b\u00f6lgeye hizmet verecek. Rezidans blo\u011funda yer alan, kapal\u0131 ve a\u00e7\u0131k y\u00fczme havuzlar\u0131na sahip spor salonunda ise proje sakinlerine avantajl\u0131 \u00fcyelik imkan\u0131 sunulacak.<\/p>\n<p><a href=\"http:\/\/emlaktuel.com\/\">http:\/\/evoradenizli.com\/<\/a><\/p>\n<\/div>\n","protected":false},"excerpt":{"rendered":"<p>Teknik Yap\u0131 taraf\u0131ndan hayata ge\u00e7irilen, Emlak Konut GYO\u2019nun Denizli\u2019deki ilk rezidans projesi olan Evora Denizli\u2019nin rezidans etab\u0131 sat\u0131\u015fa \u00e7\u0131kt\u0131. Projede Emlak Konut kampanyas\u0131na ek olarak y\u00fczde 12 indirim yap\u0131l\u0131yor Toplam 171 rezidans daireden olu\u015fan ve home office tarz\u0131ndaki 1+1 ve 2+1 tipindeki daireler 189 bin liradan sat\u0131\u015fa sunuldu. Rezidans etab\u0131n\u0131n ya\u015fam\u0131 kolayla\u015ft\u0131ran hizmetler ve sundu\u011fu [&hellip;]<\/p>\n","protected":false},"author":1,"featured_media":4302,"comment_status":"open","ping_status":"open","sticky":false,"template":"","format":"standard","meta":{"ngg_post_thumbnail":0},"categories":[219],"tags":[191,11350,459,78,2883,11073,11186,11274,11456,11156],"_links":{"self":[{"href":"https:\/\/emlaktuel.com\/index.php?rest_route=\/wp\/v2\/posts\/4301"}],"collection":[{"href":"https:\/\/emlaktuel.com\/index.php?rest_route=\/wp\/v2\/posts"}],"about":[{"href":"https:\/\/emlaktuel.com\/index.php?rest_route=\/wp\/v2\/types\/post"}],"author":[{"embeddable":true,"href":"https:\/\/emlaktuel.com\/index.php?rest_route=\/wp\/v2\/users\/1"}],"replies":[{"embeddable":true,"href":"https:\/\/emlaktuel.com\/index.php?rest_route=%2Fwp%2Fv2%2Fcomments&post=4301"}],"version-history":[{"count":1,"href":"https:\/\/emlaktuel.com\/index.php?rest_route=\/wp\/v2\/posts\/4301\/revisions"}],"predecessor-version":[{"id":4303,"href":"https:\/\/emlaktuel.com\/index.php?rest_route=\/wp\/v2\/posts\/4301\/revisions\/4303"}],"wp:featuredmedia":[{"embeddable":true,"href":"https:\/\/emlaktuel.com\/index.php?rest_route=\/wp\/v2\/media\/4302"}],"wp:attachment":[{"href":"https:\/\/emlaktuel.com\/index.php?rest_route=%2Fwp%2Fv2%2Fmedia&parent=4301"}],"wp:term":[{"taxonomy":"category","embeddable":true,"href":"https:\/\/emlaktuel.com\/index.php?rest_route=%2Fwp%2Fv2%2Fcategories&post=4301"},{"taxonomy":"post_tag","embeddable":true,"href":"https:\/\/emlaktuel.com\/index.php?rest_route=%2Fwp%2Fv2%2Ftags&post=4301"}],"curies":[{"name":"wp","href":"https:\/\/api.w.org\/{rel}","templated":true}]}}