{"id":42985,"date":"2023-07-04T15:34:01","date_gmt":"2023-07-04T12:34:01","guid":{"rendered":"https:\/\/emlaktuel.com\/?p=42985"},"modified":"2023-07-04T15:34:01","modified_gmt":"2023-07-04T12:34:01","slug":"onallar-insaat-istanbul-ve-bodrum-projeleri-ile-dikkat-cekiyor","status":"publish","type":"post","link":"https:\/\/emlaktuel.com\/?p=42985","title":{"rendered":"\u00d6nallar \u0130n\u015faat \u0130stanbul ve Bodrum Projeleri ile Dikkat \u00e7ekiyor"},"content":{"rendered":"<p><strong>\u00d6nallar \u0130n\u015faat \u0130stanbul ve Bodrum Projeleri ile Dikkat \u00e7ekiyor<\/strong><\/p>\n<p><strong>\u00d6nallar \u0130n\u015faat gayrimenkul sekt\u00f6r\u00fcnde 5 y\u0131l gibi k\u0131sa bir s\u00fcrede tamamlad\u0131\u011f\u0131 projeleri ile dikkat \u00e7ekmeye devam ediyor. Giresun, \u0130stanbul ve Bodrum projeleri ile bug\u00fcne kadar toplam 200.000m2 in\u015faat alan\u0131 \u00fczerine 10 proje i\u00e7inde toplam 695 daire, 65 ticari alan s\u0131\u011fd\u0131ran \u00d6nallar \u0130n\u015faat yat\u0131r\u0131mlar\u0131na h\u0131z kesmeden devam ediyor. <\/strong><\/p>\n<p>Giresun\u2019da 160 dairede olu\u015fan Kale Park Evleri projesi ile sekt\u00f6re giri\u015f yapan \u00d6nallar \u0130n\u015faat, \u0130stanbul ve Bodrum\u2019da farkl\u0131 konseptlerde geli\u015ftirdi\u011fi yeni projelerle toplamda 695 daire ve 65 ticari alana ula\u015ft\u0131.<\/p>\n<p>\u00d6nallar \u0130n\u015faat \u0130stanbul Tuzla\u2019da hayata ge\u00e7irdi\u011fi \u00d6nallar Flats projesi toplam 77 daire, mini bir AVM niteli\u011finde 42 ticari alan ve 11 kattan olu\u015fuyor. Anadolu yakas\u0131nda konumu ve mimarisiyle ilgi \u00e7eken A s\u0131n\u0131f\u0131 bir proje 11 m2 ve 101 m2 2 +1 daire se\u00e7enekleri ve 150 m2 den olu\u015fan 3 + 1 daire se\u00e7enekleri ile E-5 karayolu \u00fczerinde bulunmas\u0131, havaliman\u0131na olan k\u0131sa mesafesi, deniz manzaras\u0131 ile yat\u0131r\u0131mc\u0131lar\u0131n dikkatini \u00e7eken bir proje. Projenin profesyonel sat\u0131\u015f ve pazarlama ekipleri \u00fczerinden sat\u0131\u015flar\u0131 s\u00fcr\u00fcyor. \u00d6nallar \u0130n\u015faat ayn\u0131 zamanda \u0130stanbul\u2019da yeni projeler i\u00e7in fizibilite \u00e7al\u0131\u015fmalar\u0131na ve ara\u015ft\u0131rmalar\u0131na devam ediyor.<\/p>\n<p>16 adet daireden olu\u015fan \u00d6nallar Life projesi ile Bodrum\u2019da ilk projesini ger\u00e7ekle\u015ftiren \u00d6nallar \u0130n\u015faat A\u011fustos ay\u0131nda projenin teslimini ger\u00e7ekle\u015ftirmi\u015f olacak. Bodrum Yal\u0131kavak yolu \u00fczerinde ger\u00e7ekle\u015ftirilen proje Bodrum Merkez\u2019e 9 km gibi k\u0131sa bir mesafede bulunuyor. \u00d6nallar Life 2 katl\u0131 ve 3 + 1 olarak tasarland\u0131. \u00d6nallar \u0130n\u015faat k\u0131sa bir s\u00fcre i\u00e7erisinde sat\u0131\u015f\u0131 ger\u00e7ekle\u015fen proje \u00fczerine Bodrum\u2019da 40 adet malikane ve villadan olu\u015facak yeni projelerinin de haz\u0131rl\u0131klar\u0131na ba\u015flad\u0131.<\/p>\n<p>&nbsp;<\/p>\n<p>&nbsp;<\/p>\n","protected":false},"excerpt":{"rendered":"<p>\u00d6nallar \u0130n\u015faat \u0130stanbul ve Bodrum Projeleri ile Dikkat \u00e7ekiyor \u00d6nallar \u0130n\u015faat gayrimenkul sekt\u00f6r\u00fcnde 5 y\u0131l gibi k\u0131sa bir s\u00fcrede tamamlad\u0131\u011f\u0131 projeleri ile dikkat \u00e7ekmeye devam ediyor. Giresun, \u0130stanbul ve Bodrum projeleri ile bug\u00fcne kadar toplam 200.000m2 in\u015faat alan\u0131 \u00fczerine 10 proje i\u00e7inde toplam 695 daire, 65 ticari alan s\u0131\u011fd\u0131ran \u00d6nallar \u0130n\u015faat yat\u0131r\u0131mlar\u0131na h\u0131z kesmeden devam [&hellip;]<\/p>\n","protected":false},"author":1,"featured_media":42986,"comment_status":"open","ping_status":"open","sticky":false,"template":"","format":"standard","meta":{"ngg_post_thumbnail":0},"categories":[26,219],"tags":[17163],"_links":{"self":[{"href":"https:\/\/emlaktuel.com\/index.php?rest_route=\/wp\/v2\/posts\/42985"}],"collection":[{"href":"https:\/\/emlaktuel.com\/index.php?rest_route=\/wp\/v2\/posts"}],"about":[{"href":"https:\/\/emlaktuel.com\/index.php?rest_route=\/wp\/v2\/types\/post"}],"author":[{"embeddable":true,"href":"https:\/\/emlaktuel.com\/index.php?rest_route=\/wp\/v2\/users\/1"}],"replies":[{"embeddable":true,"href":"https:\/\/emlaktuel.com\/index.php?rest_route=%2Fwp%2Fv2%2Fcomments&post=42985"}],"version-history":[{"count":1,"href":"https:\/\/emlaktuel.com\/index.php?rest_route=\/wp\/v2\/posts\/42985\/revisions"}],"predecessor-version":[{"id":42987,"href":"https:\/\/emlaktuel.com\/index.php?rest_route=\/wp\/v2\/posts\/42985\/revisions\/42987"}],"wp:featuredmedia":[{"embeddable":true,"href":"https:\/\/emlaktuel.com\/index.php?rest_route=\/wp\/v2\/media\/42986"}],"wp:attachment":[{"href":"https:\/\/emlaktuel.com\/index.php?rest_route=%2Fwp%2Fv2%2Fmedia&parent=42985"}],"wp:term":[{"taxonomy":"category","embeddable":true,"href":"https:\/\/emlaktuel.com\/index.php?rest_route=%2Fwp%2Fv2%2Fcategories&post=42985"},{"taxonomy":"post_tag","embeddable":true,"href":"https:\/\/emlaktuel.com\/index.php?rest_route=%2Fwp%2Fv2%2Ftags&post=42985"}],"curies":[{"name":"wp","href":"https:\/\/api.w.org\/{rel}","templated":true}]}}