{"id":42982,"date":"2023-07-04T12:06:00","date_gmt":"2023-07-04T09:06:00","guid":{"rendered":"https:\/\/emlaktuel.com\/?p=42982"},"modified":"2023-07-04T12:06:00","modified_gmt":"2023-07-04T09:06:00","slug":"gayrimenkul-sektorunde-dusuk-faizli-kredi-beklentisi","status":"publish","type":"post","link":"https:\/\/emlaktuel.com\/?p=42982","title":{"rendered":"Gayrimenkul Sekt\u00f6r\u00fcnde D\u00fc\u015f\u00fck Faizli Kredi Beklentisi"},"content":{"rendered":"<h2><b>Gayrimenkul Sekt\u00f6r\u00fcnde D\u00fc\u015f\u00fck Faizli Kredi Beklentisi<\/b><\/h2>\n<p>Gayrimenkul sekt\u00f6r\u00fcnde y\u0131l\u0131n ilk yar\u0131s\u0131n\u0131 de\u011ferlendiren&nbsp;<span style=\"color: #222222;\">Gayrimenkul Hizmet Ortakl\u0131\u011f\u0131 (GHO) Kurucusu Hasan Can \u00c7alg\u0131r, deprem ve se\u00e7im dolay\u0131s\u0131yla dura\u011fanla\u015fan piyasalar\u0131n, d\u00fc\u015f\u00fck faizli kredi beklentisi i\u00e7inde oldu\u011funu s\u00f6yledi.<\/span><\/p>\n<p><span style=\"color: #222222;\">Y\u0131l\u0131n ilk 6 ay\u0131ndaki dura\u011fanl\u0131\u011f\u0131n bir di\u011fer nedeninin ise konut sahibi olmak isteyen vatanda\u015flar\u0131n uygun kredi bulamamalar\u0131 oldu\u011funa dikkat \u00e7eken \u00c7alg\u0131r, konut ihtiyac\u0131n\u0131n ise g\u00fcncelli\u011fini korudu\u011funu dile getirdi.<\/span><\/p>\n<p><span style=\"color: #222222;\">GHO olarak y\u0131l sonunda 50 \u015fubeye ula\u015fmay\u0131 hedeflediklerini kaydeden \u00c7alg\u0131r, \u201c\u0130zmir merkezli bir firma olarak T\u00fcrkiye genelinde yeni ofislerle hizmet a\u011f\u0131m\u0131z\u0131 geni\u015fletiyoruz. 2023 y\u0131l\u0131 sonunda 50 ofis hedefimize ula\u015fmak i\u00e7in g\u00f6r\u00fc\u015fmelerimiz devam ediyor. \u015eu anda yeni franchiselar\u0131m\u0131zla birlikte 32 \u015fubeye ula\u015ft\u0131k. Emlak taraf\u0131nda proje ve ticari alanlarda da talepler al\u0131yoruz. Profesyonel ekibimiz ve yayg\u0131n hizmet a\u011f\u0131yla gayrimenkul\u00fcn t\u00fcm alanlar\u0131nda hizmet vermeyi s\u00fcrd\u00fcr\u00fcyoruz\u201d diye konu\u015ftu.<\/span><\/p>\n<h2><span style=\"color: #111111;\">Ta\u015f Evler, Uzun \u00d6m\u00fcrl\u00fc ve Depreme Dayan\u0131kl\u0131<\/span><\/h2>\n<p><span style=\"color: #111111;\">Gayrimenkul dan\u0131\u015fmanl\u0131\u011f\u0131n\u0131n yan\u0131nda GHO b\u00fcnyesinde hizmet veren Ta\u015f Ev T\u00fcrkiye markas\u0131yla uzun \u00f6m\u00fcrl\u00fc ve depreme dayan\u0131kl\u0131 ta\u015f evler in\u015fa ettiklerini de hat\u0131rlatan Hasan Can \u00c7alg\u0131r, Didim Akb\u00fck&#8217;teki yeni GHO ofisinin de ta\u015f ev konseptiyle hizmet verece\u011fini kaydetti.<\/span><\/p>\n<p><span style=\"color: #111111;\">Ta\u015f Ev T\u00fcrkiye markas\u0131yla \u00fclke genelinde do\u011fal ve sa\u011fl\u0131kl\u0131 ya\u015fam sunan ta\u015f evler in\u015fa ettikleri bilgisini veren \u00c7alg\u0131r, s\u00f6zlerini \u015f\u00f6yle s\u00fcrd\u00fcrd\u00fc: \u201cPandemi ve depremler sonras\u0131nda Ta\u015f Ev T\u00fcrkiye&#8217;ye olan ilgi de artt\u0131. \u00d6zellikle sahil kesimleri ve Ege B\u00f6lgesi&#8217;nde ta\u015f ev projelerine ilgi \u00e7ok y\u00fcksek. \u0130nsanlar ta\u015f ev konseptini seviyor. Ayr\u0131 bir s\u0131cakl\u0131\u011f\u0131 ve k\u00f6y ya\u015fam\u0131 havas\u0131 bulunuyor. Ta\u015f, eskiden beri en \u00e7ok kullan\u0131lan yap\u0131 malzemesidir. Hem yaz ve k\u0131\u015f aylar\u0131nda yal\u0131t\u0131m sa\u011fl\u0131yor; hem de 9 \u015fiddetinde depreme dayan\u0131yor. Ta\u015f evlerin yap\u0131m\u0131nda do\u011fal ta\u015flar ve i\u015flenmemi\u015f mermer kullan\u0131yoruz. Yap\u0131m\u0131 \u00f6zen ve deneyim gerektiren, uygulanmas\u0131 maliyetli bir i\u015flem. Ama uzun y\u0131llar dayan\u0131kl\u0131 ve kal\u0131c\u0131 bir konuta da sahip oluyorsunuz. Bu konuda m\u00fc\u015fterilerimize dan\u0131\u015fmanl\u0131k hizmeti de veriyoruz. \u00c7anakkale, Bolu, Trakya ve Ege&#8217;den ta\u015f eve y\u00f6nelik talepler de giderek art\u0131yor \u201d<\/span><\/p>\n<p>&nbsp;<\/p>\n<p>&nbsp;<\/p>\n<p>&nbsp;<\/p>\n","protected":false},"excerpt":{"rendered":"<p>Gayrimenkul Sekt\u00f6r\u00fcnde D\u00fc\u015f\u00fck Faizli Kredi Beklentisi Gayrimenkul sekt\u00f6r\u00fcnde y\u0131l\u0131n ilk yar\u0131s\u0131n\u0131 de\u011ferlendiren&nbsp;Gayrimenkul Hizmet Ortakl\u0131\u011f\u0131 (GHO) Kurucusu Hasan Can \u00c7alg\u0131r, deprem ve se\u00e7im dolay\u0131s\u0131yla dura\u011fanla\u015fan piyasalar\u0131n, d\u00fc\u015f\u00fck faizli kredi beklentisi i\u00e7inde oldu\u011funu s\u00f6yledi. Y\u0131l\u0131n ilk 6 ay\u0131ndaki dura\u011fanl\u0131\u011f\u0131n bir di\u011fer nedeninin ise konut sahibi olmak isteyen vatanda\u015flar\u0131n uygun kredi bulamamalar\u0131 oldu\u011funa dikkat \u00e7eken \u00c7alg\u0131r, konut ihtiyac\u0131n\u0131n [&hellip;]<\/p>\n","protected":false},"author":1,"featured_media":42983,"comment_status":"open","ping_status":"open","sticky":false,"template":"","format":"standard","meta":{"ngg_post_thumbnail":0},"categories":[5388],"tags":[],"_links":{"self":[{"href":"https:\/\/emlaktuel.com\/index.php?rest_route=\/wp\/v2\/posts\/42982"}],"collection":[{"href":"https:\/\/emlaktuel.com\/index.php?rest_route=\/wp\/v2\/posts"}],"about":[{"href":"https:\/\/emlaktuel.com\/index.php?rest_route=\/wp\/v2\/types\/post"}],"author":[{"embeddable":true,"href":"https:\/\/emlaktuel.com\/index.php?rest_route=\/wp\/v2\/users\/1"}],"replies":[{"embeddable":true,"href":"https:\/\/emlaktuel.com\/index.php?rest_route=%2Fwp%2Fv2%2Fcomments&post=42982"}],"version-history":[{"count":1,"href":"https:\/\/emlaktuel.com\/index.php?rest_route=\/wp\/v2\/posts\/42982\/revisions"}],"predecessor-version":[{"id":42984,"href":"https:\/\/emlaktuel.com\/index.php?rest_route=\/wp\/v2\/posts\/42982\/revisions\/42984"}],"wp:featuredmedia":[{"embeddable":true,"href":"https:\/\/emlaktuel.com\/index.php?rest_route=\/wp\/v2\/media\/42983"}],"wp:attachment":[{"href":"https:\/\/emlaktuel.com\/index.php?rest_route=%2Fwp%2Fv2%2Fmedia&parent=42982"}],"wp:term":[{"taxonomy":"category","embeddable":true,"href":"https:\/\/emlaktuel.com\/index.php?rest_route=%2Fwp%2Fv2%2Fcategories&post=42982"},{"taxonomy":"post_tag","embeddable":true,"href":"https:\/\/emlaktuel.com\/index.php?rest_route=%2Fwp%2Fv2%2Ftags&post=42982"}],"curies":[{"name":"wp","href":"https:\/\/api.w.org\/{rel}","templated":true}]}}