{"id":42960,"date":"2023-06-22T11:30:35","date_gmt":"2023-06-22T08:30:35","guid":{"rendered":"https:\/\/emlaktuel.com\/?p=42960"},"modified":"2023-06-22T12:01:29","modified_gmt":"2023-06-22T09:01:29","slug":"bayramin-gozdesi-tiny-houselara-talep-yukselise-gecti","status":"publish","type":"post","link":"https:\/\/emlaktuel.com\/?p=42960","title":{"rendered":"Bayram\u0131n g\u00f6zdesi Tiny House&#8217;lara talep y\u00fckseli\u015fe ge\u00e7ti"},"content":{"rendered":"<p><strong>Kurban Bayram\u0131 tatilinin 9 g\u00fcn olmas\u0131, turizm b\u00f6lgeleri kapsam\u0131ndaki tatil rezervasyonlar\u0131nda ciddi bir talep olu\u015fturdu. Bayrama bir hafta kala ortalama doluluk oranlar\u0131 artmaya devam ederken, son teknoloji ile ev konforu sunan tiny houselara ilgi de yo\u011funla\u015fmaya ba\u015flad\u0131. Turizmin olmazsa olmaz\u0131 otellerin yerini almaya ba\u015flayan bu konaklama trendi,<\/strong>&nbsp;<strong>yat\u0131r\u0131mc\u0131lar\u0131n ve tatilcilerin g\u00f6zbebe\u011fi haline geldi.<\/strong>&nbsp;<strong>Oteller ile ayn\u0131 hizmet kapasitesine sahip olan tiny house konaklama modelleri, yerli ve yabanc\u0131 turistlerin de tercihi olmaya ba\u015flad\u0131. Konu hakk\u0131nda a\u00e7\u0131klamalarda bulunan T\u00fcrkiye\u2019nin ilk tiny house \u00fcretici firmas\u0131 Yako Groups\u2019 un Y\u00f6netim Kurulu Ba\u015fkan\u0131 Galip \u00d6lmez, tiny house konaklama modellerinin b\u00f6lgesel turizm ekonomisinin g\u00fc\u00e7lenmesinde b\u00fcy\u00fck bir rol oynad\u0131\u011f\u0131n\u0131 vurgulad\u0131\u2026<\/strong><\/p>\n<h2><strong>TINY HOUSE\u2019LAR B\u00d6LGESEL TUR\u0130ZM EKONOM\u0130S\u0130N\u0130 G\u00dc\u00c7LEND\u0130R\u0130YOR<\/strong><\/h2>\n<p><strong>Yako Groups Y\u00f6netim Kurulu Ba\u015fkan\u0131 Galip \u00d6lmez, turizm b\u00f6lgelerinde tiny house konaklama modelinin gittik\u00e7e pop\u00fcler bir hal ald\u0131\u011f\u0131n\u0131 dile getirerek;&nbsp;<\/strong>\u201c\u00dclkemizde turizm ivmesi her ge\u00e7en y\u0131l y\u00fckseliyor. \u00d6zellikle de yaz aylar\u0131nda \u00fclkemizin turizm sekt\u00f6r\u00fc b\u00fcy\u00fcmeye devam ediyor. Tatil yapmak isteyen vatanda\u015flar\u0131n bir\u00e7o\u011fu art\u0131k geleneksel tek tip tatil planlar\u0131 yerine daha d\u00fc\u015f\u00fck maliyetli ve bireysel konaklama modellerine y\u00f6nelerek tercihlerini \u00e7e\u015fitlendiriyor. Turistler bir s\u00fcre sonra yaln\u0131zca k\u0131sa bir tatil ama\u00e7l\u0131 de\u011fil geni\u015f tarih aral\u0131kl\u0131 seyahatler planlayarak tiny houselar\u0131 kiral\u0131yorlar. Bu konaklama trendinin mevsim fark etmeksizin t\u00fcm sezon tatillerinde avantajl\u0131 bir se\u00e7enek olmas\u0131 da bu durumun temel nedenleri aras\u0131nda bulunuyor. Ya\u015fanan felaketler ve pandemiden sonra ger\u00e7ekten tatil al\u0131\u015fkanl\u0131klar\u0131 \u00e7ok de\u011fi\u015fti. \u0130nsanlar do\u011fayla i\u00e7 i\u00e7e turizme \u00e7ok b\u00fcy\u00fck bir ilgi duymaya ba\u015flad\u0131. Zaten bir tiny house konaklama sisteminde t\u0131pk\u0131 bir otel gibi her detay d\u00fc\u015f\u00fcn\u00fclerek misafirlerimize konfor sa\u011flan\u0131yor. G\u00f6rd\u00fc\u011f\u00fcm\u00fcz bu ra\u011fbet ve hareketlilik hem tiny house konaklama turizmine y\u00f6nelik ilginin artt\u0131\u011f\u0131n\u0131 hem de gelecek d\u00f6nemlerde de bu tip konaklama modellerinin tercih edilmeye devam edece\u011fini g\u00f6steriyor\u201d ifadelerini kulland\u0131.<\/p>\n<p>&nbsp;<\/p>\n","protected":false},"excerpt":{"rendered":"<p>Kurban Bayram\u0131 tatilinin 9 g\u00fcn olmas\u0131, turizm b\u00f6lgeleri kapsam\u0131ndaki tatil rezervasyonlar\u0131nda ciddi bir talep olu\u015fturdu. Bayrama bir hafta kala ortalama doluluk oranlar\u0131 artmaya devam ederken, son teknoloji ile ev konforu sunan tiny houselara ilgi de yo\u011funla\u015fmaya ba\u015flad\u0131. Turizmin olmazsa olmaz\u0131 otellerin yerini almaya ba\u015flayan bu konaklama trendi,&nbsp;yat\u0131r\u0131mc\u0131lar\u0131n ve tatilcilerin g\u00f6zbebe\u011fi haline geldi.&nbsp;Oteller ile ayn\u0131 hizmet [&hellip;]<\/p>\n","protected":false},"author":1,"featured_media":37962,"comment_status":"open","ping_status":"open","sticky":false,"template":"","format":"standard","meta":{"ngg_post_thumbnail":0},"categories":[5388],"tags":[],"_links":{"self":[{"href":"https:\/\/emlaktuel.com\/index.php?rest_route=\/wp\/v2\/posts\/42960"}],"collection":[{"href":"https:\/\/emlaktuel.com\/index.php?rest_route=\/wp\/v2\/posts"}],"about":[{"href":"https:\/\/emlaktuel.com\/index.php?rest_route=\/wp\/v2\/types\/post"}],"author":[{"embeddable":true,"href":"https:\/\/emlaktuel.com\/index.php?rest_route=\/wp\/v2\/users\/1"}],"replies":[{"embeddable":true,"href":"https:\/\/emlaktuel.com\/index.php?rest_route=%2Fwp%2Fv2%2Fcomments&post=42960"}],"version-history":[{"count":1,"href":"https:\/\/emlaktuel.com\/index.php?rest_route=\/wp\/v2\/posts\/42960\/revisions"}],"predecessor-version":[{"id":42961,"href":"https:\/\/emlaktuel.com\/index.php?rest_route=\/wp\/v2\/posts\/42960\/revisions\/42961"}],"wp:featuredmedia":[{"embeddable":true,"href":"https:\/\/emlaktuel.com\/index.php?rest_route=\/wp\/v2\/media\/37962"}],"wp:attachment":[{"href":"https:\/\/emlaktuel.com\/index.php?rest_route=%2Fwp%2Fv2%2Fmedia&parent=42960"}],"wp:term":[{"taxonomy":"category","embeddable":true,"href":"https:\/\/emlaktuel.com\/index.php?rest_route=%2Fwp%2Fv2%2Fcategories&post=42960"},{"taxonomy":"post_tag","embeddable":true,"href":"https:\/\/emlaktuel.com\/index.php?rest_route=%2Fwp%2Fv2%2Ftags&post=42960"}],"curies":[{"name":"wp","href":"https:\/\/api.w.org\/{rel}","templated":true}]}}