{"id":42909,"date":"2023-06-16T14:36:48","date_gmt":"2023-06-16T11:36:48","guid":{"rendered":"https:\/\/emlaktuel.com\/?p=42909"},"modified":"2023-06-16T14:36:48","modified_gmt":"2023-06-16T11:36:48","slug":"karadag-turk-gayrimenkul-yatirimcilarinin-radarina-girdi","status":"publish","type":"post","link":"https:\/\/emlaktuel.com\/?p=42909","title":{"rendered":"Karada\u011f, T\u00fcrk gayrimenkul yat\u0131r\u0131mc\u0131lar\u0131n\u0131n radar\u0131na girdi"},"content":{"rendered":"<p><strong>Karada\u011f, T\u00fcrk gayrimenkul yat\u0131r\u0131mc\u0131lar\u0131n\u0131n radar\u0131na girdi.<\/strong><\/p>\n<p><strong>T\u00fcrk gayrimenkul yat\u0131r\u0131mc\u0131lar\u0131 rotas\u0131n\u0131 Karada\u011f\u2019a \u00e7evirdi. T\u00fcrkiye\u2019deki yat\u0131r\u0131mc\u0131lara Karada\u011f\u2019da gayrimenkul sat\u0131\u015f\u0131 yaparak yerel pazar\u0131n avantajlar\u0131ndan yararlanmalar\u0131n\u0131 sa\u011flayan Realty Balkans Emlak, b\u00f6lgedeki mevcut piyasa ko\u015fullar\u0131n\u0131 de\u011ferlendirdi. Karada\u011f\u2019daki gayrimenkul fiyatlar\u0131n\u0131n di\u011fer \u00fclkelere k\u0131yasla daha uygun oldu\u011funa dikkat \u00e7ekerken, h\u00fck\u00fcmetin uluslararas\u0131 yat\u0131r\u0131mc\u0131lar i\u00e7in olu\u015fturdu\u011fu te\u015fvik paketleri hakk\u0131nda&nbsp; da bilgi verdi.&nbsp;<\/strong><\/p>\n<p>T\u00fcrk gayrimenkul yat\u0131r\u0131mc\u0131lar\u0131, Balkanlar\u0131n gayrimenkul sat\u0131\u015flar\u0131nda parlayan y\u0131ld\u0131z\u0131 olan Karada\u011f&#8217;a y\u00f6neliyor. Karada\u011f h\u00fck\u00fcmeti, uluslararas\u0131 gayrimenkul yat\u0131r\u0131mc\u0131lar\u0131na te\u015fvik paketi sunarak bu ilgiyi destekliyor. Avrupa&#8217;n\u0131n g\u00fcneyinde uygun fiyatl\u0131 gayrimenkul arayanlar i\u00e7in Karada\u011f, tercih edilen bir destinasyon haline geldi. \u00dclkenin gayrimenkul fiyatlar\u0131n\u0131n di\u011fer \u00fclkelere k\u0131yasla daha uygun olmas\u0131 da dikkat \u00e7ekiyor. Bu durumda, T\u00fcrkiye&#8217;deki yat\u0131r\u0131mc\u0131lar, Karada\u011f&#8217;da gayrimenkul sat\u0131\u015f\u0131 yaparak hem yerel pazar\u0131n avantajlar\u0131ndan yararlan\u0131yor hem de daha uygun maliyetlerle yat\u0131r\u0131m yapma imkan\u0131na sahip oluyor. Bu f\u0131rsatlardan faydalanmak i\u00e7in Realty Balkans Emlak, b\u00f6lgedeki mevcut piyasa ko\u015fullar\u0131n\u0131 de\u011ferlendiriyor ve T\u00fcrk yat\u0131r\u0131mc\u0131lara destek sa\u011fl\u0131yor.<\/p>\n<h2><strong>\u2018T\u00fcrk gayrimenkul yat\u0131r\u0131mc\u0131lar\u0131 rotas\u0131n\u0131 Karada\u011f\u2019a \u00e7evirdi.\u2019&nbsp;<\/strong><\/h2>\n<p>T\u00fcrkiye\u2019deki yat\u0131r\u0131mc\u0131lara Karada\u011f\u2019da gayrimenkul sat\u0131\u015f\u0131 yaparak yerel pazar\u0131n avantajlar\u0131ndan yararlanmalar\u0131n\u0131 sa\u011flayan Realty Balkans Emlak, b\u00f6lgedeki mevcut piyasa ko\u015fullar\u0131n\u0131 de\u011ferlendirdi. Karada\u011f\u2019daki gayrimenkul fiyatlar\u0131n\u0131n di\u011fer \u00fclkelere k\u0131yasla daha uygun oldu\u011funa dikkat \u00e7ekerken, h\u00fck\u00fcmetin uluslararas\u0131 yat\u0131r\u0131mc\u0131lar i\u00e7in olu\u015fturdu\u011fu te\u015fvik paketleri hakk\u0131nda&nbsp; da bilgi verdi.<\/p>\n<h2><strong>\u201cKarada\u011f\u2019daki gayrimenkul fiyatlar\u0131 di\u011fer \u00fclkelere k\u0131yasla daha uygun\u201d<\/strong><\/h2>\n<p>Adriyatik Denizi k\u0131y\u0131s\u0131ndaki Balkan \u00fclkesi Karada\u011f&#8217;da, yazl\u0131k ev yat\u0131r\u0131m\u0131 yapmak veya b\u00f6lgeye ta\u015f\u0131nmak isteyen uluslararas\u0131 al\u0131c\u0131lar\u0131n artan talebiyle emlak piyasas\u0131n\u0131n son y\u0131llarda y\u00fckseli\u015fe ge\u00e7ti\u011fini belirten Realty Balkans Emlak\u2019tan gayrimenkul uzman\u0131 Fatih Candan, \u201cKarada\u011f\u2019\u0131n istikrarl\u0131 ekonomisi ve elveri\u015fli konumunun emlak pazar\u0131n\u0131 gelecek y\u0131llarda b\u00fcy\u00fctmesi bekleniyor. D\u00f6rtte biri plajlardan olu\u015fan 295 kilometre sahil \u015feridiyle Karada\u011f, \u00fclkeyi ziyaret eden turistler kadar, gayrimenkul yat\u0131r\u0131m\u0131 yapmak isteyenleri de cezbediyor\u201d dedi.<\/p>\n<p>Fatih Candan s\u00f6zlerine \u015f\u00f6yle devam etti: \u201cKarada\u011f\u2019da yat\u0131r\u0131m yapacaklar i\u00e7in devlet taraf\u0131ndan sunulan \u00e7e\u015fitli destek ve te\u015fvik paketleri var. Karada\u011f h\u00fck\u00fcmeti, emlak piyasas\u0131n\u0131 iyile\u015ftirmek ad\u0131na in\u015faat ruhsat\u0131 almakla ilgili s\u00fcre ve maliyetleri azaltmay\u0131 ama\u00e7layan politikalar uyguluyor. Bu da yat\u0131r\u0131mc\u0131lar\u0131n pazara girmesini kolayla\u015ft\u0131r\u0131yor. Ayr\u0131ca, Karada\u011f&#8217;daki&nbsp; gayrimenkul fiyatlar\u0131n\u0131n \u0130spanya veya \u0130talya gibi di\u011fer Akdeniz destinasyonlar\u0131na k\u0131yasla nispeten uygun olmas\u0131, daha d\u00fc\u015f\u00fck giri\u015f maliyetiyle y\u00fcksek getiri arayan yat\u0131r\u0131mc\u0131lar i\u00e7in b\u00f6lgeyi cazip bir se\u00e7enek haline getiriyor. Biz de Podgorica\u2019daki ofisimiz arac\u0131l\u0131\u011f\u0131yla Karada\u011f\u2019dan ev almak isteyen T\u00fcrkiye\u2019den yat\u0131r\u0131mc\u0131lara t\u00fcm s\u00fcre\u00e7te e\u015flik ediyor, prosed\u00fcrlerin g\u00fcvenli bir \u015fekilde tamamlanmas\u0131n\u0131 sa\u011fl\u0131yoruz.\u201d<\/p>\n<h2><strong>\u201cKarada\u011f, T\u00fcrk turistlerin en \u00e7ok tercih etti\u011fi 3 \u00fclkeden biri\u201d<\/strong><\/h2>\n<p>Portf\u00f6ylerinde 200\u2019e yak\u0131n sat\u0131l\u0131k gayrimenkul bulundu\u011funu vurgulayan Realty Balkans Emlak\u2019tan gayrimenkul uzman\u0131 Fatih Candan, \u201cFiyat\u0131 80 bin eurodan ba\u015flay\u0131p 1 milyon euroya kadar \u00e7\u0131kan ev, villa, i\u015fyeri ve arsalarla m\u00fc\u015fterilerimizin t\u00fcm ihtiya\u00e7lar\u0131n\u0131 en iyi \u015fekilde kar\u015f\u0131l\u0131yoruz. Sat\u0131n ald\u0131klar\u0131 m\u00fclk\u00fc kiralamak isteyenlere de yard\u0131m ediyoruz. Bunun yan\u0131 s\u0131ra gayrimenkul almaya gelen misafirlerimize oturum izni alma, tapu alma, konaklama, araba kiralama gibi konularda da hizmet veriyoruz. D\u00fcnyan\u0131n farkl\u0131 yerlerinden her y\u0131l 3 milyondan fazla turist a\u011f\u0131rlayan, T\u00fcrk turistlerin de en \u00e7ok tercih etti\u011fi 3 \u00fclkeden biri olan Karada\u011f, 2 y\u0131l i\u00e7inde Avrupa Birli\u011fi\u2019ne girmesi bekleniyor. Bu da yereldeki emlak sekt\u00f6r\u00fcn\u00fcn daha da canlanmas\u0131n\u0131n \u00f6n\u00fcn\u00fc a\u00e7acak. Dolay\u0131s\u0131yla \u015fu an mevcut ko\u015fullar\u0131 avantaja \u00e7evirerek, yat\u0131r\u0131m yapmak gerekiyor\u201d \u015feklinde konu\u015ftu.<\/p>\n<p>&nbsp;<\/p>\n","protected":false},"excerpt":{"rendered":"<p>Karada\u011f, T\u00fcrk gayrimenkul yat\u0131r\u0131mc\u0131lar\u0131n\u0131n radar\u0131na girdi. T\u00fcrk gayrimenkul yat\u0131r\u0131mc\u0131lar\u0131 rotas\u0131n\u0131 Karada\u011f\u2019a \u00e7evirdi. T\u00fcrkiye\u2019deki yat\u0131r\u0131mc\u0131lara Karada\u011f\u2019da gayrimenkul sat\u0131\u015f\u0131 yaparak yerel pazar\u0131n avantajlar\u0131ndan yararlanmalar\u0131n\u0131 sa\u011flayan Realty Balkans Emlak, b\u00f6lgedeki mevcut piyasa ko\u015fullar\u0131n\u0131 de\u011ferlendirdi. Karada\u011f\u2019daki gayrimenkul fiyatlar\u0131n\u0131n di\u011fer \u00fclkelere k\u0131yasla daha uygun oldu\u011funa dikkat \u00e7ekerken, h\u00fck\u00fcmetin uluslararas\u0131 yat\u0131r\u0131mc\u0131lar i\u00e7in olu\u015fturdu\u011fu te\u015fvik paketleri hakk\u0131nda&nbsp; da bilgi verdi.&nbsp; T\u00fcrk gayrimenkul [&hellip;]<\/p>\n","protected":false},"author":1,"featured_media":42910,"comment_status":"open","ping_status":"open","sticky":false,"template":"","format":"standard","meta":{"ngg_post_thumbnail":0},"categories":[5388],"tags":[],"_links":{"self":[{"href":"https:\/\/emlaktuel.com\/index.php?rest_route=\/wp\/v2\/posts\/42909"}],"collection":[{"href":"https:\/\/emlaktuel.com\/index.php?rest_route=\/wp\/v2\/posts"}],"about":[{"href":"https:\/\/emlaktuel.com\/index.php?rest_route=\/wp\/v2\/types\/post"}],"author":[{"embeddable":true,"href":"https:\/\/emlaktuel.com\/index.php?rest_route=\/wp\/v2\/users\/1"}],"replies":[{"embeddable":true,"href":"https:\/\/emlaktuel.com\/index.php?rest_route=%2Fwp%2Fv2%2Fcomments&post=42909"}],"version-history":[{"count":1,"href":"https:\/\/emlaktuel.com\/index.php?rest_route=\/wp\/v2\/posts\/42909\/revisions"}],"predecessor-version":[{"id":42911,"href":"https:\/\/emlaktuel.com\/index.php?rest_route=\/wp\/v2\/posts\/42909\/revisions\/42911"}],"wp:featuredmedia":[{"embeddable":true,"href":"https:\/\/emlaktuel.com\/index.php?rest_route=\/wp\/v2\/media\/42910"}],"wp:attachment":[{"href":"https:\/\/emlaktuel.com\/index.php?rest_route=%2Fwp%2Fv2%2Fmedia&parent=42909"}],"wp:term":[{"taxonomy":"category","embeddable":true,"href":"https:\/\/emlaktuel.com\/index.php?rest_route=%2Fwp%2Fv2%2Fcategories&post=42909"},{"taxonomy":"post_tag","embeddable":true,"href":"https:\/\/emlaktuel.com\/index.php?rest_route=%2Fwp%2Fv2%2Ftags&post=42909"}],"curies":[{"name":"wp","href":"https:\/\/api.w.org\/{rel}","templated":true}]}}