{"id":42834,"date":"2023-06-22T11:55:47","date_gmt":"2023-06-22T08:55:47","guid":{"rendered":"https:\/\/emlaktuel.com\/?p=42834"},"modified":"2023-06-22T11:52:43","modified_gmt":"2023-06-22T08:52:43","slug":"polat-gayrimenkluden-akatlara-yeni-proje-polat-akatlar","status":"publish","type":"post","link":"https:\/\/emlaktuel.com\/?p=42834","title":{"rendered":"Polat Gayrimenkul&#8217;den Akatlar&#8217;a yeni proje; Polat Akatlar!"},"content":{"rendered":"<p>POLAT GAYR\u0130MENKUL\u2019DEN AKATLAR\u2019A YEN\u0130 PROJE:<br \/>\nPOLAT AKATLAR!<br \/>\nT\u00fcrkiye\u2019de ve d\u00fcnyada gayrimenkul yat\u0131r\u0131mlar\u0131na h\u0131z kesmeden devam eden Polat Holding, Polat Gayrimenkul b\u00fcnyesinde ger\u00e7ekle\u015ftirdi\u011fi yeni projesi Polat Akatlar\u2019\u0131 \u0130stanbul\u2019un en nezih semti Akatlar\u2019da hayata ge\u00e7iriyor. Polat Akatlar, faaliyet g\u00f6sterdi\u011fi sekt\u00f6rlerde liderli\u011fi , g\u00fcvenilirli\u011fi ve sayg\u0131nl\u0131\u011f\u0131yla \u00f6ne \u00e7\u0131kan Polat Holding\u2019in Y\u00f6netim Kurulu Ba\u015fkan\u0131 Adnan Polat ve Polat Gayrimenkul \u0130cradan Sorumlu Y\u00f6netim Kurulu \u00dcyesi Kaan Y\u00fccel ev sahipli\u011finde bas\u0131n toplant\u0131s\u0131 ile tan\u0131t\u0131ld\u0131. \u0130stanbul\u2019un kalbinde olup \u015fehrin karma\u015fas\u0131ndan uzak bir noktada konumlanan Polat Akatlar, Polat Gayrimenkul\u2019\u00fcn yeni l\u00fcks ofis-rezidans projesi olarak g\u00fc\u00e7l\u00fc bir yat\u0131r\u0131m de\u011feri ta\u015f\u0131yor.<br \/>\nPolat g\u00fcvencesi ile hayata ge\u00e7irilmeye ba\u015flanan l\u00fcks ofis-rezidans projesi Polat Akatlar\u2019\u0131n tan\u0131t\u0131m\u0131, Polat Holding Y\u00f6netim Kurulu Ba\u015fkan\u0131 Adnan Polat ve Polat Gayrimenkul \u0130cradan Sorumlu Y\u00f6netim Kurulu \u00dcyesi Kaan Y\u00fccel taraf\u0131ndan d\u00fczenlenen toplant\u0131da ger\u00e7ekle\u015fti.<br \/>\nPolat Akatlar sat\u0131\u015f ofisinde ger\u00e7ekle\u015fen toplant\u0131da Polat Holding Y\u00f6netim Kurulu Ba\u015fkan\u0131 Adnan Polat; \u201d\u0130stanbul\u2019un en merkezi ama bir o kadar da nezih lokasyonunda, bu ayr\u0131cal\u0131kl\u0131 ve konforlu projeyi hayata ge\u00e7irmekten dolay\u0131 \u00e7ok mutluyuz.\u00d6zellikle s\u00fcrekli deprem tehtidi alt\u0131nda ya\u015fayan \u0130stanbul\u2019a depreme dayan\u0131kl\u0131, modern ve \u015fehrin dinamikleri ile uyumlu binalar kazand\u0131rmak \u00e7ok \u00f6nemli. Hem i\u00e7inde ya\u015fayanlar\u0131n hem de semt sakinlerinin ya\u015fam standartlar\u0131n\u0131 yukar\u0131ya \u00e7ekecek olan Polat Akatlar ile T\u00fcrk ekonomisine katk\u0131lar\u0131m\u0131z\u0131 art\u0131rmay\u0131 hedefliyoruz. Polat Akatlar projemizin ikonik \u00e7ehresi ve fasiliteleri ile semte kataca\u011f\u0131 \u00e7ok \u015fey var \u2018\u2019 dedi.<br \/>\nKONFORUN \u00dcST D\u00dcZEYDE OLDU\u011eU OF\u0130S REZ\u0130DANS PROJES\u0130<br \/>\nPolat Gayrimenkul \u0130cradan Sorumlu Y\u00f6netim Kurulu \u00dcyesi Kaan Y\u00fccel, toplant\u0131da \u2018\u2019\u015eehrin en merkezi ve en nezih b\u00f6lgelerinden biri olan Akatlar\u2019da hayata ge\u00e7irdi\u011fimiz Polat Akatlar, b\u00f6lgede mevcutta bulunan eski bina sto\u011funun tersine depreme kar\u015f\u0131 dayan\u0131kl\u0131l\u0131\u011f\u0131, dikkat \u00e7ekici \u015f\u0131k mimarisi ve modern fasiliteleri ile Akatlar\u2019\u0131n en yeni ve en dikkat \u00e7ekici projesi. Bu projeyi yarat\u0131rken \u00f6zellikle Polat Akatlar sakinlerinin her daim Akatlar\u2019\u0131n yemye\u015fil caddeleri ve sokaklar\u0131n\u0131 g\u00f6rmeleri ve temiz havay\u0131 soluyabilmeleri i\u00e7in tavandan yere kadar camlar planlad\u0131k. \u0130steyenler bu manzaray\u0131 her dairede yer alan t\u00fcrk ya da frans\u0131z tipi balkon sayesinde seyredebilecek, isteyenlerse teras kat\u0131nda bulunan 165 metrekarelik lounge alan\u0131 ve 75 metrekarelik \u00e7ocuk oyun alan\u0131nda atmosferi hissedebilecekler. Polat Akatlar\u2019\u0131n bir di\u011fer \u00f6nemli \u00f6zelli\u011fi de ya\u015fam alan\u0131n\u0131 ofise d\u00f6n\u00fc\u015ft\u00fcren ve her dairede bulunan \u00e7al\u0131\u015fma alanlar\u0131. Polat Akatlar, 1+1, 2+1, 3+1 se\u00e7enekleri ile toplam 112 dairesi, \u00f6zellikli cephesi, g\u00fcne\u015flenme teras\u0131, ortak alanlar\u0131, ticari alanlar\u0131, her metrekaresi kullan\u0131\u015fl\u0131 ve farkl\u0131 ihtiya\u00e7lara hitap edecek \u015fekilde planlanm\u0131\u015f i\u00e7 dizayn\u0131 ile Akatlar\u2019da ya\u015fam kalitesini zirvede ya\u015famak isteyenlerin tercihi olacak\u2019\u2019 dedi.<br \/>\nPolat Akatlar metropol ya\u015fam\u0131n\u0131n son y\u0131llarda de\u011fi\u015fen b\u00fct\u00fcn dinamiklerine cevap verirken semtin yap\u0131s\u0131nda bulunan yemye\u015fil caddelerin t\u00fcm enerjisini kucakl\u0131yor. TEM Otoyolu, D100 karayolu ve 15 Temmuz \u015eehitler K\u00f6pr\u00fcs\u00fc ba\u011flant\u0131lar\u0131na yak\u0131n konumu, Maslak ve Levent hatt\u0131ndaki i\u015f ve al\u0131\u015fveri\u015f merkezlerine yak\u0131nl\u0131\u011f\u0131 sayesinde \u0130stanbul\u2019un en tercih edilen lokasyonlar\u0131ndan biri oluyor.<\/p>\n<p>PRAT\u0130K VE FARKLI \u0130HT\u0130YA\u00c7LARA H\u0130TAP EDEN DA\u0130RELER<br \/>\nProjenin i\u00e7erisinde yer alan tavandan yere kadar uzanan camlar, g\u00fcn \u0131\u015f\u0131\u011f\u0131ndan maximum seviyede yararlanmay\u0131 sa\u011fl\u0131yor. Her daireye \u00f6zel olan depolama alan\u0131, 24 saat kesintisiz enerji ve g\u00fcvenlik hizmeti , 7 katl\u0131 kapal\u0131 otoparktan dairelere direkt ula\u015f\u0131m olana\u011f\u0131 ile \u015fehrin g\u00fcr\u00fclt\u00fcs\u00fcnden uzak ama \u015fehrin tam kalbinde yer alan Polat Akatlar, isteyene hayat\u0131n\u0131 de\u011fi\u015ftirece\u011fi yeni bir ev adresi, isteyene gelece\u011fe yat\u0131r\u0131m imk\u00e2n\u0131 sunuyor. \u00d6zel tasar\u0131m a\u00e7\u0131k mutfakl\u0131, \u00e7al\u0131\u015fma \u00fcniteli, yerden \u0131s\u0131tmal\u0131, beyaz e\u015fyal\u0131 ve her zevke y\u00f6nelik renk se\u00e7enekleri ile Polat Akatlar\u2019da toplam 112 daire ve ticari alan yeni sahiplerini bekliyor.<\/p>\n","protected":false},"excerpt":{"rendered":"<p>POLAT GAYR\u0130MENKUL\u2019DEN AKATLAR\u2019A YEN\u0130 PROJE: POLAT AKATLAR! T\u00fcrkiye\u2019de ve d\u00fcnyada gayrimenkul yat\u0131r\u0131mlar\u0131na h\u0131z kesmeden devam eden Polat Holding, Polat Gayrimenkul b\u00fcnyesinde ger\u00e7ekle\u015ftirdi\u011fi yeni projesi Polat Akatlar\u2019\u0131 \u0130stanbul\u2019un en nezih semti Akatlar\u2019da hayata ge\u00e7iriyor. Polat Akatlar, faaliyet g\u00f6sterdi\u011fi sekt\u00f6rlerde liderli\u011fi , g\u00fcvenilirli\u011fi ve sayg\u0131nl\u0131\u011f\u0131yla \u00f6ne \u00e7\u0131kan Polat Holding\u2019in Y\u00f6netim Kurulu Ba\u015fkan\u0131 Adnan Polat ve Polat Gayrimenkul [&hellip;]<\/p>\n","protected":false},"author":1,"featured_media":42835,"comment_status":"open","ping_status":"open","sticky":false,"template":"","format":"standard","meta":{"ngg_post_thumbnail":0},"categories":[221,5388],"tags":[17134,17133,17132],"_links":{"self":[{"href":"https:\/\/emlaktuel.com\/index.php?rest_route=\/wp\/v2\/posts\/42834"}],"collection":[{"href":"https:\/\/emlaktuel.com\/index.php?rest_route=\/wp\/v2\/posts"}],"about":[{"href":"https:\/\/emlaktuel.com\/index.php?rest_route=\/wp\/v2\/types\/post"}],"author":[{"embeddable":true,"href":"https:\/\/emlaktuel.com\/index.php?rest_route=\/wp\/v2\/users\/1"}],"replies":[{"embeddable":true,"href":"https:\/\/emlaktuel.com\/index.php?rest_route=%2Fwp%2Fv2%2Fcomments&post=42834"}],"version-history":[{"count":2,"href":"https:\/\/emlaktuel.com\/index.php?rest_route=\/wp\/v2\/posts\/42834\/revisions"}],"predecessor-version":[{"id":42837,"href":"https:\/\/emlaktuel.com\/index.php?rest_route=\/wp\/v2\/posts\/42834\/revisions\/42837"}],"wp:featuredmedia":[{"embeddable":true,"href":"https:\/\/emlaktuel.com\/index.php?rest_route=\/wp\/v2\/media\/42835"}],"wp:attachment":[{"href":"https:\/\/emlaktuel.com\/index.php?rest_route=%2Fwp%2Fv2%2Fmedia&parent=42834"}],"wp:term":[{"taxonomy":"category","embeddable":true,"href":"https:\/\/emlaktuel.com\/index.php?rest_route=%2Fwp%2Fv2%2Fcategories&post=42834"},{"taxonomy":"post_tag","embeddable":true,"href":"https:\/\/emlaktuel.com\/index.php?rest_route=%2Fwp%2Fv2%2Ftags&post=42834"}],"curies":[{"name":"wp","href":"https:\/\/api.w.org\/{rel}","templated":true}]}}